{"id":990,"date":"2024-02-06T18:13:57","date_gmt":"2024-02-06T21:13:57","guid":{"rendered":"https:\/\/produba.com\/?p=990"},"modified":"2024-02-06T18:13:57","modified_gmt":"2024-02-06T21:13:57","slug":"el-municipio-de-junin-continuara-con-el-apoyo-a-emprendedores-durante-2024","status":"publish","type":"post","link":"https:\/\/produba.com\/index.php\/2024\/02\/06\/el-municipio-de-junin-continuara-con-el-apoyo-a-emprendedores-durante-2024\/","title":{"rendered":"El municipio de Jun\u00edn continuar\u00e1 con el apoyo a emprendedores durante 2024"},"content":{"rendered":"\n<h5>El gobierno juninense anunci\u00f3 la continuidad de pol\u00edticas de acompa\u00f1amiento a emprendedores locales para el a\u00f1o en curso. Durante 2023, fueron beneficiados m\u00e1s 700 vecinos por un valor cercano a los 55 millones de pesos.<\/h5>\n\n\n\n<p>El gobierno del municipio de Jun\u00edn, a trav\u00e9s del \u00e1rea de Producci\u00f3n, brind\u00f3 detalles de lo trabajado durante el 2023 respecto al fomento y acompa\u00f1amiento a los emprendedores locales. Tambi\u00e9n se indic\u00f3 que se continuar\u00e1 trabajando en esa l\u00ednea durante el presente a\u00f1o.<\/p>\n\n\n\n<p>Dicha pol\u00edtica se basa en tres ejes fundamentales que son: las capacitaciones, que en 2023 llegaron a m\u00e1s de 500 emprendedores; la generaci\u00f3n de m\u00e1s oportunidades de venta, con la promoci\u00f3n y participaci\u00f3n en diferentes eventos masivos y tambi\u00e9n impulsando la web en el sitio www.compra.junin.gob.ar; y finalmente, el programa de microcr\u00e9ditos, mediante el cual la gesti\u00f3n del intendente Pablo Petrecca lleva destinados m\u00e1s de 55 millones de pesos.<\/p>\n\n\n\n<p>Desde el Ejecutivo municipal dejaron claro que, durante el 2024, la decisi\u00f3n del gobierno juninense es profundizar esta pol\u00edtica. Para ello articularon con el Club de Emprendedores, espacio donde se centraliza el v\u00ednculo con el sector y se concretan las pol\u00edticas mencionadas, generando propuestas y acompa\u00f1ando.<\/p>\n\n\n\n<p>Tambi\u00e9n informaron que todos los vecinos que llevan adelante un emprendimiento o tienen pensando poner en marcha uno nuevo, a acercarse a Espa\u00f1a 37, donde funciona el club, o comunicarse mediante WhatsApp al 2364-225199.<\/p>\n\n\n\n<figure class=\"wp-block-image size-large\"><img decoding=\"async\" width=\"1024\" height=\"768\" src=\"https:\/\/produba.com\/wp-content\/uploads\/2024\/01\/petrecca_con_emprendedores_2-1024x768.jpg\" alt=\"\" class=\"wp-image-939\" srcset=\"https:\/\/produba.com\/wp-content\/uploads\/2024\/01\/petrecca_con_emprendedores_2-1024x768.jpg 1024w, https:\/\/produba.com\/wp-content\/uploads\/2024\/01\/petrecca_con_emprendedores_2-300x225.jpg 300w, https:\/\/produba.com\/wp-content\/uploads\/2024\/01\/petrecca_con_emprendedores_2-768x576.jpg 768w, https:\/\/produba.com\/wp-content\/uploads\/2024\/01\/petrecca_con_emprendedores_2-1536x1152.jpg 1536w, https:\/\/produba.com\/wp-content\/uploads\/2024\/01\/petrecca_con_emprendedores_2-1440x1080.jpg 1440w, https:\/\/produba.com\/wp-content\/uploads\/2024\/01\/petrecca_con_emprendedores_2-1200x900.jpg 1200w, https:\/\/produba.com\/wp-content\/uploads\/2024\/01\/petrecca_con_emprendedores_2-780x585.jpg 780w, https:\/\/produba.com\/wp-content\/uploads\/2024\/01\/petrecca_con_emprendedores_2-600x450.jpg 600w, https:\/\/produba.com\/wp-content\/uploads\/2024\/01\/petrecca_con_emprendedores_2-550x413.jpg 550w, https:\/\/produba.com\/wp-content\/uploads\/2024\/01\/petrecca_con_emprendedores_2-370x278.jpg 370w, https:\/\/produba.com\/wp-content\/uploads\/2024\/01\/petrecca_con_emprendedores_2-255x191.jpg 255w, https:\/\/produba.com\/wp-content\/uploads\/2024\/01\/petrecca_con_emprendedores_2.jpg 1600w\" sizes=\"(max-width: 1024px) 100vw, 1024px\" \/><\/figure>\n\n\n\n<p>A prop\u00f3sito de esto, Angelina Tomasella, coordinadora del Club de Emprendedores del Gobierno de Jun\u00edn, indic\u00f3: <em>\u201cEl 2023 fue un a\u00f1o muy integrado y movido, tuvimos muchas propuestas, diversas e interesantes, todos los meses pudimos generar espacios nuevos para quienes integran este Club, es algo que nos llena de felicidad porque los resultados fueron positivos siempre\u201d<\/em>.<\/p>\n\n\n\n<p><em>\u201cUna de las cosas m\u00e1s importantes, y que quiz\u00e1 tuvo m\u00e1s alcance a los emprendedores fueron los espacios donde se desarrollaron las ferias, fueron muchas a las cuales nos sumamos, tanto las que estuvieron organizadas exclusivamente desde el Club de Emprendedores, como quiz\u00e1s las que se ofrec\u00edan desde otras \u00e1reas del Municipio, esto gener\u00f3 mucha satisfacci\u00f3n y crecimiento en los emprendedores y artesanos\u201d<\/em>, afirm\u00f3 y luego continu\u00f3: <em>\u201cNo s\u00f3lo por la posibilidad de vender sino por mostrar sus productos al p\u00fablico, generar un nuevo contacto con el cliente, y entablar esa conversaci\u00f3n un poco m\u00e1s cercana con el vecino\u201d<\/em>.<\/p>\n\n\n\n<p>Seguidamente, la Coordinadora se\u00f1al\u00f3: <em>\u201cActualmente son alrededor de 700 emprendedores activos que leen los mensajes de difusi\u00f3n o que est\u00e1n siempre en contacto con nosotros, aproximadamente 500 est\u00e1n inscriptos en Compra en Jun\u00edn desde que comenz\u00f3 la iniciativa\u201d<\/em>.<\/p>\n\n\n\n<p>En otro orden, Tomasella se refiri\u00f3 a los espacios de capacitaci\u00f3n que se brindaron y especific\u00f3 que <em>\u201cesta fue una propuesta que tuvo much\u00edsimo alcance, fueron varias las capacitaciones que logramos coordinar, con temas sumamente importante para que los emprendedores puedan ordenar, mejorar y expandir sus emprendimientos. En todas hemos tenido siempre una muy buena convocatoria&#8221;<\/em>.&nbsp;<\/p>\n\n\n\n<p><em>\u201cLas tem\u00e1ticas fueron muy variadas, siempre con alg\u00fan profesional diferente a cargo que vino a brindarnos sus conocimientos de manera desinteresada, y esto es algo a destacar, siempre tratamos de incluir al sector privado, ya sea desde incluirlos en una capacitaci\u00f3n o quiz\u00e1s en el acceso a las herramientas a trav\u00e9s de los microcr\u00e9ditos, estamos en contacto siempre, conversando siempre para poder realmente ayudar al emprendedor desde el lugar que nos toca\u201d<\/em>, resalt\u00f3.<\/p>\n\n\n\n<p>A su vez subray\u00f3 que <em>\u201cver que los emprendedores tengan la posibilidad de aplicar los conocimientos que se llevan a cada uno de sus proyectos es algo que nos pone muy contentos y ver luego en cada emprendimiento c\u00f3mo van sumando esas t\u00e9cnicas es gratificante\u201d<\/em>.<\/p>\n\n\n\n<p>El programa de microcr\u00e9ditos, herramienta que el Gobierno de Jun\u00edn pone a disposici\u00f3n de los emprendedores para acompa\u00f1arlos en la compra de insumos o herramientas, se trata de una medida caracter\u00edstica de la gesti\u00f3n municipal del intendente Pablo Petrecca, impulsada en \u00e9poca de pandemia y que tiene el objetivo de incluir y robustecer el entramado productivo local, consolidar proyectos sustentables y promover la generaci\u00f3n de nuevos puestos de trabajo.&nbsp;<\/p>\n\n\n\n<p>En este punto, Tomasella se\u00f1al\u00f3 al respecto que <em>&#8220;desde la implementaci\u00f3n de este programa, ya se han otorgado m\u00e1s de 55 millones de pesos, con los cuales se financi\u00f3 a alrededor de 600 emprendimientos. Tambi\u00e9n es para destacar que m\u00e1s del 95% de esos fondos se utilizaron en comercios locales, lo que representa un importante acompa\u00f1amiento a este sector de Jun\u00edn&#8221;<\/em>.<\/p>\n\n\n\n<figure class=\"wp-block-image size-large\"><img decoding=\"async\" width=\"1024\" height=\"768\" src=\"https:\/\/produba.com\/wp-content\/uploads\/2024\/02\/Petrecca-Feria-Compra-en-Junin-3-1024x768.jpg\" alt=\"\" class=\"wp-image-992\" srcset=\"https:\/\/produba.com\/wp-content\/uploads\/2024\/02\/Petrecca-Feria-Compra-en-Junin-3-1024x768.jpg 1024w, https:\/\/produba.com\/wp-content\/uploads\/2024\/02\/Petrecca-Feria-Compra-en-Junin-3-300x225.jpg 300w, https:\/\/produba.com\/wp-content\/uploads\/2024\/02\/Petrecca-Feria-Compra-en-Junin-3-768x576.jpg 768w, https:\/\/produba.com\/wp-content\/uploads\/2024\/02\/Petrecca-Feria-Compra-en-Junin-3-780x585.jpg 780w, https:\/\/produba.com\/wp-content\/uploads\/2024\/02\/Petrecca-Feria-Compra-en-Junin-3-600x450.jpg 600w, https:\/\/produba.com\/wp-content\/uploads\/2024\/02\/Petrecca-Feria-Compra-en-Junin-3-550x413.jpg 550w, https:\/\/produba.com\/wp-content\/uploads\/2024\/02\/Petrecca-Feria-Compra-en-Junin-3-370x278.jpg 370w, https:\/\/produba.com\/wp-content\/uploads\/2024\/02\/Petrecca-Feria-Compra-en-Junin-3-255x191.jpg 255w, https:\/\/produba.com\/wp-content\/uploads\/2024\/02\/Petrecca-Feria-Compra-en-Junin-3.jpg 1040w\" sizes=\"(max-width: 1024px) 100vw, 1024px\" \/><\/figure>\n\n\n\n<p>Otra de las herramientas que el Gobierno de Jun\u00edn tiene a disposici\u00f3n de los emprendedores es el portal www.compra.junin.gob.ar, una p\u00e1gina web donde cada uno de ellos puede ofrecer sus productos y poner a disposici\u00f3n toda su informaci\u00f3n y sus contactos. Esto les genera un canal muy importante de ventas, ya que a trav\u00e9s del mismo los juninenses pueden conocer y adquirir productos de muy buena calidad, hechos por manos juninenses y a muy buen precio.<\/p>\n\n\n\n<p>Desde este espacio, adem\u00e1s, se impulsan promociones muy interesantes para fechas especiales, como pueden ser el D\u00eda de la Madre, el Padre, Navidad o el D\u00eda de los Enamorados, que es el pr\u00f3ximo 14 de febrero y ya se pueden ver promociones y ofertas muy interesantes.<\/p>\n\n\n\n<p>Para finalizar, Angelina Tomasella habl\u00f3 sobre la planificaci\u00f3n del 2024 y declar\u00f3 que <em>\u201cse vienen cosas realmente interesantes, propuestas enriquecedoras. La idea es seguir generando propuestas, intensificar las capacitaciones y buscar un nuevo espacio de intercambio y acompa\u00f1amiento entre emprendedores para poder sobrellevar un a\u00f1o que va a ser complejo, queremos generar un lugar de apoyo, donde entre todos podamos ayudarnos\u201d<\/em>.<\/p>\n\n\n\n<p>Para concluir, Tomasella invit\u00f3 <em>\u201ca todos aquellos vecinos juninenses que quieran sumarse al Club de Emprendedores del Municipio, pueden acercarse a Espa\u00f1a 37 o escribimos por WhatsApp al 2364-225199, all\u00ed nos pondremos a disposici\u00f3n con todas las herramientas que contamos, siempre con el objetivo trazado por el Intendente de Petrecca de fortalecer y acompa\u00f1ar a los emprendedores locales&#8221;<\/em>.<\/p>\n","protected":false},"excerpt":{"rendered":"<p>El gobierno juninense anunci\u00f3 la continuidad de pol\u00edticas de acompa\u00f1amiento a emprendedores locales para el a\u00f1o en curso. Durante 2023, fueron beneficiados m\u00e1s 700 vecinos por un valor cercano a los 55 millones de pesos. El gobierno del municipio de Jun\u00edn, a trav\u00e9s del \u00e1rea de Producci\u00f3n, brind\u00f3 detalles de lo trabajado durante el 2023 &#8230;<\/p>\n","protected":false},"author":1,"featured_media":991,"comment_status":"closed","ping_status":"closed","sticky":false,"template":"","format":"standard","meta":{"loftocean_post_format_gallery":"","loftocean_post_format_gallery_ids":"","loftocean_post_format_gallery_urls":"","loftocean_post_format_video_id":0,"loftocean_post_format_video_url":"","loftocean_post_format_video_type":"","loftocean_post_format_video":"","loftocean_post_format_audio_type":"","loftocean_post_format_audio_url":"","loftocean_post_format_audio_id":0,"loftocean_post_format_audio":"","loftocean-featured-post":"","loftocean-like-count":0,"loftocean-view-count":307,"loftocean_coauthors":"","alpaca_post_content_reading_setting":"","alpaca_reading_speed_per_minute":0,"alpaca_reading_speed_unit":"","alpaca_single_post_template_layout":""},"categories":[7,6,3],"tags":[117,163,164,65],"loftoceanMetas":{"readingTime":"4 minutos de lectura","authorName":"ProduBA","categories":[{"name":"Inter\u00e9s General","link":"https:\/\/produba.com\/index.php\/category\/interes_general\/","count":121},{"name":"Municipios","link":"https:\/\/produba.com\/index.php\/category\/municipios\/","count":381},{"name":"Producci\u00f3n","link":"https:\/\/produba.com\/index.php\/category\/produccion\/","count":404}],"date":"6 de febrero de 2024","featuredImageSRC":"https:\/\/produba.com\/wp-content\/uploads\/2024\/02\/junin_petrecca_con_emprendedores_2_0-150x150.jpg"},"_links":{"self":[{"href":"https:\/\/produba.com\/index.php\/wp-json\/wp\/v2\/posts\/990"}],"collection":[{"href":"https:\/\/produba.com\/index.php\/wp-json\/wp\/v2\/posts"}],"about":[{"href":"https:\/\/produba.com\/index.php\/wp-json\/wp\/v2\/types\/post"}],"author":[{"embeddable":true,"href":"https:\/\/produba.com\/index.php\/wp-json\/wp\/v2\/users\/1"}],"replies":[{"embeddable":true,"href":"https:\/\/produba.com\/index.php\/wp-json\/wp\/v2\/comments?post=990"}],"version-history":[{"count":1,"href":"https:\/\/produba.com\/index.php\/wp-json\/wp\/v2\/posts\/990\/revisions"}],"predecessor-version":[{"id":993,"href":"https:\/\/produba.com\/index.php\/wp-json\/wp\/v2\/posts\/990\/revisions\/993"}],"wp:featuredmedia":[{"embeddable":true,"href":"https:\/\/produba.com\/index.php\/wp-json\/wp\/v2\/media\/991"}],"wp:attachment":[{"href":"https:\/\/produba.com\/index.php\/wp-json\/wp\/v2\/media?parent=990"}],"wp:term":[{"taxonomy":"category","embeddable":true,"href":"https:\/\/produba.com\/index.php\/wp-json\/wp\/v2\/categories?post=990"},{"taxonomy":"post_tag","embeddable":true,"href":"https:\/\/produba.com\/index.php\/wp-json\/wp\/v2\/tags?post=990"}],"curies":[{"name":"wp","href":"https:\/\/api.w.org\/{rel}","templated":true}]}}