{"id":872,"date":"2023-11-07T12:00:20","date_gmt":"2023-11-07T15:00:20","guid":{"rendered":"https:\/\/produba.com\/?p=872"},"modified":"2023-11-08T14:58:49","modified_gmt":"2023-11-08T17:58:49","slug":"comienza-la-expo-lujan-2023-la-feria-de-produccion-local","status":"publish","type":"post","link":"https:\/\/produba.com\/index.php\/2023\/11\/07\/comienza-la-expo-lujan-2023-la-feria-de-produccion-local\/","title":{"rendered":"Se puso en marcha la Expo Luj\u00e1n 2023, la feria de producci\u00f3n local"},"content":{"rendered":"\n<h5>En el marco de la muestra que nuclea a los productores y comerciantes lujanenses, adem\u00e1s se presentar\u00e1 el Plan de Desarrollo Productivo 2030 del Partido de Luj\u00e1n.<\/h5>\n\n\n\n<p><strong>Comenz\u00f3 la Expo Luj\u00e1n 202<\/strong>3, una propuesta que re\u00fane a los distintos sectores productivos locales con el objetivo de posicionar al distrito lujanense como un centro estrat\u00e9gico para el desarrollo y el crecimiento de industrias y comercios.<\/p>\n\n\n\n<p>Con entrada libre y gratuita, desde el Municipio de Luj\u00e1n se invit\u00f3 a la comunidad a participar de la exposici\u00f3n que se realizar\u00e1 este martes y mi\u00e9rcoles en el Parque San Mart\u00edn. Las actividades se desarrollar\u00e1n entre las 12 y las 20.<\/p>\n\n\n\n<p>Expo Luj\u00e1n 2023 cuenta con m\u00e1s de 50 stands de empresas locales, presentaciones de programas nacionales, provinciales y municipales, conferencias de especialistas sobre tem\u00e1ticas del sector productivo, adem\u00e1s de un patio gastron\u00f3mico y actividades recreativas y culturales para toda la familia.<\/p>\n\n\n\n<p>Este mi\u00e9rcoles <strong>se presentar\u00e1 el Plan de Desarrollo Productivo 2030 del Partido de Luj\u00e1n<\/strong> y se dispondr\u00e1 un espacio especial para realizar reuniones privadas entre empresas.<\/p>\n\n\n\n<p><em>\u201cRetomando aquella vieja propuesta que tan buenos recuerdos dej\u00f3 en los lujanenses, la Expo Luj\u00e1n 2023 convoca a todos los actores de la producci\u00f3n y el trabajo a tomar un rol activo en el desarrollo del Partido de Luj\u00e1n. Por eso la pensamos como una feria de nuestras fuerzas productivas, pero tambi\u00e9n como un punto de encuentro para potenciar v\u00ednculos y construir consensos que nos permitan encarar los desaf\u00edos del futuro\u201d<\/em>, expres\u00f3 el secretario de Desarrollo Productivo, Juan Pablo Redondo.<\/p>\n\n\n\n<p>La exposici\u00f3n es organizada por el Municipio de Luj\u00e1n con el apoyo del Consejo Federal de Inversiones, la C\u00e1mara de la Industria, Comercio y Servicios de Luj\u00e1n, la C\u00e1mara de la Industria Textil, la C\u00e1mara de Turismo de Luj\u00e1n, entre otras instituciones.<\/p>\n\n\n\n<p>Cronograma de actividades:<\/p>\n\n\n\n<figure class=\"wp-block-image size-large\"><img decoding=\"async\" width=\"820\" height=\"1024\" src=\"https:\/\/produba.com\/wp-content\/uploads\/2023\/11\/expo-lujan-2-820x1024.jpg\" alt=\"\" class=\"wp-image-874\" srcset=\"https:\/\/produba.com\/wp-content\/uploads\/2023\/11\/expo-lujan-2-820x1024.jpg 820w, https:\/\/produba.com\/wp-content\/uploads\/2023\/11\/expo-lujan-2-240x300.jpg 240w, https:\/\/produba.com\/wp-content\/uploads\/2023\/11\/expo-lujan-2-768x959.jpg 768w, https:\/\/produba.com\/wp-content\/uploads\/2023\/11\/expo-lujan-2-1230x1536.jpg 1230w, https:\/\/produba.com\/wp-content\/uploads\/2023\/11\/expo-lujan-2-1200x1498.jpg 1200w, https:\/\/produba.com\/wp-content\/uploads\/2023\/11\/expo-lujan-2-780x974.jpg 780w, https:\/\/produba.com\/wp-content\/uploads\/2023\/11\/expo-lujan-2-600x749.jpg 600w, https:\/\/produba.com\/wp-content\/uploads\/2023\/11\/expo-lujan-2-550x687.jpg 550w, https:\/\/produba.com\/wp-content\/uploads\/2023\/11\/expo-lujan-2-370x462.jpg 370w, https:\/\/produba.com\/wp-content\/uploads\/2023\/11\/expo-lujan-2-255x318.jpg 255w, https:\/\/produba.com\/wp-content\/uploads\/2023\/11\/expo-lujan-2.jpg 1440w\" sizes=\"(max-width: 820px) 100vw, 820px\" \/><\/figure>\n\n\n\n<figure class=\"wp-block-image size-large\"><img decoding=\"async\" width=\"820\" height=\"1024\" src=\"https:\/\/produba.com\/wp-content\/uploads\/2023\/11\/expo-lujan-3-820x1024.jpg\" alt=\"\" class=\"wp-image-875\" srcset=\"https:\/\/produba.com\/wp-content\/uploads\/2023\/11\/expo-lujan-3-820x1024.jpg 820w, https:\/\/produba.com\/wp-content\/uploads\/2023\/11\/expo-lujan-3-240x300.jpg 240w, https:\/\/produba.com\/wp-content\/uploads\/2023\/11\/expo-lujan-3-768x959.jpg 768w, https:\/\/produba.com\/wp-content\/uploads\/2023\/11\/expo-lujan-3-1230x1536.jpg 1230w, https:\/\/produba.com\/wp-content\/uploads\/2023\/11\/expo-lujan-3-1200x1498.jpg 1200w, https:\/\/produba.com\/wp-content\/uploads\/2023\/11\/expo-lujan-3-780x974.jpg 780w, https:\/\/produba.com\/wp-content\/uploads\/2023\/11\/expo-lujan-3-600x749.jpg 600w, https:\/\/produba.com\/wp-content\/uploads\/2023\/11\/expo-lujan-3-550x687.jpg 550w, https:\/\/produba.com\/wp-content\/uploads\/2023\/11\/expo-lujan-3-370x462.jpg 370w, https:\/\/produba.com\/wp-content\/uploads\/2023\/11\/expo-lujan-3-255x318.jpg 255w, https:\/\/produba.com\/wp-content\/uploads\/2023\/11\/expo-lujan-3.jpg 1440w\" sizes=\"(max-width: 820px) 100vw, 820px\" \/><\/figure>\n","protected":false},"excerpt":{"rendered":"<p>En el marco de la muestra que nuclea a los productores y comerciantes lujanenses, adem\u00e1s se presentar\u00e1 el Plan de Desarrollo Productivo 2030 del Partido de Luj\u00e1n. Comenz\u00f3 la Expo Luj\u00e1n 2023, una propuesta que re\u00fane a los distintos sectores productivos locales con el objetivo de posicionar al distrito lujanense como un centro estrat\u00e9gico para &#8230;<\/p>\n","protected":false},"author":1,"featured_media":873,"comment_status":"closed","ping_status":"closed","sticky":false,"template":"","format":"standard","meta":{"loftocean_post_format_gallery":"","loftocean_post_format_gallery_ids":"","loftocean_post_format_gallery_urls":"","loftocean_post_format_video_id":0,"loftocean_post_format_video_url":"","loftocean_post_format_video_type":"","loftocean_post_format_video":"","loftocean_post_format_audio_type":"","loftocean_post_format_audio_url":"","loftocean_post_format_audio_id":0,"loftocean_post_format_audio":"","loftocean-featured-post":"","loftocean-like-count":0,"loftocean-view-count":309,"loftocean_coauthors":"","alpaca_post_content_reading_setting":"","alpaca_reading_speed_per_minute":0,"alpaca_reading_speed_unit":"","alpaca_single_post_template_layout":""},"categories":[4,7,6,3],"tags":[162,152,65],"loftoceanMetas":{"readingTime":"2 minutos de lectura","authorName":"ProduBA","categories":[{"name":"Desarrollo Local","link":"https:\/\/produba.com\/index.php\/category\/desarrollo_local\/","count":201},{"name":"Inter\u00e9s General","link":"https:\/\/produba.com\/index.php\/category\/interes_general\/","count":121},{"name":"Municipios","link":"https:\/\/produba.com\/index.php\/category\/municipios\/","count":383},{"name":"Producci\u00f3n","link":"https:\/\/produba.com\/index.php\/category\/produccion\/","count":406}],"date":"7 de noviembre de 2023","featuredImageSRC":"https:\/\/produba.com\/wp-content\/uploads\/2023\/11\/expo-lujan-150x150.jpg"},"_links":{"self":[{"href":"https:\/\/produba.com\/index.php\/wp-json\/wp\/v2\/posts\/872"}],"collection":[{"href":"https:\/\/produba.com\/index.php\/wp-json\/wp\/v2\/posts"}],"about":[{"href":"https:\/\/produba.com\/index.php\/wp-json\/wp\/v2\/types\/post"}],"author":[{"embeddable":true,"href":"https:\/\/produba.com\/index.php\/wp-json\/wp\/v2\/users\/1"}],"replies":[{"embeddable":true,"href":"https:\/\/produba.com\/index.php\/wp-json\/wp\/v2\/comments?post=872"}],"version-history":[{"count":2,"href":"https:\/\/produba.com\/index.php\/wp-json\/wp\/v2\/posts\/872\/revisions"}],"predecessor-version":[{"id":879,"href":"https:\/\/produba.com\/index.php\/wp-json\/wp\/v2\/posts\/872\/revisions\/879"}],"wp:featuredmedia":[{"embeddable":true,"href":"https:\/\/produba.com\/index.php\/wp-json\/wp\/v2\/media\/873"}],"wp:attachment":[{"href":"https:\/\/produba.com\/index.php\/wp-json\/wp\/v2\/media?parent=872"}],"wp:term":[{"taxonomy":"category","embeddable":true,"href":"https:\/\/produba.com\/index.php\/wp-json\/wp\/v2\/categories?post=872"},{"taxonomy":"post_tag","embeddable":true,"href":"https:\/\/produba.com\/index.php\/wp-json\/wp\/v2\/tags?post=872"}],"curies":[{"name":"wp","href":"https:\/\/api.w.org\/{rel}","templated":true}]}}