{"id":767,"date":"2023-07-31T18:38:25","date_gmt":"2023-07-31T21:38:25","guid":{"rendered":"https:\/\/produba.com\/?p=767"},"modified":"2023-07-31T18:38:25","modified_gmt":"2023-07-31T21:38:25","slug":"orgullo-bonaerense-una-pyme-de-saladillo-exportara-helicopteros-a-alemania","status":"publish","type":"post","link":"https:\/\/produba.com\/index.php\/2023\/07\/31\/orgullo-bonaerense-una-pyme-de-saladillo-exportara-helicopteros-a-alemania\/","title":{"rendered":"Orgullo bonaerense: una pyme de Saladillo exportar\u00e1 helic\u00f3pteros a Alemania"},"content":{"rendered":"\n<h5>La empresa familiar Cicar\u00e9 va a exportar a Alemania el primer helic\u00f3ptero ultraliviano certificado producido en la Argentina. La pyme saladillense cont\u00f3 con el apoyo del INTI.<\/h5>\n\n\n\n<p>La firma familiar, con sede en el partido bonaerense de Saladillo, cont\u00f3 con el apoyo t\u00e9cnico del INTI para realizar un ensayo clave en su modelo ultraliviano biplaza, lo que le permiti\u00f3 convertirse en la primera aeronave de su categor\u00eda en obtener la habilitaci\u00f3n completa que otorga la Asociaci\u00f3n Alemana de Vuelo Ultraligero.<\/p>\n\n\n\n<p>La empresa argentina deb\u00eda cumplir con una exigente normativa solicitada por la Asociaci\u00f3n Alemana de Vuelo Ultraligero (DULV, de acuerdo a su sigla en ingl\u00e9s) para poder ingresar al mercado certificado de Alemania.<\/p>\n\n\n\n<p>Seg\u00fan public\u00f3 la agencia de noticias T\u00e9lam, entre los requisitos demandados desde Alemania se encontraba la realizaci\u00f3n de diversas pruebas y la necesidad de alcanzar determinados est\u00e1ndares. En ese marco, junto a especialistas del INTI, la empresa pudo terminar de completar todos los ensayos a fin de obtener el certificado tipo completo que da acceso al mercado comercial de aeronaves en la categor\u00eda de 600 kilos.<\/p>\n\n\n\n<p>Al respecto, el secretario de Industria y Desarrollo Productivo de la Naci\u00f3n, Jos\u00e9 Ignacio de Mendiguren, dijo que <em>\u201cesta es una historia m\u00e1s de sinergia entre la capacidad emprendedora de la industria argentina, en este caso de la empresa Cicar\u00e9, y el acervo cient\u00edfico-tecnol\u00f3gico simbolizado por nuestro INTI\u201d<\/em>.<\/p>\n\n\n\n<p><em>&#8220;Muy pocos pa\u00edses del mundo pueden entrar con tecnolog\u00eda, innovaci\u00f3n y conocimiento a pa\u00edses tan exigentes como Alemania. Solo se logra con trabajo conjunto entre el sector p\u00fablico y el privado\u201d<\/em>, agreg\u00f3 De Mendiguren.<\/p>\n\n\n\n<figure class=\"wp-block-image size-large\"><img decoding=\"async\" width=\"1024\" height=\"551\" src=\"https:\/\/produba.com\/wp-content\/uploads\/2023\/07\/Cicare-Saladillo-2-1024x551.jpg\" alt=\"\" class=\"wp-image-769\" srcset=\"https:\/\/produba.com\/wp-content\/uploads\/2023\/07\/Cicare-Saladillo-2-1024x551.jpg 1024w, https:\/\/produba.com\/wp-content\/uploads\/2023\/07\/Cicare-Saladillo-2-300x162.jpg 300w, https:\/\/produba.com\/wp-content\/uploads\/2023\/07\/Cicare-Saladillo-2-768x414.jpg 768w, https:\/\/produba.com\/wp-content\/uploads\/2023\/07\/Cicare-Saladillo-2-1536x827.jpg 1536w, https:\/\/produba.com\/wp-content\/uploads\/2023\/07\/Cicare-Saladillo-2-1440x776.jpg 1440w, https:\/\/produba.com\/wp-content\/uploads\/2023\/07\/Cicare-Saladillo-2-1200x646.jpg 1200w, https:\/\/produba.com\/wp-content\/uploads\/2023\/07\/Cicare-Saladillo-2-780x420.jpg 780w, https:\/\/produba.com\/wp-content\/uploads\/2023\/07\/Cicare-Saladillo-2-600x323.jpg 600w, https:\/\/produba.com\/wp-content\/uploads\/2023\/07\/Cicare-Saladillo-2-550x296.jpg 550w, https:\/\/produba.com\/wp-content\/uploads\/2023\/07\/Cicare-Saladillo-2-370x199.jpg 370w, https:\/\/produba.com\/wp-content\/uploads\/2023\/07\/Cicare-Saladillo-2-255x137.jpg 255w, https:\/\/produba.com\/wp-content\/uploads\/2023\/07\/Cicare-Saladillo-2.jpg 1920w\" sizes=\"(max-width: 1024px) 100vw, 1024px\" \/><\/figure>\n\n\n\n<p>Por su parte, la presidenta del INTI, Sandra Mayol, se\u00f1al\u00f3 que <em>\u201ces un orgullo ver a tantas empresas argentinas que producen y exportan, sobre todo a mercados tan exigentes\u201d<\/em> y expres\u00f3 que <em>\u201cen este caso nos satisface ratificar que desde el sector privado y tambi\u00e9n en el exterior se considere de esta forma el prestigio t\u00e9cnico del INTI a fin de dar aval a la seguridad y las prestaciones de un helic\u00f3ptero de fabricaci\u00f3n nacional\u201d<\/em>.<\/p>\n\n\n\n<p>Dentro del listado de pruebas que se deben realizar para alcanzar esa habilitaci\u00f3n, hubo uno que requiri\u00f3 el acompa\u00f1amiento t\u00e9cnico y especializado del INTI: <em>\u201cese ensayo consiste en medir una fuerza determinada sobre los asientos a fin de simular un aterrizaje de emergencia o una ca\u00edda a una altura establecida, y, as\u00ed, imitar una determinada aceleraci\u00f3n de la gravedad<\/em>\u201d, precisaron.<\/p>\n\n\n\n<p>Esa prueba se realiz\u00f3 m\u00e1s de una vez, y durante ese proceso, el especialista Alejandro Ferenz -ingeniero mec\u00e1nico aeron\u00e1utico que integra el sector de Mec\u00e1nica del INTI- acompa\u00f1\u00f3 a Cicar\u00e9, asesor\u00f3 a sus t\u00e9cnicos y aport\u00f3 sugerencias para alcanzar los est\u00e1ndares buscados. En ese sentido, entre otras iniciativas se plante\u00f3 y llev\u00f3 adelante el redise\u00f1o en los asientos del helic\u00f3ptero y tambi\u00e9n del utillaje con el que se trabaj\u00f3, siempre bajo la premisa de que el ensayo arrojara los mejores resultados posibles.<\/p>\n\n\n\n<p>El INTI tambi\u00e9n aport\u00f3 el equipamiento e instrumental calibrado, necesario para realizar las mediciones, lo que se conoce como transductor de fuerza o celda de carga. El sello de DULV supone haber alcanzado requisitos espec\u00edficos de seguridad, performance y operaci\u00f3n.<\/p>\n\n\n\n<p>El titular de la empresa Cicar\u00e9, Juan Manuel Cicar\u00e9, dijo que <em>\u201cel INTI nos ayud\u00f3 en la puesta en marcha del ensayo, su reformulaci\u00f3n y su correspondiente supervisi\u00f3n, y emiti\u00f3 el documento necesario para presentar ante la asociaci\u00f3n alemana. A su vez, era necesario contar con una instituci\u00f3n como el INTI que avalara el uso y calibraci\u00f3n de ciertos elementos de medici\u00f3n acordes con los requerimientos de la agencia DULV\u201d<\/em>.<\/p>\n\n\n\n<p><em>\u201cGracias a esto pudimos concretar la venta del modelo Cicar\u00e9 8, esto constituye un precedente, ya que es la primera vez que esta entidad certifica una aeronave en la categor\u00eda de 600 kilos, por lo que no solo estamos exportando un producto, sino tambi\u00e9n nuestra tecnolog\u00eda, innovaci\u00f3n y capacidades t\u00e9cnicas al mundo\u201d<\/em>, resalt\u00f3 el empresario.<\/p>\n\n\n\n<p>Por \u00faltimo, el especialista del INTI, Alejandro Ferenz, detall\u00f3 que el instituto <em>&#8220;puede dar asistencia a muchos sectores e industrias y no solo calibrar, proveer equipos de medici\u00f3n y tareas de laboratorio. Tambi\u00e9n realizamos trabajo de campo y resolvemos situaciones codo a codo junto a las empresas\u201d<\/em>. <\/p>\n\n\n\n<p>Desde el INTI utilizaron las redes sociales para dar a conocer la buena noticia: <em>\u201cLa pyme familiar Cicar\u00e9, de Saladillo, provincia de Buenos Aires, contin\u00faa su expansi\u00f3n internacional: con apoyo t\u00e9cnico del INTI, pudo completar los ensayos a fin de obtener, en Alemania, el certificado tipo para exportar un helic\u00f3ptero ultraliviano biplaza\u201d<\/em>, publicaron el organismo tecnol\u00f3gico en su perfil de Twitter.<\/p>\n\n\n\n<figure class=\"wp-block-embed is-type-rich is-provider-twitter wp-block-embed-twitter\"><div class=\"wp-block-embed__wrapper\">\n<blockquote class=\"twitter-tweet\" data-width=\"550\" data-dnt=\"true\"><p lang=\"es\" dir=\"ltr\">La pyme familiar Cicar\u00e9, de Saladillo, provincia de Buenos Aires, contin\u00faa su expansi\u00f3n internacional: con apoyo t\u00e9cnico del INTI, pudo completar los ensayos a fin de obtener, en Alemania, el certificado tipo para exportar un helic\u00f3ptero ultraliviano biplaza <a href=\"https:\/\/twitter.com\/hashtag\/UnINTIcerca?src=hash&amp;ref_src=twsrc%5Etfw\">#UnINTIcerca<\/a> <a href=\"https:\/\/t.co\/IkSxqGDwcj\">pic.twitter.com\/IkSxqGDwcj<\/a><\/p>&mdash; INTI (@INTIargentina) <a href=\"https:\/\/twitter.com\/INTIargentina\/status\/1685668161964711937?ref_src=twsrc%5Etfw\">July 30, 2023<\/a><\/blockquote><script async src=\"https:\/\/platform.twitter.com\/widgets.js\" charset=\"utf-8\"><\/script>\n<\/div><\/figure>\n","protected":false},"excerpt":{"rendered":"<p>La empresa familiar Cicar\u00e9 va a exportar a Alemania el primer helic\u00f3ptero ultraliviano certificado producido en la Argentina. La pyme saladillense cont\u00f3 con el apoyo del INTI. La firma familiar, con sede en el partido bonaerense de Saladillo, cont\u00f3 con el apoyo t\u00e9cnico del INTI para realizar un ensayo clave en su modelo ultraliviano biplaza, &#8230;<\/p>\n","protected":false},"author":1,"featured_media":768,"comment_status":"closed","ping_status":"closed","sticky":false,"template":"","format":"standard","meta":{"loftocean_post_format_gallery":"","loftocean_post_format_gallery_ids":"","loftocean_post_format_gallery_urls":"","loftocean_post_format_video_id":0,"loftocean_post_format_video_url":"","loftocean_post_format_video_type":"","loftocean_post_format_video":"","loftocean_post_format_audio_type":"","loftocean_post_format_audio_url":"","loftocean_post_format_audio_id":0,"loftocean_post_format_audio":"","loftocean-featured-post":"","loftocean-like-count":0,"loftocean-view-count":225,"loftocean_coauthors":"","alpaca_post_content_reading_setting":"","alpaca_reading_speed_per_minute":0,"alpaca_reading_speed_unit":"","alpaca_single_post_template_layout":""},"categories":[4,7,6,3],"tags":[107,104,106,105],"loftoceanMetas":{"readingTime":"3 minutos de lectura","authorName":"ProduBA","categories":[{"name":"Desarrollo Local","link":"https:\/\/produba.com\/index.php\/category\/desarrollo_local\/","count":201},{"name":"Inter\u00e9s General","link":"https:\/\/produba.com\/index.php\/category\/interes_general\/","count":121},{"name":"Municipios","link":"https:\/\/produba.com\/index.php\/category\/municipios\/","count":383},{"name":"Producci\u00f3n","link":"https:\/\/produba.com\/index.php\/category\/produccion\/","count":406}],"date":"31 de julio de 2023","featuredImageSRC":"https:\/\/produba.com\/wp-content\/uploads\/2023\/07\/Cicare-Saladillo-1-150x150.jpg"},"_links":{"self":[{"href":"https:\/\/produba.com\/index.php\/wp-json\/wp\/v2\/posts\/767"}],"collection":[{"href":"https:\/\/produba.com\/index.php\/wp-json\/wp\/v2\/posts"}],"about":[{"href":"https:\/\/produba.com\/index.php\/wp-json\/wp\/v2\/types\/post"}],"author":[{"embeddable":true,"href":"https:\/\/produba.com\/index.php\/wp-json\/wp\/v2\/users\/1"}],"replies":[{"embeddable":true,"href":"https:\/\/produba.com\/index.php\/wp-json\/wp\/v2\/comments?post=767"}],"version-history":[{"count":1,"href":"https:\/\/produba.com\/index.php\/wp-json\/wp\/v2\/posts\/767\/revisions"}],"predecessor-version":[{"id":770,"href":"https:\/\/produba.com\/index.php\/wp-json\/wp\/v2\/posts\/767\/revisions\/770"}],"wp:featuredmedia":[{"embeddable":true,"href":"https:\/\/produba.com\/index.php\/wp-json\/wp\/v2\/media\/768"}],"wp:attachment":[{"href":"https:\/\/produba.com\/index.php\/wp-json\/wp\/v2\/media?parent=767"}],"wp:term":[{"taxonomy":"category","embeddable":true,"href":"https:\/\/produba.com\/index.php\/wp-json\/wp\/v2\/categories?post=767"},{"taxonomy":"post_tag","embeddable":true,"href":"https:\/\/produba.com\/index.php\/wp-json\/wp\/v2\/tags?post=767"}],"curies":[{"name":"wp","href":"https:\/\/api.w.org\/{rel}","templated":true}]}}