{"id":3758,"date":"2026-09-03T16:29:50","date_gmt":"2026-09-03T19:29:50","guid":{"rendered":"https:\/\/produba.com\/?p=3758"},"modified":"2026-09-03T16:29:51","modified_gmt":"2026-09-03T19:29:51","slug":"olavarria-alerta-por-la-caida-de-la-capacidad-operativa-de-empresas-en-el-parque-industrial","status":"publish","type":"post","link":"https:\/\/produba.com\/index.php\/2026\/09\/03\/olavarria-alerta-por-la-caida-de-la-capacidad-operativa-de-empresas-en-el-parque-industrial\/","title":{"rendered":"Olavarr\u00eda: alerta por la ca\u00edda de la capacidad operativa de empresas en el Parque Industrial"},"content":{"rendered":"\n<h5 class=\"wp-block-heading\">En el marco del D\u00eda de la Industria, desde el municipio olavarriense reconocieron que m\u00e1s de la mitad de las empresas radicadas en el agrupamiento industrial est\u00e1n operando a menos del 50% de su capacidad operativa. Tambi\u00e9n hubo una ca\u00edda del 25% en el despacho de cemento con respecto al 2023<\/h5>\n\n\n\n<p class=\"wp-block-paragraph\"><strong>En el D\u00eda de la Industria, el Municipio de Olavarr\u00eda reconoci\u00f3 el esfuerzo cotidiano de empresas y trabajadores que sostienen la producci\u00f3n y el empleo. Asimismo, desde el Ejecutivo olavarriense reafirmaron el compromiso de promover la inversi\u00f3n y fortalecer el entramado productivo local.<\/strong><\/p>\n\n\n\n<p class=\"wp-block-paragraph\">Olavarr\u00eda cuenta con una matriz productiva diversa y una capacidad instalada que constituye uno de los principales activos de la ciudad. Sin embargo, el sector atraviesa un contexto de dificultades: <strong>seg\u00fan datos aportados por el secretario de Desarrollo Econ\u00f3mico y Productivo, Bernardo Baldino, m\u00e1s de la mitad de las empresas radicadas en el Parque Industrial opera a menos del 50% de su capacidad operativa, mientras que el despacho de cemento se ubica un 25% por debajo de los valores registrados en 2023.<\/strong><\/p>\n\n\n\n<figure class=\"wp-block-image size-full\"><img decoding=\"async\" width=\"745\" height=\"651\" src=\"https:\/\/produba.com\/wp-content\/uploads\/2026\/09\/Bernardo-Baldino-Sec-produccion-Olavarria.jpeg\" alt=\"\" class=\"wp-image-3759\" srcset=\"https:\/\/produba.com\/wp-content\/uploads\/2026\/09\/Bernardo-Baldino-Sec-produccion-Olavarria.jpeg 745w, https:\/\/produba.com\/wp-content\/uploads\/2026\/09\/Bernardo-Baldino-Sec-produccion-Olavarria-300x262.jpeg 300w, https:\/\/produba.com\/wp-content\/uploads\/2026\/09\/Bernardo-Baldino-Sec-produccion-Olavarria-600x524.jpeg 600w, https:\/\/produba.com\/wp-content\/uploads\/2026\/09\/Bernardo-Baldino-Sec-produccion-Olavarria-550x481.jpeg 550w, https:\/\/produba.com\/wp-content\/uploads\/2026\/09\/Bernardo-Baldino-Sec-produccion-Olavarria-370x323.jpeg 370w, https:\/\/produba.com\/wp-content\/uploads\/2026\/09\/Bernardo-Baldino-Sec-produccion-Olavarria-255x223.jpeg 255w\" sizes=\"(max-width: 745px) 100vw, 745px\" \/><figcaption class=\"wp-element-caption\">Bernardo Baldino, secretario de Desarrollo Econ\u00f3mico y Productivo de Olavarr\u00eda<\/figcaption><\/figure>\n\n\n\n<p class=\"wp-block-paragraph\"><em>\u201cNuestro Partido cuenta con una enorme capacidad productiva y con empresarios y trabajadores que todos los d\u00edas demuestran su compromiso con Olavarr\u00eda. Por eso, desde el Municipio el objetivo es seguir acompa\u00f1ando ese esfuerzo y generar las mejores condiciones para que quienes producen puedan seguir invirtiendo, creciendo y generando trabajo\u201d<\/em>, se\u00f1al\u00f3 Baldino.<\/p>\n\n\n\n<p class=\"wp-block-paragraph\">El funcionario sostuvo que es necesario proteger el entramado productivo local y nacional con medidas concretas, y remarc\u00f3 la importancia de regular y poner al sistema financiero al servicio de la producci\u00f3n, como condici\u00f3n para que las empresas puedan sostenerse y crecer.<\/p>\n\n\n\n<p class=\"wp-block-paragraph\">El secretario destac\u00f3 el trabajo con las gremiales empresariales en proyectos conjuntos, la relaci\u00f3n directa con directivos de las grandes multinacionales, el rol central del Iteco en la formaci\u00f3n de mano de obra calificada y las iniciativas bajo <em>\u201cOlavarr\u00eda Produce\u201d<\/em> como la Ronda de Negocios, que el \u00faltimo a\u00f1o convoc\u00f3 a m\u00e1s de 200 firmas de la regi\u00f3n.<\/p>\n\n\n\n<figure class=\"wp-block-image size-large\"><img decoding=\"async\" width=\"1024\" height=\"683\" src=\"https:\/\/produba.com\/wp-content\/uploads\/2026\/09\/cemento-mineria-olavarria-1024x683.jpg\" alt=\"\" class=\"wp-image-3760\" srcset=\"https:\/\/produba.com\/wp-content\/uploads\/2026\/09\/cemento-mineria-olavarria-1024x683.jpg 1024w, https:\/\/produba.com\/wp-content\/uploads\/2026\/09\/cemento-mineria-olavarria-300x200.jpg 300w, https:\/\/produba.com\/wp-content\/uploads\/2026\/09\/cemento-mineria-olavarria-768x512.jpg 768w, https:\/\/produba.com\/wp-content\/uploads\/2026\/09\/cemento-mineria-olavarria-1536x1024.jpg 1536w, https:\/\/produba.com\/wp-content\/uploads\/2026\/09\/cemento-mineria-olavarria-2048x1366.jpg 2048w, https:\/\/produba.com\/wp-content\/uploads\/2026\/09\/cemento-mineria-olavarria-1920x1280.jpg 1920w, https:\/\/produba.com\/wp-content\/uploads\/2026\/09\/cemento-mineria-olavarria-1440x960.jpg 1440w, https:\/\/produba.com\/wp-content\/uploads\/2026\/09\/cemento-mineria-olavarria-1200x800.jpg 1200w, https:\/\/produba.com\/wp-content\/uploads\/2026\/09\/cemento-mineria-olavarria-780x520.jpg 780w, https:\/\/produba.com\/wp-content\/uploads\/2026\/09\/cemento-mineria-olavarria-600x400.jpg 600w, https:\/\/produba.com\/wp-content\/uploads\/2026\/09\/cemento-mineria-olavarria-550x367.jpg 550w, https:\/\/produba.com\/wp-content\/uploads\/2026\/09\/cemento-mineria-olavarria-370x247.jpg 370w, https:\/\/produba.com\/wp-content\/uploads\/2026\/09\/cemento-mineria-olavarria-255x170.jpg 255w\" sizes=\"(max-width: 1024px) 100vw, 1024px\" \/><\/figure>\n\n\n\n<p class=\"wp-block-paragraph\"><em>\u201cEl crecimiento industrial requiere una mirada integral: tambi\u00e9n hacen falta la recuperaci\u00f3n del poder adquisitivo, el acceso al cr\u00e9dito y un mercado interno m\u00e1s fuerte\u201d<\/em>, agreg\u00f3.<\/p>\n\n\n\n<p class=\"wp-block-paragraph\"><strong>Baldino remarc\u00f3 que la ca\u00edda de la obra p\u00fablica y el deterioro del consumo son desaf\u00edos adicionales para las PyMEs locales, y sostuvo que recuperar ambos frentes es clave para que el trabajo y la producci\u00f3n vuelvan a traducirse en mayor actividad econ\u00f3mica.<\/strong><\/p>\n\n\n\n<p class=\"wp-block-paragraph\"><em>\u201cDefender la industria es defender el trabajo y las posibilidades de crecimiento de nuestra comunidad. Olavarr\u00eda tiene una historia industrial muy fuerte, pero tambi\u00e9n tiene presente y futuro\u201d<\/em>, cerr\u00f3 el secretario de Producci\u00f3n olavarriense.<\/p>\n","protected":false},"excerpt":{"rendered":"<p>En el marco del D\u00eda de la Industria, desde el municipio olavarriense reconocieron que m\u00e1s de la mitad de las empresas radicadas en el agrupamiento industrial est\u00e1n operando a menos del 50% de su capacidad operativa. Tambi\u00e9n hubo una ca\u00edda del 25% en el despacho de cemento con respecto al 2023 En el D\u00eda de &#8230;<\/p>\n","protected":false},"author":1,"featured_media":3761,"comment_status":"closed","ping_status":"closed","sticky":false,"template":"","format":"standard","meta":{"loftocean_post_format_gallery":"","loftocean_post_format_gallery_ids":"","loftocean_post_format_gallery_urls":"","loftocean_post_format_video_id":0,"loftocean_post_format_video_url":"","loftocean_post_format_video_type":"","loftocean_post_format_video":"","loftocean_post_format_audio_type":"","loftocean_post_format_audio_url":"","loftocean_post_format_audio_id":0,"loftocean_post_format_audio":"","loftocean-featured-post":"","loftocean-like-count":0,"loftocean-view-count":5,"loftocean_coauthors":"","alpaca_post_content_reading_setting":"","alpaca_reading_speed_per_minute":0,"alpaca_reading_speed_unit":"","alpaca_single_post_template_layout":"","footnotes":""},"categories":[4,6,3],"tags":[709,359,305,244,58,46,337],"class_list":["post-3758","post","type-post","status-publish","format-standard","has-post-thumbnail","hentry","category-desarrollo_local","category-municipios","category-produccion","tag-bernardo-baldino","tag-cemento","tag-crisis","tag-maximiliano-wesner","tag-olavarria","tag-parque-industrial","tag-parque-industrial-olavarria"],"loftoceanMetas":{"readingTime":"2 minutos de lectura","authorName":"ProduBA","categories":[{"name":"Desarrollo Local","link":"https:\/\/produba.com\/index.php\/category\/desarrollo_local\/","count":271},{"name":"Municipios","link":"https:\/\/produba.com\/index.php\/category\/municipios\/","count":461},{"name":"Producci\u00f3n","link":"https:\/\/produba.com\/index.php\/category\/produccion\/","count":490}],"date":"3 de septiembre de 2026","featuredImageSRC":"https:\/\/produba.com\/wp-content\/uploads\/2026\/09\/parque-industrial-Olavarria-gral-150x150.jpg"},"_links":{"self":[{"href":"https:\/\/produba.com\/index.php\/wp-json\/wp\/v2\/posts\/3758","targetHints":{"allow":["GET"]}}],"collection":[{"href":"https:\/\/produba.com\/index.php\/wp-json\/wp\/v2\/posts"}],"about":[{"href":"https:\/\/produba.com\/index.php\/wp-json\/wp\/v2\/types\/post"}],"author":[{"embeddable":true,"href":"https:\/\/produba.com\/index.php\/wp-json\/wp\/v2\/users\/1"}],"replies":[{"embeddable":true,"href":"https:\/\/produba.com\/index.php\/wp-json\/wp\/v2\/comments?post=3758"}],"version-history":[{"count":1,"href":"https:\/\/produba.com\/index.php\/wp-json\/wp\/v2\/posts\/3758\/revisions"}],"predecessor-version":[{"id":3762,"href":"https:\/\/produba.com\/index.php\/wp-json\/wp\/v2\/posts\/3758\/revisions\/3762"}],"wp:featuredmedia":[{"embeddable":true,"href":"https:\/\/produba.com\/index.php\/wp-json\/wp\/v2\/media\/3761"}],"wp:attachment":[{"href":"https:\/\/produba.com\/index.php\/wp-json\/wp\/v2\/media?parent=3758"}],"wp:term":[{"taxonomy":"category","embeddable":true,"href":"https:\/\/produba.com\/index.php\/wp-json\/wp\/v2\/categories?post=3758"},{"taxonomy":"post_tag","embeddable":true,"href":"https:\/\/produba.com\/index.php\/wp-json\/wp\/v2\/tags?post=3758"}],"curies":[{"name":"wp","href":"https:\/\/api.w.org\/{rel}","templated":true}]}}