{"id":3716,"date":"2026-09-02T14:26:43","date_gmt":"2026-09-02T17:26:43","guid":{"rendered":"https:\/\/produba.com\/?p=3716"},"modified":"2026-09-02T14:26:44","modified_gmt":"2026-09-02T17:26:44","slug":"continua-hecho-en-merlo-la-exposicion-donde-confluyen-la-industria-y-el-emprendimiento","status":"publish","type":"post","link":"https:\/\/produba.com\/index.php\/2026\/09\/02\/continua-hecho-en-merlo-la-exposicion-donde-confluyen-la-industria-y-el-emprendimiento\/","title":{"rendered":"Contin\u00faa \u201cHecho en Merlo\u201d, la exposici\u00f3n donde confluyen la industria y el emprendimiento"},"content":{"rendered":"\n<h5 class=\"wp-block-heading\">Hoy culmina la 8\u00aa edici\u00f3n de la muestra donde participaron m\u00e1s de un centenar de industriales y emprendedores merlenses y de la regi\u00f3n. El encuentro productivo se realiza en el Predio El Remanso, en el Parque San Mart\u00edn, y cont\u00f3 con entrada libre y gratuita<\/h5>\n\n\n\n<p class=\"wp-block-paragraph\"><strong>El Municipio de Merlo, a trav\u00e9s de la Secretar\u00eda de Desarrollo Econ\u00f3mico Sustentable, con el apoyo de la Uni\u00f3n Industrial de Merlo, re\u00fane en esta exposici\u00f3n a empresas, comercios y emprendedores para mostrar a la comunidad el desarrollo y la capacidad de producci\u00f3n local.<\/strong><\/p>\n\n\n\n<figure class=\"wp-block-image size-large\"><img decoding=\"async\" width=\"1024\" height=\"576\" src=\"https:\/\/produba.com\/wp-content\/uploads\/2026\/09\/Expo-Hecho-en-Merlo-2026-3-1-1024x576.jpg\" alt=\"\" class=\"wp-image-3718\" srcset=\"https:\/\/produba.com\/wp-content\/uploads\/2026\/09\/Expo-Hecho-en-Merlo-2026-3-1-1024x576.jpg 1024w, https:\/\/produba.com\/wp-content\/uploads\/2026\/09\/Expo-Hecho-en-Merlo-2026-3-1-300x169.jpg 300w, https:\/\/produba.com\/wp-content\/uploads\/2026\/09\/Expo-Hecho-en-Merlo-2026-3-1-768x432.jpg 768w, https:\/\/produba.com\/wp-content\/uploads\/2026\/09\/Expo-Hecho-en-Merlo-2026-3-1-1200x676.jpg 1200w, https:\/\/produba.com\/wp-content\/uploads\/2026\/09\/Expo-Hecho-en-Merlo-2026-3-1-780x439.jpg 780w, https:\/\/produba.com\/wp-content\/uploads\/2026\/09\/Expo-Hecho-en-Merlo-2026-3-1-600x338.jpg 600w, https:\/\/produba.com\/wp-content\/uploads\/2026\/09\/Expo-Hecho-en-Merlo-2026-3-1-550x310.jpg 550w, https:\/\/produba.com\/wp-content\/uploads\/2026\/09\/Expo-Hecho-en-Merlo-2026-3-1-370x208.jpg 370w, https:\/\/produba.com\/wp-content\/uploads\/2026\/09\/Expo-Hecho-en-Merlo-2026-3-1-255x144.jpg 255w, https:\/\/produba.com\/wp-content\/uploads\/2026\/09\/Expo-Hecho-en-Merlo-2026-3-1.jpg 1382w\" sizes=\"(max-width: 1024px) 100vw, 1024px\" \/><\/figure>\n\n\n\n<p class=\"wp-block-paragraph\"><strong>Participan m\u00e1s de 100 industrias, emprendimientos, viveristas, apicultores, gastron\u00f3micos y alumnos de escuelas t\u00e9cnicas con proyectos tecnol\u00f3gicos innovadores de rob\u00f3tica, construcci\u00f3n y alimentaci\u00f3n, entre otros.<\/strong><\/p>\n\n\n\n<p class=\"wp-block-paragraph\"><strong>El encuentro productivo se realiza en el Predio El Remanso (Balbastro 2201, esquina Blanco Encalada), ubicado en el Parque San Mart\u00edn, y cont\u00f3 con entrada libre y gratuita.<\/strong><\/p>\n\n\n\n<figure class=\"wp-block-image size-large\"><img decoding=\"async\" width=\"1024\" height=\"576\" src=\"https:\/\/produba.com\/wp-content\/uploads\/2026\/09\/Expo-Hecho-en-Merlo-2026-13-1024x576.jpg\" alt=\"\" class=\"wp-image-3719\" srcset=\"https:\/\/produba.com\/wp-content\/uploads\/2026\/09\/Expo-Hecho-en-Merlo-2026-13-1024x576.jpg 1024w, https:\/\/produba.com\/wp-content\/uploads\/2026\/09\/Expo-Hecho-en-Merlo-2026-13-300x169.jpg 300w, https:\/\/produba.com\/wp-content\/uploads\/2026\/09\/Expo-Hecho-en-Merlo-2026-13-768x432.jpg 768w, https:\/\/produba.com\/wp-content\/uploads\/2026\/09\/Expo-Hecho-en-Merlo-2026-13-780x439.jpg 780w, https:\/\/produba.com\/wp-content\/uploads\/2026\/09\/Expo-Hecho-en-Merlo-2026-13-600x338.jpg 600w, https:\/\/produba.com\/wp-content\/uploads\/2026\/09\/Expo-Hecho-en-Merlo-2026-13-550x309.jpg 550w, https:\/\/produba.com\/wp-content\/uploads\/2026\/09\/Expo-Hecho-en-Merlo-2026-13-370x208.jpg 370w, https:\/\/produba.com\/wp-content\/uploads\/2026\/09\/Expo-Hecho-en-Merlo-2026-13-255x143.jpg 255w, https:\/\/produba.com\/wp-content\/uploads\/2026\/09\/Expo-Hecho-en-Merlo-2026-13.jpg 1102w\" sizes=\"(max-width: 1024px) 100vw, 1024px\" \/><figcaption class=\"wp-element-caption\">El intendente de Merlo, Gustavo Men\u00e9ndez, y la diputada nacional Roxana Monz\u00f3n fueron anfitriones del evento productivo.<\/figcaption><\/figure>\n\n\n\n<p class=\"wp-block-paragraph\"><em>\u201cNo hay pa\u00eds posible sin una industria que le d\u00e9 valor a nuestras materias primas\u201d<\/em> manifest\u00f3 Gustavo Men\u00e9ndez, intendente de Merlo, al tiempo que se\u00f1al\u00f3: <em>\u201cAunque el gobierno nacional est\u00e1 generando las condiciones m\u00e1s adversas para la industria nacional, nosotros nunca vamos a renunciar a la posibilidad de hermanarnos detr\u00e1s de los grandes objetivos que tenemos como comunidad y como Naci\u00f3n; por eso esta muestra es tan importante\u201d.<\/em><\/p>\n\n\n\n<figure class=\"wp-block-image size-large\"><img decoding=\"async\" width=\"1024\" height=\"577\" src=\"https:\/\/produba.com\/wp-content\/uploads\/2026\/09\/menendez-pichetto-y-echarren-en-la-expo-hecho-en-merlo-2026-3-1024x577.jpg\" alt=\"\" class=\"wp-image-3717\" srcset=\"https:\/\/produba.com\/wp-content\/uploads\/2026\/09\/menendez-pichetto-y-echarren-en-la-expo-hecho-en-merlo-2026-3-1024x577.jpg 1024w, https:\/\/produba.com\/wp-content\/uploads\/2026\/09\/menendez-pichetto-y-echarren-en-la-expo-hecho-en-merlo-2026-3-300x169.jpg 300w, https:\/\/produba.com\/wp-content\/uploads\/2026\/09\/menendez-pichetto-y-echarren-en-la-expo-hecho-en-merlo-2026-3-768x432.jpg 768w, https:\/\/produba.com\/wp-content\/uploads\/2026\/09\/menendez-pichetto-y-echarren-en-la-expo-hecho-en-merlo-2026-3-780x439.jpg 780w, https:\/\/produba.com\/wp-content\/uploads\/2026\/09\/menendez-pichetto-y-echarren-en-la-expo-hecho-en-merlo-2026-3-600x338.jpg 600w, https:\/\/produba.com\/wp-content\/uploads\/2026\/09\/menendez-pichetto-y-echarren-en-la-expo-hecho-en-merlo-2026-3-550x310.jpg 550w, https:\/\/produba.com\/wp-content\/uploads\/2026\/09\/menendez-pichetto-y-echarren-en-la-expo-hecho-en-merlo-2026-3-370x208.jpg 370w, https:\/\/produba.com\/wp-content\/uploads\/2026\/09\/menendez-pichetto-y-echarren-en-la-expo-hecho-en-merlo-2026-3-255x144.jpg 255w, https:\/\/produba.com\/wp-content\/uploads\/2026\/09\/menendez-pichetto-y-echarren-en-la-expo-hecho-en-merlo-2026-3.jpg 1181w\" sizes=\"(max-width: 1024px) 100vw, 1024px\" \/><\/figure>\n\n\n\n<p class=\"wp-block-paragraph\">En este sentido, la diputada nacional Roxana Monz\u00f3n sostuvo que <em>\u201cesto es m\u00e1s que una expo industrial, es un acto de resistencia, es decir estamos de pie, seguimos produciendo, resistiendo y mostrando lo que somos capaces de hacer\u201d.<\/em><\/p>\n\n\n\n<figure class=\"wp-block-image size-large\"><img decoding=\"async\" width=\"1024\" height=\"639\" src=\"https:\/\/produba.com\/wp-content\/uploads\/2026\/09\/Expo-Hecho-en-Merlo-2026-3-1024x639.jpg\" alt=\"\" class=\"wp-image-3722\" srcset=\"https:\/\/produba.com\/wp-content\/uploads\/2026\/09\/Expo-Hecho-en-Merlo-2026-3-1024x639.jpg 1024w, https:\/\/produba.com\/wp-content\/uploads\/2026\/09\/Expo-Hecho-en-Merlo-2026-3-300x187.jpg 300w, https:\/\/produba.com\/wp-content\/uploads\/2026\/09\/Expo-Hecho-en-Merlo-2026-3-768x479.jpg 768w, https:\/\/produba.com\/wp-content\/uploads\/2026\/09\/Expo-Hecho-en-Merlo-2026-3-780x487.jpg 780w, https:\/\/produba.com\/wp-content\/uploads\/2026\/09\/Expo-Hecho-en-Merlo-2026-3-600x375.jpg 600w, https:\/\/produba.com\/wp-content\/uploads\/2026\/09\/Expo-Hecho-en-Merlo-2026-3-550x343.jpg 550w, https:\/\/produba.com\/wp-content\/uploads\/2026\/09\/Expo-Hecho-en-Merlo-2026-3-370x231.jpg 370w, https:\/\/produba.com\/wp-content\/uploads\/2026\/09\/Expo-Hecho-en-Merlo-2026-3-255x159.jpg 255w, https:\/\/produba.com\/wp-content\/uploads\/2026\/09\/Expo-Hecho-en-Merlo-2026-3.jpg 1067w\" sizes=\"(max-width: 1024px) 100vw, 1024px\" \/><\/figure>\n\n\n\n<p class=\"wp-block-paragraph\">La jornada de apertura cont\u00f3 con la presencia del Intendente, Gustavo Men\u00e9ndez, la diputada nacional, Roxana Monz\u00f3n; el presidente de Uni\u00f3n Industrial de Merlo, Walter Nupieri, el intendente de Suipacha Juan Luis Mancini, entre otras autoridades. A lo largo de las jornadas del evento, se presentaron figuras invitadas como el intendente de Castelli, Francisco Echarren y el diputado nacional Miguel \u00c1ngel Pichetto<\/p>\n\n\n\n<figure class=\"wp-block-image size-large\"><img decoding=\"async\" width=\"1024\" height=\"577\" src=\"https:\/\/produba.com\/wp-content\/uploads\/2026\/09\/Expo-Hecho-en-Merlo-2026-6-1024x577.jpg\" alt=\"\" class=\"wp-image-3721\" srcset=\"https:\/\/produba.com\/wp-content\/uploads\/2026\/09\/Expo-Hecho-en-Merlo-2026-6-1024x577.jpg 1024w, https:\/\/produba.com\/wp-content\/uploads\/2026\/09\/Expo-Hecho-en-Merlo-2026-6-300x169.jpg 300w, https:\/\/produba.com\/wp-content\/uploads\/2026\/09\/Expo-Hecho-en-Merlo-2026-6-768x432.jpg 768w, https:\/\/produba.com\/wp-content\/uploads\/2026\/09\/Expo-Hecho-en-Merlo-2026-6-780x439.jpg 780w, https:\/\/produba.com\/wp-content\/uploads\/2026\/09\/Expo-Hecho-en-Merlo-2026-6-600x338.jpg 600w, https:\/\/produba.com\/wp-content\/uploads\/2026\/09\/Expo-Hecho-en-Merlo-2026-6-550x310.jpg 550w, https:\/\/produba.com\/wp-content\/uploads\/2026\/09\/Expo-Hecho-en-Merlo-2026-6-370x208.jpg 370w, https:\/\/produba.com\/wp-content\/uploads\/2026\/09\/Expo-Hecho-en-Merlo-2026-6-255x144.jpg 255w, https:\/\/produba.com\/wp-content\/uploads\/2026\/09\/Expo-Hecho-en-Merlo-2026-6.jpg 1181w\" sizes=\"(max-width: 1024px) 100vw, 1024px\" \/><\/figure>\n\n\n\n<p class=\"wp-block-paragraph\"><strong>La Expo de la Industria \u201cHecho en Merlo\u201d se realiza desde el a\u00f1o 2016 con el objetivo de exhibir y fortalecer la producci\u00f3n y el trabajo que realizan las empresas, los comercios y las escuelas t\u00e9cnicas locales.<\/strong><\/p>\n","protected":false},"excerpt":{"rendered":"<p>Hoy culmina la 8\u00aa edici\u00f3n de la muestra donde participaron m\u00e1s de un centenar de industriales y emprendedores merlenses y de la regi\u00f3n. El encuentro productivo se realiza en el Predio El Remanso, en el Parque San Mart\u00edn, y cont\u00f3 con entrada libre y gratuita El Municipio de Merlo, a trav\u00e9s de la Secretar\u00eda de &#8230;<\/p>\n","protected":false},"author":1,"featured_media":3723,"comment_status":"closed","ping_status":"closed","sticky":false,"template":"","format":"standard","meta":{"loftocean_post_format_gallery":"","loftocean_post_format_gallery_ids":"","loftocean_post_format_gallery_urls":"","loftocean_post_format_video_id":0,"loftocean_post_format_video_url":"","loftocean_post_format_video_type":"","loftocean_post_format_video":"","loftocean_post_format_audio_type":"","loftocean_post_format_audio_url":"","loftocean_post_format_audio_id":0,"loftocean_post_format_audio":"","loftocean-featured-post":"","loftocean-like-count":0,"loftocean-view-count":3,"loftocean_coauthors":"","alpaca_post_content_reading_setting":"","alpaca_reading_speed_per_minute":0,"alpaca_reading_speed_unit":"","alpaca_single_post_template_layout":"","footnotes":""},"categories":[7],"tags":[],"class_list":["post-3716","post","type-post","status-publish","format-standard","has-post-thumbnail","hentry","category-interes_general"],"loftoceanMetas":{"readingTime":"2 minutos de lectura","authorName":"ProduBA","categories":[{"name":"Inter\u00e9s General","link":"https:\/\/produba.com\/index.php\/category\/interes_general\/","count":157}],"date":"2 de septiembre de 2026","featuredImageSRC":"https:\/\/produba.com\/wp-content\/uploads\/2026\/09\/Expo-Hecho-en-Merlo-2026-1-150x150.jpg"},"_links":{"self":[{"href":"https:\/\/produba.com\/index.php\/wp-json\/wp\/v2\/posts\/3716","targetHints":{"allow":["GET"]}}],"collection":[{"href":"https:\/\/produba.com\/index.php\/wp-json\/wp\/v2\/posts"}],"about":[{"href":"https:\/\/produba.com\/index.php\/wp-json\/wp\/v2\/types\/post"}],"author":[{"embeddable":true,"href":"https:\/\/produba.com\/index.php\/wp-json\/wp\/v2\/users\/1"}],"replies":[{"embeddable":true,"href":"https:\/\/produba.com\/index.php\/wp-json\/wp\/v2\/comments?post=3716"}],"version-history":[{"count":1,"href":"https:\/\/produba.com\/index.php\/wp-json\/wp\/v2\/posts\/3716\/revisions"}],"predecessor-version":[{"id":3724,"href":"https:\/\/produba.com\/index.php\/wp-json\/wp\/v2\/posts\/3716\/revisions\/3724"}],"wp:featuredmedia":[{"embeddable":true,"href":"https:\/\/produba.com\/index.php\/wp-json\/wp\/v2\/media\/3723"}],"wp:attachment":[{"href":"https:\/\/produba.com\/index.php\/wp-json\/wp\/v2\/media?parent=3716"}],"wp:term":[{"taxonomy":"category","embeddable":true,"href":"https:\/\/produba.com\/index.php\/wp-json\/wp\/v2\/categories?post=3716"},{"taxonomy":"post_tag","embeddable":true,"href":"https:\/\/produba.com\/index.php\/wp-json\/wp\/v2\/tags?post=3716"}],"curies":[{"name":"wp","href":"https:\/\/api.w.org\/{rel}","templated":true}]}}