{"id":3691,"date":"2026-09-01T10:52:40","date_gmt":"2026-09-01T13:52:40","guid":{"rendered":"https:\/\/produba.com\/?p=3691"},"modified":"2026-09-01T10:53:11","modified_gmt":"2026-09-01T13:53:11","slug":"pilar-a-10-meses-del-cierre-whirlpool-vendera-su-planta-en-el-parque-industrial","status":"publish","type":"post","link":"https:\/\/produba.com\/index.php\/2026\/09\/01\/pilar-a-10-meses-del-cierre-whirlpool-vendera-su-planta-en-el-parque-industrial\/","title":{"rendered":"Pilar: a diez meses del cierre, Whirlpool vender\u00e1 su planta en el Parque Industrial"},"content":{"rendered":"\n<h5 class=\"wp-block-heading\">La f\u00e1brica de electrodom\u00e9sticos, inaugurada en 2022 con la idea de producir 300.000 lavarropas por a\u00f1o, finaliz\u00f3 su producci\u00f3n en 2025. El predio en venta tiene 30.000 m\u00b2 cubiertos y un terreno de m\u00e1s 120.000 m\u00b2<\/h5>\n\n\n\n<p class=\"wp-block-paragraph\"><strong>La planta que Whirlpool inaugur\u00f3 en F\u00e1tima, partido de Pilar, en octubre de 2022, est\u00e1 en venta, luego de que la multinacional estadounidense abandonara la fabricaci\u00f3n de lavarropas en la Argentina en noviembre pasado.<\/strong> La f\u00e1brica hab\u00eda demandado una inversi\u00f3n de US$52 millones para convertirse en uno de los complejos industriales m\u00e1s tecnol\u00f3gicos de la compa\u00f1\u00eda en el mundo.<\/p>\n\n\n\n<figure class=\"wp-block-image size-full\"><img decoding=\"async\" width=\"992\" height=\"726\" src=\"https:\/\/produba.com\/wp-content\/uploads\/2025\/11\/whirlpool-lavarropas.jpg\" alt=\"\" class=\"wp-image-2523\" srcset=\"https:\/\/produba.com\/wp-content\/uploads\/2025\/11\/whirlpool-lavarropas.jpg 992w, https:\/\/produba.com\/wp-content\/uploads\/2025\/11\/whirlpool-lavarropas-300x220.jpg 300w, https:\/\/produba.com\/wp-content\/uploads\/2025\/11\/whirlpool-lavarropas-768x562.jpg 768w, https:\/\/produba.com\/wp-content\/uploads\/2025\/11\/whirlpool-lavarropas-780x571.jpg 780w, https:\/\/produba.com\/wp-content\/uploads\/2025\/11\/whirlpool-lavarropas-600x439.jpg 600w, https:\/\/produba.com\/wp-content\/uploads\/2025\/11\/whirlpool-lavarropas-550x403.jpg 550w, https:\/\/produba.com\/wp-content\/uploads\/2025\/11\/whirlpool-lavarropas-370x271.jpg 370w, https:\/\/produba.com\/wp-content\/uploads\/2025\/11\/whirlpool-lavarropas-255x187.jpg 255w\" sizes=\"(max-width: 992px) 100vw, 992px\" \/><\/figure>\n\n\n\n<p class=\"wp-block-paragraph\"><strong>La venta est\u00e1 a cargo de una firma especializada en servicios inmobiliarios corporativos,<\/strong> inform\u00f3 el diario Resumen<strong>. El predio posee 30.453 metros cuadrados cubiertos y 120.693 de tierra remanente.<\/strong> Adem\u00e1s, la propiedad cuenta con capacidad para incorporar otros 50.000 metros cuadrados de construcciones, lo que incrementa su atractivo para eventuales proyectos industriales, log\u00edsticos o productivos.<\/p>\n\n\n\n<p class=\"wp-block-paragraph\">Si bien en la publicaci\u00f3n no figura el precio de venta, los valores de publicaci\u00f3n de otras propiedades industriales de Pilar permiten establecer <strong>una base de alrededor de 17 millones de d\u00f3lares.<\/strong><\/p>\n\n\n\n<figure class=\"wp-block-image size-full\"><img decoding=\"async\" width=\"1000\" height=\"515\" src=\"https:\/\/produba.com\/wp-content\/uploads\/2026\/08\/Whirlpool-Pilar.webp\" alt=\"\" class=\"wp-image-3692\" srcset=\"https:\/\/produba.com\/wp-content\/uploads\/2026\/08\/Whirlpool-Pilar.webp 1000w, https:\/\/produba.com\/wp-content\/uploads\/2026\/08\/Whirlpool-Pilar-300x155.webp 300w, https:\/\/produba.com\/wp-content\/uploads\/2026\/08\/Whirlpool-Pilar-768x396.webp 768w, https:\/\/produba.com\/wp-content\/uploads\/2026\/08\/Whirlpool-Pilar-780x402.webp 780w, https:\/\/produba.com\/wp-content\/uploads\/2026\/08\/Whirlpool-Pilar-600x309.webp 600w, https:\/\/produba.com\/wp-content\/uploads\/2026\/08\/Whirlpool-Pilar-550x283.webp 550w, https:\/\/produba.com\/wp-content\/uploads\/2026\/08\/Whirlpool-Pilar-370x191.webp 370w, https:\/\/produba.com\/wp-content\/uploads\/2026\/08\/Whirlpool-Pilar-255x131.webp 255w\" sizes=\"(max-width: 1000px) 100vw, 1000px\" \/><\/figure>\n\n\n\n<p class=\"wp-block-paragraph\">La salida al mercado de la planta es la consecuencia final de un proceso que comenz\u00f3 a evidenciar cambios en la operaci\u00f3n durante 2024 y termin\u00f3 con <strong>el cierre de la producci\u00f3n local en noviembre de 2025.<\/strong><\/p>\n\n\n\n<p class=\"wp-block-paragraph\">Durante 2023, el primer a\u00f1o completo de funcionamiento, Whirlpool hab\u00eda incrementado su actividad e incorporado un segundo turno para acompa\u00f1ar el crecimiento de la producci\u00f3n y las exportaciones. Sin embargo, <strong>en mayo de 2024 la compa\u00f1\u00eda elimin\u00f3 uno de esos turnos<\/strong> y volvi\u00f3 a concentrar la fabricaci\u00f3n en una \u00fanica franja horaria.<\/p>\n\n\n\n<p class=\"wp-block-paragraph\">La medida estuvo acompa\u00f1ada por una <strong>reducci\u00f3n de alrededor de 60 puestos de trabajo<\/strong>. El proceso continu\u00f3 hasta que, el 26 de noviembre de 2025, la multinacional comunic\u00f3 la decisi\u00f3n de discontinuar completamente la producci\u00f3n de lavarropas en el pa\u00eds. <strong>El cierre afect\u00f3 a unos 220 trabajadores de la f\u00e1brica y de \u00e1reas vinculadas con la actividad industrial.<\/strong><\/p>\n\n\n\n<figure class=\"wp-block-image size-large\"><img decoding=\"async\" width=\"1024\" height=\"576\" src=\"https:\/\/produba.com\/wp-content\/uploads\/2025\/11\/whirlpool-cierre-pilar-trabajadores-1024x576.jpg\" alt=\"\" class=\"wp-image-2522\" srcset=\"https:\/\/produba.com\/wp-content\/uploads\/2025\/11\/whirlpool-cierre-pilar-trabajadores-1024x576.jpg 1024w, https:\/\/produba.com\/wp-content\/uploads\/2025\/11\/whirlpool-cierre-pilar-trabajadores-300x169.jpg 300w, https:\/\/produba.com\/wp-content\/uploads\/2025\/11\/whirlpool-cierre-pilar-trabajadores-768x432.jpg 768w, https:\/\/produba.com\/wp-content\/uploads\/2025\/11\/whirlpool-cierre-pilar-trabajadores-780x439.jpg 780w, https:\/\/produba.com\/wp-content\/uploads\/2025\/11\/whirlpool-cierre-pilar-trabajadores-600x338.jpg 600w, https:\/\/produba.com\/wp-content\/uploads\/2025\/11\/whirlpool-cierre-pilar-trabajadores-550x309.jpg 550w, https:\/\/produba.com\/wp-content\/uploads\/2025\/11\/whirlpool-cierre-pilar-trabajadores-370x208.jpg 370w, https:\/\/produba.com\/wp-content\/uploads\/2025\/11\/whirlpool-cierre-pilar-trabajadores-255x143.jpg 255w, https:\/\/produba.com\/wp-content\/uploads\/2025\/11\/whirlpool-cierre-pilar-trabajadores.jpg 1200w\" sizes=\"(max-width: 1024px) 100vw, 1024px\" \/><\/figure>\n\n\n\n<p class=\"wp-block-paragraph\"><strong>La f\u00e1brica ten\u00eda una capacidad proyectada de hasta 300.000 lavarropas anuales<\/strong> y el esquema inicial contemplaba destinar aproximadamente el 70% de esa producci\u00f3n a mercados externos. Al explicar el cierre, Whirlpool se\u00f1al\u00f3 que la operaci\u00f3n industrial no hab\u00eda alcanzado los niveles de eficiencia y competitividad previstos.<\/p>\n\n\n\n<p class=\"wp-block-paragraph\">La empresa decidi\u00f3 mantener su presencia comercial en la Argentina, aunque abandon\u00f3 la fabricaci\u00f3n local y <strong>pas\u00f3 a abastecer el mercado mediante productos importados.<\/strong><\/p>\n\n\n\n<p class=\"wp-block-paragraph\">Fuente: Agencia DIB<\/p>\n","protected":false},"excerpt":{"rendered":"<p>La f\u00e1brica de electrodom\u00e9sticos, inaugurada en 2022 con la idea de producir 300.000 lavarropas por a\u00f1o, finaliz\u00f3 su producci\u00f3n en 2025. El predio en venta tiene 30.000 m\u00b2 cubiertos y un terreno de m\u00e1s 120.000 m\u00b2 La planta que Whirlpool inaugur\u00f3 en F\u00e1tima, partido de Pilar, en octubre de 2022, est\u00e1 en venta, luego de &#8230;<\/p>\n","protected":false},"author":1,"featured_media":2524,"comment_status":"closed","ping_status":"closed","sticky":false,"template":"","format":"standard","meta":{"loftocean_post_format_gallery":"","loftocean_post_format_gallery_ids":"","loftocean_post_format_gallery_urls":"","loftocean_post_format_video_id":0,"loftocean_post_format_video_url":"","loftocean_post_format_video_type":"","loftocean_post_format_video":"","loftocean_post_format_audio_type":"","loftocean_post_format_audio_url":"","loftocean_post_format_audio_id":0,"loftocean_post_format_audio":"","loftocean-featured-post":"","loftocean-like-count":0,"loftocean-view-count":3,"loftocean_coauthors":"","alpaca_post_content_reading_setting":"","alpaca_reading_speed_per_minute":0,"alpaca_reading_speed_unit":"","alpaca_single_post_template_layout":"","footnotes":""},"categories":[4,6,3],"tags":[450,141,231,708],"class_list":["post-3691","post","type-post","status-publish","format-standard","has-post-thumbnail","hentry","category-desarrollo_local","category-municipios","category-produccion","tag-cierre-de-empresas","tag-parque-industrial-pilar","tag-pilar","tag-whirlpool"],"loftoceanMetas":{"readingTime":"2 minutos de lectura","authorName":"ProduBA","categories":[{"name":"Desarrollo Local","link":"https:\/\/produba.com\/index.php\/category\/desarrollo_local\/","count":270},{"name":"Municipios","link":"https:\/\/produba.com\/index.php\/category\/municipios\/","count":460},{"name":"Producci\u00f3n","link":"https:\/\/produba.com\/index.php\/category\/produccion\/","count":489}],"date":"1 de septiembre de 2026","featuredImageSRC":"https:\/\/produba.com\/wp-content\/uploads\/2025\/11\/whirlpool-pilar-aerea-150x150.jpg"},"_links":{"self":[{"href":"https:\/\/produba.com\/index.php\/wp-json\/wp\/v2\/posts\/3691","targetHints":{"allow":["GET"]}}],"collection":[{"href":"https:\/\/produba.com\/index.php\/wp-json\/wp\/v2\/posts"}],"about":[{"href":"https:\/\/produba.com\/index.php\/wp-json\/wp\/v2\/types\/post"}],"author":[{"embeddable":true,"href":"https:\/\/produba.com\/index.php\/wp-json\/wp\/v2\/users\/1"}],"replies":[{"embeddable":true,"href":"https:\/\/produba.com\/index.php\/wp-json\/wp\/v2\/comments?post=3691"}],"version-history":[{"count":2,"href":"https:\/\/produba.com\/index.php\/wp-json\/wp\/v2\/posts\/3691\/revisions"}],"predecessor-version":[{"id":3705,"href":"https:\/\/produba.com\/index.php\/wp-json\/wp\/v2\/posts\/3691\/revisions\/3705"}],"wp:featuredmedia":[{"embeddable":true,"href":"https:\/\/produba.com\/index.php\/wp-json\/wp\/v2\/media\/2524"}],"wp:attachment":[{"href":"https:\/\/produba.com\/index.php\/wp-json\/wp\/v2\/media?parent=3691"}],"wp:term":[{"taxonomy":"category","embeddable":true,"href":"https:\/\/produba.com\/index.php\/wp-json\/wp\/v2\/categories?post=3691"},{"taxonomy":"post_tag","embeddable":true,"href":"https:\/\/produba.com\/index.php\/wp-json\/wp\/v2\/tags?post=3691"}],"curies":[{"name":"wp","href":"https:\/\/api.w.org\/{rel}","templated":true}]}}