{"id":3120,"date":"2026-04-29T13:19:12","date_gmt":"2026-04-29T16:19:12","guid":{"rendered":"https:\/\/produba.com\/?p=3120"},"modified":"2026-04-29T13:28:41","modified_gmt":"2026-04-29T16:28:41","slug":"sello-olavarriense-la-marca-con-la-que-el-municipio-busca-impulsar-la-produccion-local","status":"publish","type":"post","link":"https:\/\/produba.com\/index.php\/2026\/04\/29\/sello-olavarriense-la-marca-con-la-que-el-municipio-busca-impulsar-la-produccion-local\/","title":{"rendered":"\u201cProducto Olavarriense\u201d, la marca con la que el Municipio busca impulsar la producci\u00f3n local"},"content":{"rendered":"\n<h5>La iniciativa es promovida por la Secretar\u00eda de Desarrollo Econ\u00f3mico y Productivo de Olavarr\u00eda y apunta a fortalecer el desarrollo productivo local, a partir del despliegue de distintas herramientas para emprendedores y productores olavarrienses<\/h5>\n\n\n\n<p><strong>El Municipio de Olavarr\u00eda contin\u00faa acompa\u00f1ando a productores locales<\/strong>, fomentando el asociativismo y promoviendo diversos espacios y propuestas que permitan dar mayor visibilidad y oportunidades al sector. Uno de esos ejemplos es <strong>el sello \u201cProducto Olavarriense\u201d, una iniciativa que es promovida desde la Secretar\u00eda de Desarrollo Econ\u00f3mico y Productivo con el objetivo de impulsar una marca que distinga a las producciones locales<\/strong> y, a la par, que represente en distintos eventos y actividades que se realizan a ese partido y la regi\u00f3n.<\/p>\n\n\n\n<blockquote class=\"instagram-media\" data-instgrm-captioned=\"\" data-instgrm-permalink=\"https:\/\/www.instagram.com\/reel\/DXt2a80kuXF\/?utm_source=ig_embed&amp;utm_campaign=loading\" data-instgrm-version=\"14\" style=\" background:#FFF; border:0; border-radius:3px; box-shadow:0 0 1px 0 rgba(0,0,0,0.5),0 1px 10px 0 rgba(0,0,0,0.15); margin: 1px; max-width:540px; min-width:326px; padding:0; width:99.375%; width:-webkit-calc(100% - 2px); width:calc(100% - 2px);\"><div style=\"padding:16px;\"> <a href=\"https:\/\/www.instagram.com\/reel\/DXt2a80kuXF\/?utm_source=ig_embed&amp;utm_campaign=loading\" style=\" background:#FFFFFF; line-height:0; padding:0 0; text-align:center; text-decoration:none; width:100%;\" target=\"_blank\" rel=\"noopener\"> <div style=\" display: flex; flex-direction: row; align-items: center;\"> <div style=\"background-color: #F4F4F4; border-radius: 50%; flex-grow: 0; height: 40px; margin-right: 14px; width: 40px;\"><\/div> <div style=\"display: flex; flex-direction: column; flex-grow: 1; justify-content: center;\"> <div style=\" background-color: #F4F4F4; border-radius: 4px; flex-grow: 0; height: 14px; margin-bottom: 6px; width: 100px;\"><\/div> <div style=\" background-color: #F4F4F4; border-radius: 4px; flex-grow: 0; height: 14px; width: 60px;\"><\/div><\/div><\/div><div style=\"padding: 19% 0;\"><\/div> <div style=\"display:block; height:50px; margin:0 auto 12px; width:50px;\"><svg width=\"50px\" height=\"50px\" viewBox=\"0 0 60 60\" version=\"1.1\" xmlns=\"https:\/\/www.w3.org\/2000\/svg\" xmlns:xlink=\"https:\/\/www.w3.org\/1999\/xlink\"><g stroke=\"none\" stroke-width=\"1\" fill=\"none\" fill-rule=\"evenodd\"><g transform=\"translate(-511.000000, -20.000000)\" fill=\"#000000\"><g><path d=\"M556.869,30.41 C554.814,30.41 553.148,32.076 553.148,34.131 C553.148,36.186 554.814,37.852 556.869,37.852 C558.924,37.852 560.59,36.186 560.59,34.131 C560.59,32.076 558.924,30.41 556.869,30.41 M541,60.657 C535.114,60.657 530.342,55.887 530.342,50 C530.342,44.114 535.114,39.342 541,39.342 C546.887,39.342 551.658,44.114 551.658,50 C551.658,55.887 546.887,60.657 541,60.657 M541,33.886 C532.1,33.886 524.886,41.1 524.886,50 C524.886,58.899 532.1,66.113 541,66.113 C549.9,66.113 557.115,58.899 557.115,50 C557.115,41.1 549.9,33.886 541,33.886 M565.378,62.101 C565.244,65.022 564.756,66.606 564.346,67.663 C563.803,69.06 563.154,70.057 562.106,71.106 C561.058,72.155 560.06,72.803 558.662,73.347 C557.607,73.757 556.021,74.244 553.102,74.378 C549.944,74.521 548.997,74.552 541,74.552 C533.003,74.552 532.056,74.521 528.898,74.378 C525.979,74.244 524.393,73.757 523.338,73.347 C521.94,72.803 520.942,72.155 519.894,71.106 C518.846,70.057 518.197,69.06 517.654,67.663 C517.244,66.606 516.755,65.022 516.623,62.101 C516.479,58.943 516.448,57.996 516.448,50 C516.448,42.003 516.479,41.056 516.623,37.899 C516.755,34.978 517.244,33.391 517.654,32.338 C518.197,30.938 518.846,29.942 519.894,28.894 C520.942,27.846 521.94,27.196 523.338,26.654 C524.393,26.244 525.979,25.756 528.898,25.623 C532.057,25.479 533.004,25.448 541,25.448 C548.997,25.448 549.943,25.479 553.102,25.623 C556.021,25.756 557.607,26.244 558.662,26.654 C560.06,27.196 561.058,27.846 562.106,28.894 C563.154,29.942 563.803,30.938 564.346,32.338 C564.756,33.391 565.244,34.978 565.378,37.899 C565.522,41.056 565.552,42.003 565.552,50 C565.552,57.996 565.522,58.943 565.378,62.101 M570.82,37.631 C570.674,34.438 570.167,32.258 569.425,30.349 C568.659,28.377 567.633,26.702 565.965,25.035 C564.297,23.368 562.623,22.342 560.652,21.575 C558.743,20.834 556.562,20.326 553.369,20.18 C550.169,20.033 549.148,20 541,20 C532.853,20 531.831,20.033 528.631,20.18 C525.438,20.326 523.257,20.834 521.349,21.575 C519.376,22.342 517.703,23.368 516.035,25.035 C514.368,26.702 513.342,28.377 512.574,30.349 C511.834,32.258 511.326,34.438 511.181,37.631 C511.035,40.831 511,41.851 511,50 C511,58.147 511.035,59.17 511.181,62.369 C511.326,65.562 511.834,67.743 512.574,69.651 C513.342,71.625 514.368,73.296 516.035,74.965 C517.703,76.634 519.376,77.658 521.349,78.425 C523.257,79.167 525.438,79.673 528.631,79.82 C531.831,79.965 532.853,80.001 541,80.001 C549.148,80.001 550.169,79.965 553.369,79.82 C556.562,79.673 558.743,79.167 560.652,78.425 C562.623,77.658 564.297,76.634 565.965,74.965 C567.633,73.296 568.659,71.625 569.425,69.651 C570.167,67.743 570.674,65.562 570.82,62.369 C570.966,59.17 571,58.147 571,50 C571,41.851 570.966,40.831 570.82,37.631\"><\/path><\/g><\/g><\/g><\/svg><\/div><div style=\"padding-top: 8px;\"> <div style=\" color:#3897f0; font-family:Arial,sans-serif; font-size:14px; font-style:normal; font-weight:550; line-height:18px;\">Ver esta publicaci\u00f3n en Instagram<\/div><\/div><div style=\"padding: 12.5% 0;\"><\/div> <div style=\"display: flex; flex-direction: row; margin-bottom: 14px; align-items: center;\"><div> <div style=\"background-color: #F4F4F4; border-radius: 50%; height: 12.5px; width: 12.5px; transform: translateX(0px) translateY(7px);\"><\/div> <div style=\"background-color: #F4F4F4; height: 12.5px; transform: rotate(-45deg) translateX(3px) translateY(1px); width: 12.5px; flex-grow: 0; margin-right: 14px; margin-left: 2px;\"><\/div> <div style=\"background-color: #F4F4F4; border-radius: 50%; height: 12.5px; width: 12.5px; transform: translateX(9px) translateY(-18px);\"><\/div><\/div><div style=\"margin-left: 8px;\"> <div style=\" background-color: #F4F4F4; border-radius: 50%; flex-grow: 0; height: 20px; width: 20px;\"><\/div> <div style=\" width: 0; height: 0; border-top: 2px solid transparent; border-left: 6px solid #f4f4f4; border-bottom: 2px solid transparent; transform: translateX(16px) translateY(-4px) rotate(30deg)\"><\/div><\/div><div style=\"margin-left: auto;\"> <div style=\" width: 0px; border-top: 8px solid #F4F4F4; border-right: 8px solid transparent; transform: translateY(16px);\"><\/div> <div style=\" background-color: #F4F4F4; flex-grow: 0; height: 12px; width: 16px; transform: translateY(-4px);\"><\/div> <div style=\" width: 0; height: 0; border-top: 8px solid #F4F4F4; border-left: 8px solid transparent; transform: translateY(-4px) translateX(8px);\"><\/div><\/div><\/div> <div style=\"display: flex; flex-direction: column; flex-grow: 1; justify-content: center; margin-bottom: 24px;\"> <div style=\" background-color: #F4F4F4; border-radius: 4px; flex-grow: 0; height: 14px; margin-bottom: 6px; width: 224px;\"><\/div> <div style=\" background-color: #F4F4F4; border-radius: 4px; flex-grow: 0; height: 14px; width: 144px;\"><\/div><\/div><\/a><p style=\" color:#c9c8cd; font-family:Arial,sans-serif; font-size:14px; line-height:17px; margin-bottom:0; margin-top:8px; overflow:hidden; padding:8px 0 7px; text-align:center; text-overflow:ellipsis; white-space:nowrap;\"><a href=\"https:\/\/www.instagram.com\/reel\/DXt2a80kuXF\/?utm_source=ig_embed&amp;utm_campaign=loading\" style=\" color:#c9c8cd; font-family:Arial,sans-serif; font-size:14px; font-style:normal; font-weight:normal; line-height:17px; text-decoration:none;\" target=\"_blank\" rel=\"noopener\">Una publicaci\u00f3n compartida por Olavarr\u00eda Municipio (@olavarriamunicipio)<\/a><\/p><\/div><\/blockquote>\n<script async=\"\" src=\"\/\/www.instagram.com\/embed.js\"><\/script>\n\n\n\n<p>En ese marco, <strong>se destaca que recientemente tres nuevos productores locales se sumaron a \u201cProducto Olavarriense\u201d, el cual fue presentado a fines del a\u00f1o pasado en el marco de la Expo Olavarr\u00eda Produce.<\/strong> Es llevado adelante a trav\u00e9s de las Coordinaciones de Econom\u00eda Popular y de Turismo, con la meta de potenciar y visibilizar elementos elaborados por manos locales, adem\u00e1s de continuar potenciando los atributos tur\u00edsticos que tiene nuestra ciudad.<\/p>\n\n\n\n<figure class=\"wp-block-image size-large\"><img decoding=\"async\" width=\"1024\" height=\"683\" src=\"https:\/\/produba.com\/wp-content\/uploads\/2026\/04\/Producto-Olavarriense-1-scaled-1-1024x683.jpg\" alt=\"\" class=\"wp-image-3121\" srcset=\"https:\/\/produba.com\/wp-content\/uploads\/2026\/04\/Producto-Olavarriense-1-scaled-1-1024x683.jpg 1024w, https:\/\/produba.com\/wp-content\/uploads\/2026\/04\/Producto-Olavarriense-1-scaled-1-300x200.jpg 300w, https:\/\/produba.com\/wp-content\/uploads\/2026\/04\/Producto-Olavarriense-1-scaled-1-768x512.jpg 768w, https:\/\/produba.com\/wp-content\/uploads\/2026\/04\/Producto-Olavarriense-1-scaled-1-1536x1024.jpg 1536w, https:\/\/produba.com\/wp-content\/uploads\/2026\/04\/Producto-Olavarriense-1-scaled-1-2048x1366.jpg 2048w, https:\/\/produba.com\/wp-content\/uploads\/2026\/04\/Producto-Olavarriense-1-scaled-1-1920x1280.jpg 1920w, https:\/\/produba.com\/wp-content\/uploads\/2026\/04\/Producto-Olavarriense-1-scaled-1-1440x960.jpg 1440w, https:\/\/produba.com\/wp-content\/uploads\/2026\/04\/Producto-Olavarriense-1-scaled-1-1200x800.jpg 1200w, https:\/\/produba.com\/wp-content\/uploads\/2026\/04\/Producto-Olavarriense-1-scaled-1-780x520.jpg 780w, https:\/\/produba.com\/wp-content\/uploads\/2026\/04\/Producto-Olavarriense-1-scaled-1-600x400.jpg 600w, https:\/\/produba.com\/wp-content\/uploads\/2026\/04\/Producto-Olavarriense-1-scaled-1-550x367.jpg 550w, https:\/\/produba.com\/wp-content\/uploads\/2026\/04\/Producto-Olavarriense-1-scaled-1-370x247.jpg 370w, https:\/\/produba.com\/wp-content\/uploads\/2026\/04\/Producto-Olavarriense-1-scaled-1-255x170.jpg 255w\" sizes=\"(max-width: 1024px) 100vw, 1024px\" \/><\/figure>\n\n\n\n<p>Los nuevos integrantes fueron presentados en el marco de un encuentro que se realiz\u00f3 d\u00edas atr\u00e1s en el Sal\u00f3n Blanco del Palacio Municipal, encabezado por el secretario de Desarrollo Econ\u00f3mico y Productivo, Jos\u00e9 Pablo Di Uono, Mercedes Silva Quiterio de la Coordinaci\u00f3n de Turismo y Solange Rivarola Vales de la Coordinaci\u00f3n de Econom\u00eda Popular.<\/p>\n\n\n\n<p>Se trata de Carlos Laguardia, artesano fiscalizado por la Subsecretar\u00eda de Cultura, con trabajos Artesanales en Cuero como cintos, porta mates, carteras, bandoleras, llaveros; Mario Fern\u00e1ndez de Melqu\u00edades Artesan\u00edas del rubro orfebre, artesano fiscalizado por la Subsecretar\u00eda de Cultura, quien realiza producciones como bombillas y mates personalizados, cuchillos y tenedores encabados en madera, anillos, dijes, aros, se\u00f1aladores; y Karina Rasmunsen de Vellocino, un emprendimiento textil de confecci\u00f3n de mantas, manteler\u00eda, pa\u00f1os multiuso, caminos, pie de cama, almohadones, entre otras producciones.<\/p>\n\n\n\n<figure class=\"wp-block-image size-large\"><img decoding=\"async\" width=\"1024\" height=\"683\" src=\"https:\/\/produba.com\/wp-content\/uploads\/2026\/04\/Producto-Olavarriense-3-scaled-1-1024x683.jpg\" alt=\"\" class=\"wp-image-3124\" srcset=\"https:\/\/produba.com\/wp-content\/uploads\/2026\/04\/Producto-Olavarriense-3-scaled-1-1024x683.jpg 1024w, https:\/\/produba.com\/wp-content\/uploads\/2026\/04\/Producto-Olavarriense-3-scaled-1-300x200.jpg 300w, https:\/\/produba.com\/wp-content\/uploads\/2026\/04\/Producto-Olavarriense-3-scaled-1-768x512.jpg 768w, https:\/\/produba.com\/wp-content\/uploads\/2026\/04\/Producto-Olavarriense-3-scaled-1-1536x1024.jpg 1536w, https:\/\/produba.com\/wp-content\/uploads\/2026\/04\/Producto-Olavarriense-3-scaled-1-2048x1366.jpg 2048w, https:\/\/produba.com\/wp-content\/uploads\/2026\/04\/Producto-Olavarriense-3-scaled-1-1920x1280.jpg 1920w, https:\/\/produba.com\/wp-content\/uploads\/2026\/04\/Producto-Olavarriense-3-scaled-1-1440x960.jpg 1440w, https:\/\/produba.com\/wp-content\/uploads\/2026\/04\/Producto-Olavarriense-3-scaled-1-1200x800.jpg 1200w, https:\/\/produba.com\/wp-content\/uploads\/2026\/04\/Producto-Olavarriense-3-scaled-1-780x520.jpg 780w, https:\/\/produba.com\/wp-content\/uploads\/2026\/04\/Producto-Olavarriense-3-scaled-1-600x400.jpg 600w, https:\/\/produba.com\/wp-content\/uploads\/2026\/04\/Producto-Olavarriense-3-scaled-1-550x367.jpg 550w, https:\/\/produba.com\/wp-content\/uploads\/2026\/04\/Producto-Olavarriense-3-scaled-1-370x247.jpg 370w, https:\/\/produba.com\/wp-content\/uploads\/2026\/04\/Producto-Olavarriense-3-scaled-1-255x170.jpg 255w\" sizes=\"(max-width: 1024px) 100vw, 1024px\" \/><\/figure>\n\n\n\n<p>En la ocasi\u00f3n se les dio la bienvenida y se les explic\u00f3 adem\u00e1s la din\u00e1mica de trabajo a la hora de comercializar de manera asociativa.<\/p>\n\n\n\n<p>Desde la Secretar\u00eda de Desarrollo Econ\u00f3mico y Productivo se destac\u00f3 que ya son 16 los productores y productoras locales que integran la iniciativa, y que este 30 de abril y 1\u00b0 de mayo estar\u00e1n presentes ofreciendo sus producciones en la 37\u00b0 edici\u00f3n de la Vuelta al Municipio.<\/p>\n\n\n\n<figure class=\"wp-block-image size-large\"><img decoding=\"async\" width=\"1024\" height=\"683\" src=\"https:\/\/produba.com\/wp-content\/uploads\/2026\/04\/Producto-Olavarriense-9-scaled-1-1024x683.jpg\" alt=\"\" class=\"wp-image-3122\" srcset=\"https:\/\/produba.com\/wp-content\/uploads\/2026\/04\/Producto-Olavarriense-9-scaled-1-1024x683.jpg 1024w, https:\/\/produba.com\/wp-content\/uploads\/2026\/04\/Producto-Olavarriense-9-scaled-1-300x200.jpg 300w, https:\/\/produba.com\/wp-content\/uploads\/2026\/04\/Producto-Olavarriense-9-scaled-1-768x512.jpg 768w, https:\/\/produba.com\/wp-content\/uploads\/2026\/04\/Producto-Olavarriense-9-scaled-1-1536x1024.jpg 1536w, https:\/\/produba.com\/wp-content\/uploads\/2026\/04\/Producto-Olavarriense-9-scaled-1-2048x1366.jpg 2048w, https:\/\/produba.com\/wp-content\/uploads\/2026\/04\/Producto-Olavarriense-9-scaled-1-1920x1280.jpg 1920w, https:\/\/produba.com\/wp-content\/uploads\/2026\/04\/Producto-Olavarriense-9-scaled-1-1440x960.jpg 1440w, https:\/\/produba.com\/wp-content\/uploads\/2026\/04\/Producto-Olavarriense-9-scaled-1-1200x800.jpg 1200w, https:\/\/produba.com\/wp-content\/uploads\/2026\/04\/Producto-Olavarriense-9-scaled-1-780x520.jpg 780w, https:\/\/produba.com\/wp-content\/uploads\/2026\/04\/Producto-Olavarriense-9-scaled-1-600x400.jpg 600w, https:\/\/produba.com\/wp-content\/uploads\/2026\/04\/Producto-Olavarriense-9-scaled-1-550x367.jpg 550w, https:\/\/produba.com\/wp-content\/uploads\/2026\/04\/Producto-Olavarriense-9-scaled-1-370x247.jpg 370w, https:\/\/produba.com\/wp-content\/uploads\/2026\/04\/Producto-Olavarriense-9-scaled-1-255x170.jpg 255w\" sizes=\"(max-width: 1024px) 100vw, 1024px\" \/><\/figure>\n\n\n\n<p>El secretario de Desarrollo Econ\u00f3mico y Producci\u00f3n olavarriense, Jos\u00e9 Pablo Di Uono, coment\u00f3 la iniciativa en las redes sociales del gobierno municipal: <em>\u201cDesde el municipio de Olavarr\u00eda en un contexto econ\u00f3mico adverso venimos impulsando distintas herramientas para fortalecer nuestro desarrollo local y generar m\u00e1s oportunidades\u201d.<\/em><\/p>\n\n\n\n<p><em>\u201cDesde la Secretar\u00eda de Desarrollo Econ\u00f3mico y Productivo acompa\u00f1amos a quienes producen y generan valor en nuestro partido\u201d<\/em> sostuvo Di Uono. Y agreg\u00f3: <em>\u201cIncorporamos productores y emprendedores a \u201cSello olavarriense\u201d, un programa para fortalecer nuestra marca y nuestra identidad\u201d.<\/em><\/p>\n\n\n\n<figure class=\"wp-block-image size-large\"><img decoding=\"async\" width=\"1024\" height=\"683\" src=\"https:\/\/produba.com\/wp-content\/uploads\/2026\/04\/Producto-Olavarriense-4-scaled-1-1024x683.jpg\" alt=\"\" class=\"wp-image-3123\" srcset=\"https:\/\/produba.com\/wp-content\/uploads\/2026\/04\/Producto-Olavarriense-4-scaled-1-1024x683.jpg 1024w, https:\/\/produba.com\/wp-content\/uploads\/2026\/04\/Producto-Olavarriense-4-scaled-1-300x200.jpg 300w, https:\/\/produba.com\/wp-content\/uploads\/2026\/04\/Producto-Olavarriense-4-scaled-1-768x512.jpg 768w, https:\/\/produba.com\/wp-content\/uploads\/2026\/04\/Producto-Olavarriense-4-scaled-1-1536x1024.jpg 1536w, https:\/\/produba.com\/wp-content\/uploads\/2026\/04\/Producto-Olavarriense-4-scaled-1-2048x1366.jpg 2048w, https:\/\/produba.com\/wp-content\/uploads\/2026\/04\/Producto-Olavarriense-4-scaled-1-1920x1280.jpg 1920w, https:\/\/produba.com\/wp-content\/uploads\/2026\/04\/Producto-Olavarriense-4-scaled-1-1440x960.jpg 1440w, https:\/\/produba.com\/wp-content\/uploads\/2026\/04\/Producto-Olavarriense-4-scaled-1-1200x800.jpg 1200w, https:\/\/produba.com\/wp-content\/uploads\/2026\/04\/Producto-Olavarriense-4-scaled-1-780x520.jpg 780w, https:\/\/produba.com\/wp-content\/uploads\/2026\/04\/Producto-Olavarriense-4-scaled-1-600x400.jpg 600w, https:\/\/produba.com\/wp-content\/uploads\/2026\/04\/Producto-Olavarriense-4-scaled-1-550x367.jpg 550w, https:\/\/produba.com\/wp-content\/uploads\/2026\/04\/Producto-Olavarriense-4-scaled-1-370x247.jpg 370w, https:\/\/produba.com\/wp-content\/uploads\/2026\/04\/Producto-Olavarriense-4-scaled-1-255x170.jpg 255w\" sizes=\"(max-width: 1024px) 100vw, 1024px\" \/><\/figure>\n\n\n\n<p><em>\u201cGeneramos compras colectivas con unidades productivas textiles para ahorrar costos y mejorar su eficiencia. Acompa\u00f1amos a nuestras pymes en la presentaci\u00f3n de herramientas junto al Banco Provincia para el acceso a cr\u00e9ditos\u201d<\/em>, detall\u00f3 el funcionario olavarriense.<\/p>\n\n\n\n<p>Por \u00faltimo, Di Uono concluy\u00f3: <em>\u201cFortalecemos a nuestro entramado comercial con distintas actividades y propuestas. Acompa\u00f1amos a peque\u00f1os productores y emprendedores de la econom\u00eda popular para fortalecer su capacitaci\u00f3n y formalizaci\u00f3n\u201d.<\/em><\/p>\n","protected":false},"excerpt":{"rendered":"<p>La iniciativa es promovida por la Secretar\u00eda de Desarrollo Econ\u00f3mico y Productivo de Olavarr\u00eda y apunta a fortalecer el desarrollo productivo local, a partir del despliegue de distintas herramientas para emprendedores y productores olavarrienses El Municipio de Olavarr\u00eda contin\u00faa acompa\u00f1ando a productores locales, fomentando el asociativismo y promoviendo diversos espacios y propuestas que permitan dar &#8230;<\/p>\n","protected":false},"author":1,"featured_media":3125,"comment_status":"closed","ping_status":"closed","sticky":false,"template":"","format":"standard","meta":{"loftocean_post_format_gallery":"","loftocean_post_format_gallery_ids":"","loftocean_post_format_gallery_urls":"","loftocean_post_format_video_id":0,"loftocean_post_format_video_url":"","loftocean_post_format_video_type":"","loftocean_post_format_video":"","loftocean_post_format_audio_type":"","loftocean_post_format_audio_url":"","loftocean_post_format_audio_id":0,"loftocean_post_format_audio":"","loftocean-featured-post":"","loftocean-like-count":0,"loftocean-view-count":2,"loftocean_coauthors":"","alpaca_post_content_reading_setting":"","alpaca_reading_speed_per_minute":0,"alpaca_reading_speed_unit":"","alpaca_single_post_template_layout":""},"categories":[4,6,3],"tags":[117,625,58,65,637,45],"loftoceanMetas":{"readingTime":"3 minutos de lectura","authorName":"ProduBA","categories":[{"name":"Desarrollo Local","link":"https:\/\/produba.com\/index.php\/category\/desarrollo_local\/","count":199},{"name":"Municipios","link":"https:\/\/produba.com\/index.php\/category\/municipios\/","count":381},{"name":"Producci\u00f3n","link":"https:\/\/produba.com\/index.php\/category\/produccion\/","count":404}],"date":"29 de abril de 2026","featuredImageSRC":"https:\/\/produba.com\/wp-content\/uploads\/2026\/04\/Producto-Olavarriense-6-scaled-1-150x150.jpg"},"_links":{"self":[{"href":"https:\/\/produba.com\/index.php\/wp-json\/wp\/v2\/posts\/3120"}],"collection":[{"href":"https:\/\/produba.com\/index.php\/wp-json\/wp\/v2\/posts"}],"about":[{"href":"https:\/\/produba.com\/index.php\/wp-json\/wp\/v2\/types\/post"}],"author":[{"embeddable":true,"href":"https:\/\/produba.com\/index.php\/wp-json\/wp\/v2\/users\/1"}],"replies":[{"embeddable":true,"href":"https:\/\/produba.com\/index.php\/wp-json\/wp\/v2\/comments?post=3120"}],"version-history":[{"count":3,"href":"https:\/\/produba.com\/index.php\/wp-json\/wp\/v2\/posts\/3120\/revisions"}],"predecessor-version":[{"id":3128,"href":"https:\/\/produba.com\/index.php\/wp-json\/wp\/v2\/posts\/3120\/revisions\/3128"}],"wp:featuredmedia":[{"embeddable":true,"href":"https:\/\/produba.com\/index.php\/wp-json\/wp\/v2\/media\/3125"}],"wp:attachment":[{"href":"https:\/\/produba.com\/index.php\/wp-json\/wp\/v2\/media?parent=3120"}],"wp:term":[{"taxonomy":"category","embeddable":true,"href":"https:\/\/produba.com\/index.php\/wp-json\/wp\/v2\/categories?post=3120"},{"taxonomy":"post_tag","embeddable":true,"href":"https:\/\/produba.com\/index.php\/wp-json\/wp\/v2\/tags?post=3120"}],"curies":[{"name":"wp","href":"https:\/\/api.w.org\/{rel}","templated":true}]}}