{"id":2914,"date":"2026-03-17T12:26:26","date_gmt":"2026-03-17T15:26:26","guid":{"rendered":"https:\/\/produba.com\/?p=2914"},"modified":"2026-03-17T12:26:27","modified_gmt":"2026-03-17T15:26:27","slug":"con-una-fuerte-apuesta-al-desarrollo-local-el-parque-industrial-de-mar-del-plata-festejo-su-51-aniversario","status":"publish","type":"post","link":"https:\/\/produba.com\/index.php\/2026\/03\/17\/con-una-fuerte-apuesta-al-desarrollo-local-el-parque-industrial-de-mar-del-plata-festejo-su-51-aniversario\/","title":{"rendered":"Con una fuerte apuesta al desarrollo local, el Parque Industrial de Mar del Plata festej\u00f3 su 51\u00b0 aniversario"},"content":{"rendered":"\n<h5>Autoridades del agrupamiento industrial y representantes de la comuna marplatense, as\u00ed como empresarios y miembros de instituciones locales participaron del acto que conmemor\u00f3 la creaci\u00f3n del \u00e1rea industrial m\u00e1s importante del distrito. Los presentes destacaron el rol estrat\u00e9gico del parque en el desarrollo productivo y el empleo local<\/h5>\n\n\n\n<p><strong>El Parque Industrial Mar del Plata &#8211; Bat\u00e1n celebr\u00f3 el 51\u00b0 aniversario de su creaci\u00f3n con un acto conmemorativo realizado en el nuevo ingreso del Camino San Francisco de As\u00eds. El evento reuni\u00f3 a autoridades municipales, empresarios y representantes de instituciones vinculadas al entramado productivo local.<\/strong><\/p>\n\n\n\n<blockquote class=\"instagram-media\" data-instgrm-captioned data-instgrm-permalink=\"https:\/\/www.instagram.com\/p\/DVuXSnhDRuv\/?utm_source=ig_embed&amp;utm_campaign=loading\" data-instgrm-version=\"14\" style=\" background:#FFF; border:0; border-radius:3px; box-shadow:0 0 1px 0 rgba(0,0,0,0.5),0 1px 10px 0 rgba(0,0,0,0.15); margin: 1px; max-width:540px; min-width:326px; padding:0; width:99.375%; width:-webkit-calc(100% - 2px); width:calc(100% - 2px);\"><div style=\"padding:16px;\"> <a href=\"https:\/\/www.instagram.com\/p\/DVuXSnhDRuv\/?utm_source=ig_embed&amp;utm_campaign=loading\" style=\" background:#FFFFFF; line-height:0; padding:0 0; text-align:center; text-decoration:none; width:100%;\" target=\"_blank\" rel=\"noopener\"> <div style=\" display: flex; flex-direction: row; align-items: center;\"> <div style=\"background-color: #F4F4F4; border-radius: 50%; flex-grow: 0; height: 40px; margin-right: 14px; width: 40px;\"><\/div> <div style=\"display: flex; flex-direction: column; flex-grow: 1; justify-content: center;\"> <div style=\" background-color: #F4F4F4; border-radius: 4px; flex-grow: 0; height: 14px; margin-bottom: 6px; width: 100px;\"><\/div> <div style=\" background-color: #F4F4F4; border-radius: 4px; flex-grow: 0; height: 14px; width: 60px;\"><\/div><\/div><\/div><div style=\"padding: 19% 0;\"><\/div> <div style=\"display:block; height:50px; margin:0 auto 12px; width:50px;\"><svg width=\"50px\" height=\"50px\" viewBox=\"0 0 60 60\" version=\"1.1\" xmlns=\"https:\/\/www.w3.org\/2000\/svg\" xmlns:xlink=\"https:\/\/www.w3.org\/1999\/xlink\"><g stroke=\"none\" stroke-width=\"1\" fill=\"none\" fill-rule=\"evenodd\"><g transform=\"translate(-511.000000, -20.000000)\" fill=\"#000000\"><g><path d=\"M556.869,30.41 C554.814,30.41 553.148,32.076 553.148,34.131 C553.148,36.186 554.814,37.852 556.869,37.852 C558.924,37.852 560.59,36.186 560.59,34.131 C560.59,32.076 558.924,30.41 556.869,30.41 M541,60.657 C535.114,60.657 530.342,55.887 530.342,50 C530.342,44.114 535.114,39.342 541,39.342 C546.887,39.342 551.658,44.114 551.658,50 C551.658,55.887 546.887,60.657 541,60.657 M541,33.886 C532.1,33.886 524.886,41.1 524.886,50 C524.886,58.899 532.1,66.113 541,66.113 C549.9,66.113 557.115,58.899 557.115,50 C557.115,41.1 549.9,33.886 541,33.886 M565.378,62.101 C565.244,65.022 564.756,66.606 564.346,67.663 C563.803,69.06 563.154,70.057 562.106,71.106 C561.058,72.155 560.06,72.803 558.662,73.347 C557.607,73.757 556.021,74.244 553.102,74.378 C549.944,74.521 548.997,74.552 541,74.552 C533.003,74.552 532.056,74.521 528.898,74.378 C525.979,74.244 524.393,73.757 523.338,73.347 C521.94,72.803 520.942,72.155 519.894,71.106 C518.846,70.057 518.197,69.06 517.654,67.663 C517.244,66.606 516.755,65.022 516.623,62.101 C516.479,58.943 516.448,57.996 516.448,50 C516.448,42.003 516.479,41.056 516.623,37.899 C516.755,34.978 517.244,33.391 517.654,32.338 C518.197,30.938 518.846,29.942 519.894,28.894 C520.942,27.846 521.94,27.196 523.338,26.654 C524.393,26.244 525.979,25.756 528.898,25.623 C532.057,25.479 533.004,25.448 541,25.448 C548.997,25.448 549.943,25.479 553.102,25.623 C556.021,25.756 557.607,26.244 558.662,26.654 C560.06,27.196 561.058,27.846 562.106,28.894 C563.154,29.942 563.803,30.938 564.346,32.338 C564.756,33.391 565.244,34.978 565.378,37.899 C565.522,41.056 565.552,42.003 565.552,50 C565.552,57.996 565.522,58.943 565.378,62.101 M570.82,37.631 C570.674,34.438 570.167,32.258 569.425,30.349 C568.659,28.377 567.633,26.702 565.965,25.035 C564.297,23.368 562.623,22.342 560.652,21.575 C558.743,20.834 556.562,20.326 553.369,20.18 C550.169,20.033 549.148,20 541,20 C532.853,20 531.831,20.033 528.631,20.18 C525.438,20.326 523.257,20.834 521.349,21.575 C519.376,22.342 517.703,23.368 516.035,25.035 C514.368,26.702 513.342,28.377 512.574,30.349 C511.834,32.258 511.326,34.438 511.181,37.631 C511.035,40.831 511,41.851 511,50 C511,58.147 511.035,59.17 511.181,62.369 C511.326,65.562 511.834,67.743 512.574,69.651 C513.342,71.625 514.368,73.296 516.035,74.965 C517.703,76.634 519.376,77.658 521.349,78.425 C523.257,79.167 525.438,79.673 528.631,79.82 C531.831,79.965 532.853,80.001 541,80.001 C549.148,80.001 550.169,79.965 553.369,79.82 C556.562,79.673 558.743,79.167 560.652,78.425 C562.623,77.658 564.297,76.634 565.965,74.965 C567.633,73.296 568.659,71.625 569.425,69.651 C570.167,67.743 570.674,65.562 570.82,62.369 C570.966,59.17 571,58.147 571,50 C571,41.851 570.966,40.831 570.82,37.631\"><\/path><\/g><\/g><\/g><\/svg><\/div><div style=\"padding-top: 8px;\"> <div style=\" color:#3897f0; font-family:Arial,sans-serif; font-size:14px; font-style:normal; font-weight:550; line-height:18px;\">Ver esta publicaci\u00f3n en Instagram<\/div><\/div><div style=\"padding: 12.5% 0;\"><\/div> <div style=\"display: flex; flex-direction: row; margin-bottom: 14px; align-items: center;\"><div> <div style=\"background-color: #F4F4F4; border-radius: 50%; height: 12.5px; width: 12.5px; transform: translateX(0px) translateY(7px);\"><\/div> <div style=\"background-color: #F4F4F4; height: 12.5px; transform: rotate(-45deg) translateX(3px) translateY(1px); width: 12.5px; flex-grow: 0; margin-right: 14px; margin-left: 2px;\"><\/div> <div style=\"background-color: #F4F4F4; border-radius: 50%; height: 12.5px; width: 12.5px; transform: translateX(9px) translateY(-18px);\"><\/div><\/div><div style=\"margin-left: 8px;\"> <div style=\" background-color: #F4F4F4; border-radius: 50%; flex-grow: 0; height: 20px; width: 20px;\"><\/div> <div style=\" width: 0; height: 0; border-top: 2px solid transparent; border-left: 6px solid #f4f4f4; border-bottom: 2px solid transparent; transform: translateX(16px) translateY(-4px) rotate(30deg)\"><\/div><\/div><div style=\"margin-left: auto;\"> <div style=\" width: 0px; border-top: 8px solid #F4F4F4; border-right: 8px solid transparent; transform: translateY(16px);\"><\/div> <div style=\" background-color: #F4F4F4; flex-grow: 0; height: 12px; width: 16px; transform: translateY(-4px);\"><\/div> <div style=\" width: 0; height: 0; border-top: 8px solid #F4F4F4; border-left: 8px solid transparent; transform: translateY(-4px) translateX(8px);\"><\/div><\/div><\/div> <div style=\"display: flex; flex-direction: column; flex-grow: 1; justify-content: center; margin-bottom: 24px;\"> <div style=\" background-color: #F4F4F4; border-radius: 4px; flex-grow: 0; height: 14px; margin-bottom: 6px; width: 224px;\"><\/div> <div style=\" background-color: #F4F4F4; border-radius: 4px; flex-grow: 0; height: 14px; width: 144px;\"><\/div><\/div><\/a><p style=\" color:#c9c8cd; font-family:Arial,sans-serif; font-size:14px; line-height:17px; margin-bottom:0; margin-top:8px; overflow:hidden; padding:8px 0 7px; text-align:center; text-overflow:ellipsis; white-space:nowrap;\"><a href=\"https:\/\/www.instagram.com\/p\/DVuXSnhDRuv\/?utm_source=ig_embed&amp;utm_campaign=loading\" style=\" color:#c9c8cd; font-family:Arial,sans-serif; font-size:14px; font-style:normal; font-weight:normal; line-height:17px; text-decoration:none;\" target=\"_blank\" rel=\"noopener\">Una publicaci\u00f3n compartida por Parque Industrial (@parquemdp)<\/a><\/p><\/div><\/blockquote>\n<script async src=\"\/\/www.instagram.com\/embed.js\"><\/script>\n\n\n\n<p>La ceremonia cont\u00f3 con la participaci\u00f3n de la Banda de M\u00fasica de la Agrupaci\u00f3n de Artiller\u00eda Antia\u00e9rea 601 Escuela, que interpret\u00f3 el Himno Nacional Argentino.<\/p>\n\n\n\n<p>Durante el encuentro hicieron uso de la palabra el Padre Hern\u00e1n David, vicario general de la Di\u00f3cesis de Mar del Plata -en representaci\u00f3n del Obispo de la ciudad-; <strong>el presidente del Parque Industrial, Luis Emilio Terry Artusa; y el intendente del Partido de General Pueyrred\u00f3n, Agust\u00edn Patricio Neme, quienes destacaron el crecimiento del parque, el trabajo articulado entre el sector p\u00fablico y privado y su rol estrat\u00e9gico en el desarrollo productivo y la generaci\u00f3n de empleo.<\/strong><\/p>\n\n\n\n<figure class=\"wp-block-image size-large\"><img decoding=\"async\" width=\"1024\" height=\"1024\" src=\"https:\/\/produba.com\/wp-content\/uploads\/2026\/03\/parque-industrial-MDP-51-anos-5-1024x1024.jpg\" alt=\"\" class=\"wp-image-2915\" srcset=\"https:\/\/produba.com\/wp-content\/uploads\/2026\/03\/parque-industrial-MDP-51-anos-5-1024x1024.jpg 1024w, https:\/\/produba.com\/wp-content\/uploads\/2026\/03\/parque-industrial-MDP-51-anos-5-300x300.jpg 300w, https:\/\/produba.com\/wp-content\/uploads\/2026\/03\/parque-industrial-MDP-51-anos-5-150x150.jpg 150w, https:\/\/produba.com\/wp-content\/uploads\/2026\/03\/parque-industrial-MDP-51-anos-5-768x768.jpg 768w, https:\/\/produba.com\/wp-content\/uploads\/2026\/03\/parque-industrial-MDP-51-anos-5-780x780.jpg 780w, https:\/\/produba.com\/wp-content\/uploads\/2026\/03\/parque-industrial-MDP-51-anos-5-600x600.jpg 600w, https:\/\/produba.com\/wp-content\/uploads\/2026\/03\/parque-industrial-MDP-51-anos-5-550x550.jpg 550w, https:\/\/produba.com\/wp-content\/uploads\/2026\/03\/parque-industrial-MDP-51-anos-5-370x370.jpg 370w, https:\/\/produba.com\/wp-content\/uploads\/2026\/03\/parque-industrial-MDP-51-anos-5-255x255.jpg 255w, https:\/\/produba.com\/wp-content\/uploads\/2026\/03\/parque-industrial-MDP-51-anos-5.jpg 1080w\" sizes=\"(max-width: 1024px) 100vw, 1024px\" \/><\/figure>\n\n\n\n<p>En el marco del aniversario se realiz\u00f3 adem\u00e1s un reconocimiento especial a la empresa Metal\u00fargica Bonano S.A., una de las firmas con mayor trayectoria dentro del predio. La distinci\u00f3n fue recibida por Daniel Bonano, en representaci\u00f3n de la empresa.<\/p>\n\n\n\n<p>Participaron tambi\u00e9n miembros de la Comisi\u00f3n Directiva del Parque Industrial, autoridades municipales y provinciales, representantes de universidades, instituciones vinculadas al sector productivo y empresas del predio.<\/p>\n\n\n\n<figure class=\"wp-block-image size-large\"><img decoding=\"async\" width=\"1024\" height=\"1024\" src=\"https:\/\/produba.com\/wp-content\/uploads\/2026\/03\/parque-industrial-MDP-51-anos-3-1024x1024.jpg\" alt=\"\" class=\"wp-image-2917\" srcset=\"https:\/\/produba.com\/wp-content\/uploads\/2026\/03\/parque-industrial-MDP-51-anos-3-1024x1024.jpg 1024w, https:\/\/produba.com\/wp-content\/uploads\/2026\/03\/parque-industrial-MDP-51-anos-3-300x300.jpg 300w, https:\/\/produba.com\/wp-content\/uploads\/2026\/03\/parque-industrial-MDP-51-anos-3-150x150.jpg 150w, https:\/\/produba.com\/wp-content\/uploads\/2026\/03\/parque-industrial-MDP-51-anos-3-768x768.jpg 768w, https:\/\/produba.com\/wp-content\/uploads\/2026\/03\/parque-industrial-MDP-51-anos-3-780x780.jpg 780w, https:\/\/produba.com\/wp-content\/uploads\/2026\/03\/parque-industrial-MDP-51-anos-3-600x600.jpg 600w, https:\/\/produba.com\/wp-content\/uploads\/2026\/03\/parque-industrial-MDP-51-anos-3-550x550.jpg 550w, https:\/\/produba.com\/wp-content\/uploads\/2026\/03\/parque-industrial-MDP-51-anos-3-370x370.jpg 370w, https:\/\/produba.com\/wp-content\/uploads\/2026\/03\/parque-industrial-MDP-51-anos-3-255x255.jpg 255w, https:\/\/produba.com\/wp-content\/uploads\/2026\/03\/parque-industrial-MDP-51-anos-3.jpg 1080w\" sizes=\"(max-width: 1024px) 100vw, 1024px\" \/><figcaption class=\"wp-element-caption\">Luis Terry Artusa, presidente del Parque Industrial Mar del Plata<\/figcaption><\/figure>\n\n\n\n<p>Durante la jornada se presentaron stands institucionales de las empresas Cabrales, Asdemar y Havanna, que acompa\u00f1aron la celebraci\u00f3n de m\u00e1s de cinco d\u00e9cadas de desarrollo industrial en la ciudad.<\/p>\n\n\n\n<p><strong>A 51 a\u00f1os de su creaci\u00f3n, el Parque Industrial contin\u00faa consolid\u00e1ndose como un espacio clave para la producci\u00f3n, la innovaci\u00f3n y la generaci\u00f3n de empleo en el Partido de General Pueyrred\u00f3n.<\/strong><\/p>\n\n\n\n<figure class=\"wp-block-image size-large\"><img decoding=\"async\" width=\"1024\" height=\"1024\" src=\"https:\/\/produba.com\/wp-content\/uploads\/2026\/03\/parque-industrial-MDP-51-anos-2-1024x1024.jpg\" alt=\"\" class=\"wp-image-2918\" srcset=\"https:\/\/produba.com\/wp-content\/uploads\/2026\/03\/parque-industrial-MDP-51-anos-2-1024x1024.jpg 1024w, https:\/\/produba.com\/wp-content\/uploads\/2026\/03\/parque-industrial-MDP-51-anos-2-300x300.jpg 300w, https:\/\/produba.com\/wp-content\/uploads\/2026\/03\/parque-industrial-MDP-51-anos-2-150x150.jpg 150w, https:\/\/produba.com\/wp-content\/uploads\/2026\/03\/parque-industrial-MDP-51-anos-2-768x768.jpg 768w, https:\/\/produba.com\/wp-content\/uploads\/2026\/03\/parque-industrial-MDP-51-anos-2-780x780.jpg 780w, https:\/\/produba.com\/wp-content\/uploads\/2026\/03\/parque-industrial-MDP-51-anos-2-600x600.jpg 600w, https:\/\/produba.com\/wp-content\/uploads\/2026\/03\/parque-industrial-MDP-51-anos-2-550x550.jpg 550w, https:\/\/produba.com\/wp-content\/uploads\/2026\/03\/parque-industrial-MDP-51-anos-2-370x370.jpg 370w, https:\/\/produba.com\/wp-content\/uploads\/2026\/03\/parque-industrial-MDP-51-anos-2-255x255.jpg 255w, https:\/\/produba.com\/wp-content\/uploads\/2026\/03\/parque-industrial-MDP-51-anos-2.jpg 1080w\" sizes=\"(max-width: 1024px) 100vw, 1024px\" \/><\/figure>\n\n\n\n<p>Creado en el a\u00f1o 1975 y con 260 hect\u00e1reas de extensi\u00f3n, el Parque Industrial Mar del Plata &#8211; Bat\u00e1n, se sit\u00faa en la Ruta Provincial N\u00b0 88, a s\u00f3lo 9 kil\u00f3metros del centro urbano de Mar del Plata, en un nudo de v\u00edas de comunicaci\u00f3n que permite la \u00e1gil vinculaci\u00f3n con otras localidades y con terminales de trenes, puerto y aeropuerto, conform\u00e1ndose como un espacio propicio para la radicaci\u00f3n de empresas productivas.<\/p>\n\n\n\n<figure class=\"wp-block-image size-large\"><img decoding=\"async\" width=\"1024\" height=\"1024\" src=\"https:\/\/produba.com\/wp-content\/uploads\/2026\/03\/parque-industrial-MDP-51-anos-4-1024x1024.jpg\" alt=\"\" class=\"wp-image-2916\" srcset=\"https:\/\/produba.com\/wp-content\/uploads\/2026\/03\/parque-industrial-MDP-51-anos-4-1024x1024.jpg 1024w, https:\/\/produba.com\/wp-content\/uploads\/2026\/03\/parque-industrial-MDP-51-anos-4-300x300.jpg 300w, https:\/\/produba.com\/wp-content\/uploads\/2026\/03\/parque-industrial-MDP-51-anos-4-150x150.jpg 150w, https:\/\/produba.com\/wp-content\/uploads\/2026\/03\/parque-industrial-MDP-51-anos-4-768x768.jpg 768w, https:\/\/produba.com\/wp-content\/uploads\/2026\/03\/parque-industrial-MDP-51-anos-4-780x780.jpg 780w, https:\/\/produba.com\/wp-content\/uploads\/2026\/03\/parque-industrial-MDP-51-anos-4-600x600.jpg 600w, https:\/\/produba.com\/wp-content\/uploads\/2026\/03\/parque-industrial-MDP-51-anos-4-550x550.jpg 550w, https:\/\/produba.com\/wp-content\/uploads\/2026\/03\/parque-industrial-MDP-51-anos-4-370x370.jpg 370w, https:\/\/produba.com\/wp-content\/uploads\/2026\/03\/parque-industrial-MDP-51-anos-4-255x255.jpg 255w, https:\/\/produba.com\/wp-content\/uploads\/2026\/03\/parque-industrial-MDP-51-anos-4.jpg 1080w\" sizes=\"(max-width: 1024px) 100vw, 1024px\" \/><figcaption class=\"wp-element-caption\">El intendente de General Pueyrred\u00f3n, Agust\u00edn Neme.<\/figcaption><\/figure>\n\n\n\n<p><strong>El complejo industrial marplatense re\u00fane firmas de distintos sectores productivos, entre ellos alimentos, metalmec\u00e1nica, qu\u00edmica, construcci\u00f3n y textiles.<\/strong> Esta diversidad convirti\u00f3 al parque en uno de los principales polos industriales de la ciudad,&nbsp;<strong>con impacto directo en la generaci\u00f3n de empleo y en la actividad econ\u00f3mica regional<\/strong>.<\/p>\n","protected":false},"excerpt":{"rendered":"<p>Autoridades del agrupamiento industrial y representantes de la comuna marplatense, as\u00ed como empresarios y miembros de instituciones locales participaron del acto que conmemor\u00f3 la creaci\u00f3n del \u00e1rea industrial m\u00e1s importante del distrito. Los presentes destacaron el rol estrat\u00e9gico del parque en el desarrollo productivo y el empleo local El Parque Industrial Mar del Plata &#8211; &#8230;<\/p>\n","protected":false},"author":1,"featured_media":2919,"comment_status":"closed","ping_status":"closed","sticky":false,"template":"","format":"standard","meta":{"loftocean_post_format_gallery":"","loftocean_post_format_gallery_ids":"","loftocean_post_format_gallery_urls":"","loftocean_post_format_video_id":0,"loftocean_post_format_video_url":"","loftocean_post_format_video_type":"","loftocean_post_format_video":"","loftocean_post_format_audio_type":"","loftocean_post_format_audio_url":"","loftocean_post_format_audio_id":0,"loftocean_post_format_audio":"","loftocean-featured-post":"","loftocean-like-count":0,"loftocean-view-count":25,"loftocean_coauthors":"","alpaca_post_content_reading_setting":"","alpaca_reading_speed_per_minute":0,"alpaca_reading_speed_unit":"","alpaca_single_post_template_layout":""},"categories":[4,6,3],"tags":[591,176,572,43,46],"loftoceanMetas":{"readingTime":"2 minutos de lectura","authorName":"ProduBA","categories":[{"name":"Desarrollo Local","link":"https:\/\/produba.com\/index.php\/category\/desarrollo_local\/","count":201},{"name":"Municipios","link":"https:\/\/produba.com\/index.php\/category\/municipios\/","count":383},{"name":"Producci\u00f3n","link":"https:\/\/produba.com\/index.php\/category\/produccion\/","count":406}],"date":"17 de marzo de 2026","featuredImageSRC":"https:\/\/produba.com\/wp-content\/uploads\/2026\/03\/parque-industrial-MDP-51-anos-1-150x150.jpg"},"_links":{"self":[{"href":"https:\/\/produba.com\/index.php\/wp-json\/wp\/v2\/posts\/2914"}],"collection":[{"href":"https:\/\/produba.com\/index.php\/wp-json\/wp\/v2\/posts"}],"about":[{"href":"https:\/\/produba.com\/index.php\/wp-json\/wp\/v2\/types\/post"}],"author":[{"embeddable":true,"href":"https:\/\/produba.com\/index.php\/wp-json\/wp\/v2\/users\/1"}],"replies":[{"embeddable":true,"href":"https:\/\/produba.com\/index.php\/wp-json\/wp\/v2\/comments?post=2914"}],"version-history":[{"count":1,"href":"https:\/\/produba.com\/index.php\/wp-json\/wp\/v2\/posts\/2914\/revisions"}],"predecessor-version":[{"id":2920,"href":"https:\/\/produba.com\/index.php\/wp-json\/wp\/v2\/posts\/2914\/revisions\/2920"}],"wp:featuredmedia":[{"embeddable":true,"href":"https:\/\/produba.com\/index.php\/wp-json\/wp\/v2\/media\/2919"}],"wp:attachment":[{"href":"https:\/\/produba.com\/index.php\/wp-json\/wp\/v2\/media?parent=2914"}],"wp:term":[{"taxonomy":"category","embeddable":true,"href":"https:\/\/produba.com\/index.php\/wp-json\/wp\/v2\/categories?post=2914"},{"taxonomy":"post_tag","embeddable":true,"href":"https:\/\/produba.com\/index.php\/wp-json\/wp\/v2\/tags?post=2914"}],"curies":[{"name":"wp","href":"https:\/\/api.w.org\/{rel}","templated":true}]}}