{"id":2906,"date":"2026-03-16T15:37:17","date_gmt":"2026-03-16T18:37:17","guid":{"rendered":"https:\/\/produba.com\/?p=2906"},"modified":"2026-03-16T15:40:17","modified_gmt":"2026-03-16T18:40:17","slug":"coronel-dorrego-productores-del-sudoeste-bonaerense-se-encontraron-en-la-fiesta-provincial-del-olivo","status":"publish","type":"post","link":"https:\/\/produba.com\/index.php\/2026\/03\/16\/coronel-dorrego-productores-del-sudoeste-bonaerense-se-encontraron-en-la-fiesta-provincial-del-olivo\/","title":{"rendered":"Coronel Dorrego: productores oliv\u00edcolas tuvieron su espacio en la Fiesta Provincial del Olivo"},"content":{"rendered":"\n<h5>El pasado fin de semana se llev\u00f3 a cabo la celebraci\u00f3n que destaca la producci\u00f3n oliv\u00edcola. PBA es la quinta provincia productora del pa\u00eds; la mayor cantidad del aceite de oliva del pa\u00eds es destinado para la exportaci\u00f3n<\/h5>\n\n\n\n<p><strong>El ministro de Desarrollo Agrario de la provincia de Buenos Aires, Javier Rodr\u00edguez, encabez\u00f3 este s\u00e1bado la apertura oficial de la Fiesta Provincial del Olivo en el Vivero Parque Municipal de Coronel Dorrego.<\/strong> <strong>El evento<\/strong> se desarroll\u00f3 del 13 al 15 de marzo y <strong>tiene como objetivos celebrar la cosecha, promover la producci\u00f3n oliv\u00edcola y difundir la importancia de este cultivo en el sudoeste bonaerense.<\/strong><\/p>\n\n\n\n<p>Durante su intervenci\u00f3n, Javier Rodr\u00edguez destac\u00f3 la relevancia de impulsar un modelo de crecimiento que contemple las particularidades productivas de cada regi\u00f3n. <em>\u201cCuando hablamos de desarrollo federal en la provincia de Buenos Aires hablamos de algo muy concreto: que el crecimiento llegue a cada uno de los 135 distritos\u201d<\/em>, se\u00f1al\u00f3. En ese sentido, remarc\u00f3 que el desarrollo territorial requiere reconocer las identidades productivas locales y potenciar sus fortalezas.<\/p>\n\n\n\n<figure class=\"wp-block-image size-large\"><img decoding=\"async\" width=\"1024\" height=\"683\" src=\"https:\/\/produba.com\/wp-content\/uploads\/2026\/03\/Dorrego-Fiesta-Olivo-5-1024x683.jpg\" alt=\"\" class=\"wp-image-2908\" srcset=\"https:\/\/produba.com\/wp-content\/uploads\/2026\/03\/Dorrego-Fiesta-Olivo-5-1024x683.jpg 1024w, https:\/\/produba.com\/wp-content\/uploads\/2026\/03\/Dorrego-Fiesta-Olivo-5-300x200.jpg 300w, https:\/\/produba.com\/wp-content\/uploads\/2026\/03\/Dorrego-Fiesta-Olivo-5-768x512.jpg 768w, https:\/\/produba.com\/wp-content\/uploads\/2026\/03\/Dorrego-Fiesta-Olivo-5-1536x1024.jpg 1536w, https:\/\/produba.com\/wp-content\/uploads\/2026\/03\/Dorrego-Fiesta-Olivo-5-2048x1365.jpg 2048w, https:\/\/produba.com\/wp-content\/uploads\/2026\/03\/Dorrego-Fiesta-Olivo-5-1920x1280.jpg 1920w, https:\/\/produba.com\/wp-content\/uploads\/2026\/03\/Dorrego-Fiesta-Olivo-5-1440x960.jpg 1440w, https:\/\/produba.com\/wp-content\/uploads\/2026\/03\/Dorrego-Fiesta-Olivo-5-1200x800.jpg 1200w, https:\/\/produba.com\/wp-content\/uploads\/2026\/03\/Dorrego-Fiesta-Olivo-5-780x520.jpg 780w, https:\/\/produba.com\/wp-content\/uploads\/2026\/03\/Dorrego-Fiesta-Olivo-5-600x400.jpg 600w, https:\/\/produba.com\/wp-content\/uploads\/2026\/03\/Dorrego-Fiesta-Olivo-5-550x367.jpg 550w, https:\/\/produba.com\/wp-content\/uploads\/2026\/03\/Dorrego-Fiesta-Olivo-5-370x247.jpg 370w, https:\/\/produba.com\/wp-content\/uploads\/2026\/03\/Dorrego-Fiesta-Olivo-5-255x170.jpg 255w\" sizes=\"(max-width: 1024px) 100vw, 1024px\" \/><\/figure>\n\n\n\n<p>En ese marco, el ministro traz\u00f3 un balance positivo sobre la situaci\u00f3n del sector en la provincia. <em>\u201cEl balance que podemos hacer a nivel provincial es muy positivo. Incluso en un contexto donde, si miramos las estad\u00edsticas nacionales, el sector est\u00e1 atravesando dificultades, en la provincia de Buenos Aires vemos continuidad en el crecimiento y tambi\u00e9n nuevas inversiones\u201d<\/em>, afirm\u00f3. Adem\u00e1s, se\u00f1al\u00f3 que en distintas zonas productivas ya se observan nuevas plantaciones que anticipan una expansi\u00f3n de la actividad en los pr\u00f3ximos a\u00f1os: <em>\u201cUno recorre la regi\u00f3n y ve nuevas plantaciones que muestran el potencial que tiene esta actividad y que en pocos a\u00f1os tambi\u00e9n van a estar produciendo\u201d.<\/em><\/p>\n\n\n\n<p>El ministro subray\u00f3 que en Dorrego la producci\u00f3n oliv\u00edcola constituye uno de los principales vectores de crecimiento. <em>\u201cDetr\u00e1s de cada botella de aceite de oliva est\u00e1n los productores y productoras, los trabajadores y trabajadoras, las familias y toda una cadena productiva que genera empleo y oportunidades\u201d<\/em>, afirm\u00f3.<\/p>\n\n\n\n<p>Javier Rodr\u00edguez tambi\u00e9n remarc\u00f3 que el objetivo de las pol\u00edticas p\u00fablicas es generar oportunidades de trabajo en cada distrito para que las nuevas generaciones puedan elegir permanecer en sus comunidades. <em>\u201cLo importante es que quedarse tambi\u00e9n sea una opci\u00f3n posible\u201d<\/em>, sostuvo.<\/p>\n\n\n\n<p>En ese marco, detall\u00f3 algunas de las iniciativas impulsadas por la provincia para fortalecer el sector. Entre ellas mencion\u00f3 los programas de capacitaci\u00f3n t\u00e9cnica para productores, las l\u00edneas de financiamiento espec\u00edficas para fruticultura \u2014con cr\u00e9ditos a siete a\u00f1os articulados entre el Ministerio de Desarrollo Agrario y el Banco Provincia\u2014 y el desarrollo de la Ruta del Olivo del sudoeste bonaerense.<\/p>\n\n\n\n<p>Seg\u00fan explic\u00f3, esta iniciativa combina producci\u00f3n y turismo, integrando la actividad oliv\u00edcola con propuestas gastron\u00f3micas y servicios tur\u00edsticos. <em>\u201cCuando el sector privado y el sector p\u00fablico trabajan juntos, el impacto es mucho mayor\u201d<\/em>, expres\u00f3.<\/p>\n\n\n\n<p>El ministro tambi\u00e9n destac\u00f3 el rol de las fiestas productivas para visibilizar las econom\u00edas regionales. <em>\u201cNo alcanza con producir bien; tambi\u00e9n es importante que el resto de la provincia y del pa\u00eds conozcan que ac\u00e1 se produce aceite de oliva de excelente calidad\u201d<\/em>, indic\u00f3.<\/p>\n\n\n\n<figure class=\"wp-block-image size-large\"><img decoding=\"async\" width=\"1024\" height=\"683\" src=\"https:\/\/produba.com\/wp-content\/uploads\/2026\/03\/Dorrego-Fiesta-Olivo-2-1024x683.jpg\" alt=\"\" class=\"wp-image-2910\" srcset=\"https:\/\/produba.com\/wp-content\/uploads\/2026\/03\/Dorrego-Fiesta-Olivo-2-1024x683.jpg 1024w, https:\/\/produba.com\/wp-content\/uploads\/2026\/03\/Dorrego-Fiesta-Olivo-2-300x200.jpg 300w, https:\/\/produba.com\/wp-content\/uploads\/2026\/03\/Dorrego-Fiesta-Olivo-2-768x512.jpg 768w, https:\/\/produba.com\/wp-content\/uploads\/2026\/03\/Dorrego-Fiesta-Olivo-2-1536x1024.jpg 1536w, https:\/\/produba.com\/wp-content\/uploads\/2026\/03\/Dorrego-Fiesta-Olivo-2-2048x1365.jpg 2048w, https:\/\/produba.com\/wp-content\/uploads\/2026\/03\/Dorrego-Fiesta-Olivo-2-1920x1280.jpg 1920w, https:\/\/produba.com\/wp-content\/uploads\/2026\/03\/Dorrego-Fiesta-Olivo-2-1440x960.jpg 1440w, https:\/\/produba.com\/wp-content\/uploads\/2026\/03\/Dorrego-Fiesta-Olivo-2-1200x800.jpg 1200w, https:\/\/produba.com\/wp-content\/uploads\/2026\/03\/Dorrego-Fiesta-Olivo-2-780x520.jpg 780w, https:\/\/produba.com\/wp-content\/uploads\/2026\/03\/Dorrego-Fiesta-Olivo-2-600x400.jpg 600w, https:\/\/produba.com\/wp-content\/uploads\/2026\/03\/Dorrego-Fiesta-Olivo-2-550x367.jpg 550w, https:\/\/produba.com\/wp-content\/uploads\/2026\/03\/Dorrego-Fiesta-Olivo-2-370x247.jpg 370w, https:\/\/produba.com\/wp-content\/uploads\/2026\/03\/Dorrego-Fiesta-Olivo-2-255x170.jpg 255w\" sizes=\"(max-width: 1024px) 100vw, 1024px\" \/><\/figure>\n\n\n\n<p><strong><u>La producci\u00f3n oliv\u00edcola en el sudoeste bonaerense<\/u><\/strong><\/p>\n\n\n\n<p><strong>La regi\u00f3n cuenta con 48 explotaciones oliv\u00edcolas y m\u00e1s de 2.500 hect\u00e1reas implantadas \u2014equivalentes a unos 350.000 olivos\u2014 con una producci\u00f3n promedio anual superior al mill\u00f3n de litros de aceite de oliva.<\/strong><\/p>\n\n\n\n<p>En ese contexto, <strong>Coronel Dorrego concentra el 46% de las explotaciones oliv\u00edcolas de la regi\u00f3n y el 85,5% de la superficie implantada.<\/strong> Adem\u00e1s, en el \u00e1rea funcionan cinco plantas elaboradoras de aceite y once productores elaboran y comercializan su propia marca.<\/p>\n\n\n\n<p><strong>El perfil del sector es marcadamente exportador: alrededor del 80% del aceite producido se destina al mercado externo. A nivel nacional, Argentina cuenta con m\u00e1s de 77.000 hect\u00e1reas de olivos. El 68% corresponde a variedades destinadas a la producci\u00f3n de aceite y el 32% a aceitunas de mesa. La provincia de Buenos Aires representa el 2% del total nacional y se ubica como la quinta provincia productora.<\/strong><\/p>\n","protected":false},"excerpt":{"rendered":"<p>El pasado fin de semana se llev\u00f3 a cabo la celebraci\u00f3n que destaca la producci\u00f3n oliv\u00edcola. PBA es la quinta provincia productora del pa\u00eds; la mayor cantidad del aceite de oliva del pa\u00eds es destinado para la exportaci\u00f3n El ministro de Desarrollo Agrario de la provincia de Buenos Aires, Javier Rodr\u00edguez, encabez\u00f3 este s\u00e1bado la &#8230;<\/p>\n","protected":false},"author":1,"featured_media":2909,"comment_status":"closed","ping_status":"closed","sticky":false,"template":"","format":"standard","meta":{"loftocean_post_format_gallery":"","loftocean_post_format_gallery_ids":"","loftocean_post_format_gallery_urls":"","loftocean_post_format_video_id":0,"loftocean_post_format_video_url":"","loftocean_post_format_video_type":"","loftocean_post_format_video":"","loftocean_post_format_audio_type":"","loftocean_post_format_audio_url":"","loftocean_post_format_audio_id":0,"loftocean_post_format_audio":"","loftocean-featured-post":"","loftocean-like-count":0,"loftocean-view-count":24,"loftocean_coauthors":"","alpaca_post_content_reading_setting":"","alpaca_reading_speed_per_minute":0,"alpaca_reading_speed_unit":"","alpaca_single_post_template_layout":""},"categories":[4,6,3],"tags":[119,52,158,99,98],"loftoceanMetas":{"readingTime":"3 minutos de lectura","authorName":"ProduBA","categories":[{"name":"Desarrollo Local","link":"https:\/\/produba.com\/index.php\/category\/desarrollo_local\/","count":201},{"name":"Municipios","link":"https:\/\/produba.com\/index.php\/category\/municipios\/","count":383},{"name":"Producci\u00f3n","link":"https:\/\/produba.com\/index.php\/category\/produccion\/","count":406}],"date":"16 de marzo de 2026","featuredImageSRC":"https:\/\/produba.com\/wp-content\/uploads\/2026\/03\/fiesta-olivo-dorrego-150x150.webp"},"_links":{"self":[{"href":"https:\/\/produba.com\/index.php\/wp-json\/wp\/v2\/posts\/2906"}],"collection":[{"href":"https:\/\/produba.com\/index.php\/wp-json\/wp\/v2\/posts"}],"about":[{"href":"https:\/\/produba.com\/index.php\/wp-json\/wp\/v2\/types\/post"}],"author":[{"embeddable":true,"href":"https:\/\/produba.com\/index.php\/wp-json\/wp\/v2\/users\/1"}],"replies":[{"embeddable":true,"href":"https:\/\/produba.com\/index.php\/wp-json\/wp\/v2\/comments?post=2906"}],"version-history":[{"count":2,"href":"https:\/\/produba.com\/index.php\/wp-json\/wp\/v2\/posts\/2906\/revisions"}],"predecessor-version":[{"id":2913,"href":"https:\/\/produba.com\/index.php\/wp-json\/wp\/v2\/posts\/2906\/revisions\/2913"}],"wp:featuredmedia":[{"embeddable":true,"href":"https:\/\/produba.com\/index.php\/wp-json\/wp\/v2\/media\/2909"}],"wp:attachment":[{"href":"https:\/\/produba.com\/index.php\/wp-json\/wp\/v2\/media?parent=2906"}],"wp:term":[{"taxonomy":"category","embeddable":true,"href":"https:\/\/produba.com\/index.php\/wp-json\/wp\/v2\/categories?post=2906"},{"taxonomy":"post_tag","embeddable":true,"href":"https:\/\/produba.com\/index.php\/wp-json\/wp\/v2\/tags?post=2906"}],"curies":[{"name":"wp","href":"https:\/\/api.w.org\/{rel}","templated":true}]}}