{"id":2901,"date":"2026-03-14T13:04:06","date_gmt":"2026-03-14T16:04:06","guid":{"rendered":"https:\/\/produba.com\/?p=2901"},"modified":"2026-03-14T13:04:07","modified_gmt":"2026-03-14T16:04:07","slug":"moron-tras-la-intervencion-de-provincia-y-municipio-se-reabrira-el-frigorifico-san-roque","status":"publish","type":"post","link":"https:\/\/produba.com\/index.php\/2026\/03\/14\/moron-tras-la-intervencion-de-provincia-y-municipio-se-reabrira-el-frigorifico-san-roque\/","title":{"rendered":"Mor\u00f3n: tras la intervenci\u00f3n de Provincia y Municipio se reabrir\u00e1 el frigor\u00edfico San Roque"},"content":{"rendered":"\n<h5>Los ministros Walter Correa (Trabajo) y Augusto Costa (Producci\u00f3n) junto al intendente local Lucas Ghi intervinieron en la negociaci\u00f3n entre partes y se impuls\u00f3 una instancia de di\u00e1logo para retomar la actividad y preservar los puestos de trabajo. El conflicto comenz\u00f3 luego de que la empresa anunciara el cierre de la empresa y el despido de 140 trabajadores<\/h5>\n\n\n\n<p><strong>Luego del anuncio de cierre del hist\u00f3rico frigor\u00edfico Ganadera San Roque<\/strong>, ubicado en el partido de Mor\u00f3n,<strong> el pasado mi\u00e9rcoles se realiz\u00f3 una audiencia entre representantes de la empresa y de los trabajadores, que permiti\u00f3 alcanzar un acuerdo para la inminente reapertura del establecimiento y la continuidad de las fuentes laborales.<\/strong><\/p>\n\n\n\n<figure class=\"wp-block-image size-full is-resized\"><img decoding=\"async\" src=\"https:\/\/produba.com\/wp-content\/uploads\/2026\/03\/26-03-11-Gacetilla-frigorifico_web-copia.png\" alt=\"\" class=\"wp-image-2904\" width=\"779\" height=\"519\" srcset=\"https:\/\/produba.com\/wp-content\/uploads\/2026\/03\/26-03-11-Gacetilla-frigorifico_web-copia.png 700w, https:\/\/produba.com\/wp-content\/uploads\/2026\/03\/26-03-11-Gacetilla-frigorifico_web-copia-300x200.png 300w, https:\/\/produba.com\/wp-content\/uploads\/2026\/03\/26-03-11-Gacetilla-frigorifico_web-copia-600x399.png 600w, https:\/\/produba.com\/wp-content\/uploads\/2026\/03\/26-03-11-Gacetilla-frigorifico_web-copia-550x366.png 550w, https:\/\/produba.com\/wp-content\/uploads\/2026\/03\/26-03-11-Gacetilla-frigorifico_web-copia-370x246.png 370w, https:\/\/produba.com\/wp-content\/uploads\/2026\/03\/26-03-11-Gacetilla-frigorifico_web-copia-255x170.png 255w\" sizes=\"(max-width: 779px) 100vw, 779px\" \/><figcaption class=\"wp-element-caption\">As\u00ed comunic\u00f3 la cartera de Producci\u00f3n bonaerense la resoluci\u00f3n del conflicto.<\/figcaption><\/figure>\n\n\n\n<p><strong>La instancia de di\u00e1logo fue impulsada a partir de las gestiones realizadas por el mandatario local, Lucas Ghi, y los ministros bonaerenses de Trabajo Walter Correa y de Producci\u00f3n, Ciencia e Innovaci\u00f3n Tecnol\u00f3gica, Augusto Costa quienes promovieron la convocatoria a una nueva audiencia entre las partes con el objetivo de encontrar alternativas que permitan sostener la actividad productiva y el empleo.<\/strong><\/p>\n\n\n\n<p><strong>El conflicto se origin\u00f3 tras el anuncio de cierre de la planta y el env\u00edo de telegramas de despido a 140 trabajadores<\/strong>, una decisi\u00f3n que la empresa vincul\u00f3 con la ca\u00edda del consumo de carne en el mercado interno y con el deterioro de sus ventas, que seg\u00fan inform\u00f3 registraron un descenso cercano al 35%. En ese contexto, el frigor\u00edfico hab\u00eda argumentado que la retracci\u00f3n del consumo, as\u00ed como el aumento de la importaci\u00f3n de carnes sin ning\u00fan tipo de control, volvieron inviable la continuidad de la actividad.<\/p>\n\n\n\n<p><strong>A partir de la intervenci\u00f3n de las carteras provinciales y del gobierno local, y del di\u00e1logo sostenido entre las partes, se logr\u00f3 avanzar en un entendimiento que permitir\u00e1 retomar la actividad productiva en la planta y encauzar el proceso de negociaci\u00f3n para garantizar la continuidad de los puestos de trabajo.<\/strong><\/p>\n\n\n\n<figure class=\"wp-block-image size-full\"><img decoding=\"async\" width=\"772\" height=\"483\" src=\"https:\/\/produba.com\/wp-content\/uploads\/2026\/03\/frigorifico-empleado.webp\" alt=\"\" class=\"wp-image-2902\" srcset=\"https:\/\/produba.com\/wp-content\/uploads\/2026\/03\/frigorifico-empleado.webp 772w, https:\/\/produba.com\/wp-content\/uploads\/2026\/03\/frigorifico-empleado-300x188.webp 300w, https:\/\/produba.com\/wp-content\/uploads\/2026\/03\/frigorifico-empleado-768x480.webp 768w, https:\/\/produba.com\/wp-content\/uploads\/2026\/03\/frigorifico-empleado-600x375.webp 600w, https:\/\/produba.com\/wp-content\/uploads\/2026\/03\/frigorifico-empleado-550x344.webp 550w, https:\/\/produba.com\/wp-content\/uploads\/2026\/03\/frigorifico-empleado-370x231.webp 370w, https:\/\/produba.com\/wp-content\/uploads\/2026\/03\/frigorifico-empleado-255x160.webp 255w\" sizes=\"(max-width: 772px) 100vw, 772px\" \/><\/figure>\n\n\n\n<p>La Provincia destaca la importancia de sostener los espacios de di\u00e1logo frente a un contexto muy adverso para todos los sectores productivos, con el objetivo de defender el trabajo bonaerense y preservar las capacidades industriales en el territorio.<\/p>\n\n\n\n<p>El ministro de Producci\u00f3n, Ciencia e Innovaci\u00f3n Tecnol\u00f3gica, Augusto Costa, destac\u00f3 la importancia de haber abierto un canal de di\u00e1logo entre las partes: <em>\u201cLa ca\u00edda del consumo est\u00e1 generando dificultades en distintas actividades productivas. Frente a este escenario, nuestro compromiso es articular con los diferentes actores involucrados para promover soluciones que permitan sostener la actividad, preservar el empleo y cuidar las capacidades productivas de la provincia de Buenos Aires\u201d.<\/em><\/p>\n\n\n\n<p>Por su parte, el ministro de Trabajo bonaerense, Walter Correa, remarc\u00f3: <em>\u201cNuestro compromiso es defender cada puesto de trabajo bonaerense y acompa\u00f1ar todos los procesos que permitan sostener la producci\u00f3n y el empleo\u201d.<\/em><\/p>\n\n\n\n<p>En tanto, el intendente de Mor\u00f3n, Lucas Ghi, valor\u00f3 el acuerdo alcanzado y su impacto en el distrito: <em>\u201cEste acuerdo es una muy buena noticia para las familias trabajadoras de Mor\u00f3n. La reapertura del frigor\u00edfico significa preservar empleo, sostener actividad econ\u00f3mica en la ciudad y darle previsibilidad a muchas familias que dependen de esta planta\u201d.<\/em><\/p>\n","protected":false},"excerpt":{"rendered":"<p>Los ministros Walter Correa (Trabajo) y Augusto Costa (Producci\u00f3n) junto al intendente local Lucas Ghi intervinieron en la negociaci\u00f3n entre partes y se impuls\u00f3 una instancia de di\u00e1logo para retomar la actividad y preservar los puestos de trabajo. El conflicto comenz\u00f3 luego de que la empresa anunciara el cierre de la empresa y el despido &#8230;<\/p>\n","protected":false},"author":1,"featured_media":2903,"comment_status":"closed","ping_status":"closed","sticky":false,"template":"","format":"standard","meta":{"loftocean_post_format_gallery":"","loftocean_post_format_gallery_ids":"","loftocean_post_format_gallery_urls":"","loftocean_post_format_video_id":0,"loftocean_post_format_video_url":"","loftocean_post_format_video_type":"","loftocean_post_format_video":"","loftocean_post_format_audio_type":"","loftocean_post_format_audio_url":"","loftocean_post_format_audio_id":0,"loftocean_post_format_audio":"","loftocean-featured-post":"","loftocean-like-count":0,"loftocean-view-count":19,"loftocean_coauthors":"","alpaca_post_content_reading_setting":"","alpaca_reading_speed_per_minute":0,"alpaca_reading_speed_unit":"","alpaca_single_post_template_layout":""},"categories":[4,6,3],"tags":[68,450,590,64,79,63,515],"loftoceanMetas":{"readingTime":"2 minutos de lectura","authorName":"ProduBA","categories":[{"name":"Desarrollo Local","link":"https:\/\/produba.com\/index.php\/category\/desarrollo_local\/","count":198},{"name":"Municipios","link":"https:\/\/produba.com\/index.php\/category\/municipios\/","count":380},{"name":"Producci\u00f3n","link":"https:\/\/produba.com\/index.php\/category\/produccion\/","count":403}],"date":"14 de marzo de 2026","featuredImageSRC":"https:\/\/produba.com\/wp-content\/uploads\/2026\/03\/frigorifico-San-Roque-Moron-150x150.webp"},"_links":{"self":[{"href":"https:\/\/produba.com\/index.php\/wp-json\/wp\/v2\/posts\/2901"}],"collection":[{"href":"https:\/\/produba.com\/index.php\/wp-json\/wp\/v2\/posts"}],"about":[{"href":"https:\/\/produba.com\/index.php\/wp-json\/wp\/v2\/types\/post"}],"author":[{"embeddable":true,"href":"https:\/\/produba.com\/index.php\/wp-json\/wp\/v2\/users\/1"}],"replies":[{"embeddable":true,"href":"https:\/\/produba.com\/index.php\/wp-json\/wp\/v2\/comments?post=2901"}],"version-history":[{"count":1,"href":"https:\/\/produba.com\/index.php\/wp-json\/wp\/v2\/posts\/2901\/revisions"}],"predecessor-version":[{"id":2905,"href":"https:\/\/produba.com\/index.php\/wp-json\/wp\/v2\/posts\/2901\/revisions\/2905"}],"wp:featuredmedia":[{"embeddable":true,"href":"https:\/\/produba.com\/index.php\/wp-json\/wp\/v2\/media\/2903"}],"wp:attachment":[{"href":"https:\/\/produba.com\/index.php\/wp-json\/wp\/v2\/media?parent=2901"}],"wp:term":[{"taxonomy":"category","embeddable":true,"href":"https:\/\/produba.com\/index.php\/wp-json\/wp\/v2\/categories?post=2901"},{"taxonomy":"post_tag","embeddable":true,"href":"https:\/\/produba.com\/index.php\/wp-json\/wp\/v2\/tags?post=2901"}],"curies":[{"name":"wp","href":"https:\/\/api.w.org\/{rel}","templated":true}]}}