{"id":2893,"date":"2026-03-13T15:02:36","date_gmt":"2026-03-13T18:02:36","guid":{"rendered":"https:\/\/produba.com\/?p=2893"},"modified":"2026-03-13T15:02:37","modified_gmt":"2026-03-13T18:02:37","slug":"con-la-produccion-vitivinicola-en-aumento-se-viene-la-11-fiesta-provincial-de-la-vendimia-bonaerense","status":"publish","type":"post","link":"https:\/\/produba.com\/index.php\/2026\/03\/13\/con-la-produccion-vitivinicola-en-aumento-se-viene-la-11-fiesta-provincial-de-la-vendimia-bonaerense\/","title":{"rendered":"Con la producci\u00f3n vitivin\u00edcola en aumento, se viene la 11\u00b0 Fiesta Provincial de la Vendimia Bonaerense"},"content":{"rendered":"\n<h5>El ministro Javier Rodr\u00edguez anunci\u00f3 que, el 11 y 12 abril pr\u00f3ximos, se realizar\u00e1 el evento que re\u00fane a productores de vino, visitantes y turistas en Saldungaray, partido de Tornquist<\/h5>\n\n\n\n<p>En el marco de la feria Expoagro realizada en San Nicol\u00e1s, <strong>el ministro de Desarrollo Agrario de la provincia de Buenos Aires, Javier Rodr\u00edguez, encabez\u00f3 el pasado martes el lanzamiento de la 11\u00b0 edici\u00f3n de la Fiesta Provincial de la Vendimia Bonaerense, que se realizar\u00e1 el 11 y 12 de abril en la localidad de Saldungaray, partido de Tornquist.<\/strong><\/p>\n\n\n\n<figure class=\"wp-block-image size-large\"><img decoding=\"async\" width=\"1024\" height=\"682\" src=\"https:\/\/produba.com\/wp-content\/uploads\/2026\/03\/rodriguez-expoagro-2026-1-1024x682.jpg\" alt=\"\" class=\"wp-image-2895\" srcset=\"https:\/\/produba.com\/wp-content\/uploads\/2026\/03\/rodriguez-expoagro-2026-1-1024x682.jpg 1024w, https:\/\/produba.com\/wp-content\/uploads\/2026\/03\/rodriguez-expoagro-2026-1-300x200.jpg 300w, https:\/\/produba.com\/wp-content\/uploads\/2026\/03\/rodriguez-expoagro-2026-1-768x512.jpg 768w, https:\/\/produba.com\/wp-content\/uploads\/2026\/03\/rodriguez-expoagro-2026-1-1536x1023.jpg 1536w, https:\/\/produba.com\/wp-content\/uploads\/2026\/03\/rodriguez-expoagro-2026-1-2048x1364.jpg 2048w, https:\/\/produba.com\/wp-content\/uploads\/2026\/03\/rodriguez-expoagro-2026-1-1920x1279.jpg 1920w, https:\/\/produba.com\/wp-content\/uploads\/2026\/03\/rodriguez-expoagro-2026-1-1440x959.jpg 1440w, https:\/\/produba.com\/wp-content\/uploads\/2026\/03\/rodriguez-expoagro-2026-1-1200x799.jpg 1200w, https:\/\/produba.com\/wp-content\/uploads\/2026\/03\/rodriguez-expoagro-2026-1-780x520.jpg 780w, https:\/\/produba.com\/wp-content\/uploads\/2026\/03\/rodriguez-expoagro-2026-1-600x400.jpg 600w, https:\/\/produba.com\/wp-content\/uploads\/2026\/03\/rodriguez-expoagro-2026-1-550x366.jpg 550w, https:\/\/produba.com\/wp-content\/uploads\/2026\/03\/rodriguez-expoagro-2026-1-370x246.jpg 370w, https:\/\/produba.com\/wp-content\/uploads\/2026\/03\/rodriguez-expoagro-2026-1-255x170.jpg 255w\" sizes=\"(max-width: 1024px) 100vw, 1024px\" \/><figcaption class=\"wp-element-caption\">El ministro Rodr\u00edguez durante su visita a la ExpoAgro en San Nicol\u00e1s<\/figcaption><\/figure>\n\n\n\n<p>Durante la presentaci\u00f3n, <strong>el ministro invit\u00f3 a productores, visitantes y turistas a participar del evento, que ya se consolid\u00f3 como uno de los encuentros vitivin\u00edcolas m\u00e1s importantes de la provincia.<\/strong><\/p>\n\n\n\n<p>Javier Rodr\u00edguez destac\u00f3 que el evento no solo pone en valor la producci\u00f3n vitivin\u00edcola bonaerense, sino que tambi\u00e9n invita a conocer una regi\u00f3n con gran atractivo tur\u00edstico. <em>\u201cLa propuesta es doble: por un lado, disfrutar de la vendimia, conocer la producci\u00f3n vitivin\u00edcola bonaerense y todo lo que all\u00ed se va a presentar; y por otro, aprovechar para pasar un lindo fin de semana en una regi\u00f3n que realmente vale la pena visitar\u201d<\/em>, afirm\u00f3.<\/p>\n\n\n\n<figure class=\"wp-block-image size-large\"><img decoding=\"async\" width=\"1024\" height=\"682\" src=\"https:\/\/produba.com\/wp-content\/uploads\/2026\/03\/stand-PBA-expoagro-2026-1024x682.jpg\" alt=\"\" class=\"wp-image-2894\" srcset=\"https:\/\/produba.com\/wp-content\/uploads\/2026\/03\/stand-PBA-expoagro-2026-1024x682.jpg 1024w, https:\/\/produba.com\/wp-content\/uploads\/2026\/03\/stand-PBA-expoagro-2026-300x200.jpg 300w, https:\/\/produba.com\/wp-content\/uploads\/2026\/03\/stand-PBA-expoagro-2026-768x512.jpg 768w, https:\/\/produba.com\/wp-content\/uploads\/2026\/03\/stand-PBA-expoagro-2026-1536x1023.jpg 1536w, https:\/\/produba.com\/wp-content\/uploads\/2026\/03\/stand-PBA-expoagro-2026-2048x1364.jpg 2048w, https:\/\/produba.com\/wp-content\/uploads\/2026\/03\/stand-PBA-expoagro-2026-1920x1279.jpg 1920w, https:\/\/produba.com\/wp-content\/uploads\/2026\/03\/stand-PBA-expoagro-2026-1440x959.jpg 1440w, https:\/\/produba.com\/wp-content\/uploads\/2026\/03\/stand-PBA-expoagro-2026-1200x799.jpg 1200w, https:\/\/produba.com\/wp-content\/uploads\/2026\/03\/stand-PBA-expoagro-2026-780x520.jpg 780w, https:\/\/produba.com\/wp-content\/uploads\/2026\/03\/stand-PBA-expoagro-2026-600x400.jpg 600w, https:\/\/produba.com\/wp-content\/uploads\/2026\/03\/stand-PBA-expoagro-2026-550x366.jpg 550w, https:\/\/produba.com\/wp-content\/uploads\/2026\/03\/stand-PBA-expoagro-2026-370x246.jpg 370w, https:\/\/produba.com\/wp-content\/uploads\/2026\/03\/stand-PBA-expoagro-2026-255x170.jpg 255w\" sizes=\"(max-width: 1024px) 100vw, 1024px\" \/><figcaption class=\"wp-element-caption\">Stand de la Provincia de Buenos Aires en la ExpoAgro 2026<\/figcaption><\/figure>\n\n\n\n<p><strong>La 11\u00b0 edici\u00f3n de la fiesta contar\u00e1 con una variada oferta para el p\u00fablico durante las dos jornadas, que incluir\u00e1 exposici\u00f3n de productores y bodegas de todo el territorio bonaerense, degustaci\u00f3n y venta de vinos, un amplio paseo de artesanos y un patio de comidas con propuestas regionales.<\/strong><\/p>\n\n\n\n<p>El Ministerio de Desarrollo Agrario acompa\u00f1a la realizaci\u00f3n de la fiesta desde 2022, promoviendo la visibilizaci\u00f3n de un sector productivo que viene creciendo en distintos puntos de la provincia. En ese sentido, Javier Rodr\u00edguez remarc\u00f3 el potencial de la actividad: <em>\u201cSiempre decimos que todas las producciones son importantes en la provincia, y en ese marco la fruticultura en general \u2014y la vitivinicultura en particular\u2014 tienen un enorme potencial. Son actividades que pueden convertirse en vectores de crecimiento y de desarrollo local\u201d.<\/em><\/p>\n\n\n\n<p>El ministro tambi\u00e9n advirti\u00f3 sobre el deterioro que atraviesa la vitivinicultura a nivel nacional a partir de las pol\u00edticas econ\u00f3micas del Gobierno Nacional. <em>\u201cSi miramos el panorama a nivel pa\u00eds, en los \u00faltimos dos a\u00f1os, bajo el gobierno de Milei, dejaron de producir m\u00e1s de 2.000 establecimientos, lo que implica una reducci\u00f3n superior al 9% en la cantidad total. Es un hecho in\u00e9dito. <strong>Sin embargo, en la provincia de Buenos Aires vemos una trayectoria diferente: en los \u00faltimos cinco a\u00f1os la cantidad de vi\u00f1edos creci\u00f3 un 44%<\/strong>\u201d<\/em>, explic\u00f3.<\/p>\n\n\n\n<p>Seg\u00fan datos del sector, durante 2025 la cantidad de vi\u00f1edos en la Argentina registr\u00f3 una fuerte ca\u00edda: se perdieron 1.100 establecimientos, lo que representa el 5% del total. Si se toma el per\u00edodo 2023-2025, el cierre acumulado alcanza a 2.088 vi\u00f1edos, es decir, una reducci\u00f3n del 9,1%.<\/p>\n\n\n\n<p>La superficie cultivada con vid tambi\u00e9n se vio afectada. En 2025 se registraron 3.726 hect\u00e1reas menos que en 2024 y 8.627 hect\u00e1reas menos que en 2023, lo que implica una ca\u00edda del 4,2% en la superficie total destinada a esta producci\u00f3n.<\/p>\n\n\n\n<figure class=\"wp-block-image size-large\"><img decoding=\"async\" width=\"1024\" height=\"682\" src=\"https:\/\/produba.com\/wp-content\/uploads\/2026\/03\/lanzamiento-vendimia-2026-3-1024x682.jpg\" alt=\"\" class=\"wp-image-2896\" srcset=\"https:\/\/produba.com\/wp-content\/uploads\/2026\/03\/lanzamiento-vendimia-2026-3-1024x682.jpg 1024w, https:\/\/produba.com\/wp-content\/uploads\/2026\/03\/lanzamiento-vendimia-2026-3-300x200.jpg 300w, https:\/\/produba.com\/wp-content\/uploads\/2026\/03\/lanzamiento-vendimia-2026-3-768x512.jpg 768w, https:\/\/produba.com\/wp-content\/uploads\/2026\/03\/lanzamiento-vendimia-2026-3-1536x1023.jpg 1536w, https:\/\/produba.com\/wp-content\/uploads\/2026\/03\/lanzamiento-vendimia-2026-3-2048x1364.jpg 2048w, https:\/\/produba.com\/wp-content\/uploads\/2026\/03\/lanzamiento-vendimia-2026-3-1920x1279.jpg 1920w, https:\/\/produba.com\/wp-content\/uploads\/2026\/03\/lanzamiento-vendimia-2026-3-1440x959.jpg 1440w, https:\/\/produba.com\/wp-content\/uploads\/2026\/03\/lanzamiento-vendimia-2026-3-1200x799.jpg 1200w, https:\/\/produba.com\/wp-content\/uploads\/2026\/03\/lanzamiento-vendimia-2026-3-780x520.jpg 780w, https:\/\/produba.com\/wp-content\/uploads\/2026\/03\/lanzamiento-vendimia-2026-3-600x400.jpg 600w, https:\/\/produba.com\/wp-content\/uploads\/2026\/03\/lanzamiento-vendimia-2026-3-550x366.jpg 550w, https:\/\/produba.com\/wp-content\/uploads\/2026\/03\/lanzamiento-vendimia-2026-3-370x246.jpg 370w, https:\/\/produba.com\/wp-content\/uploads\/2026\/03\/lanzamiento-vendimia-2026-3-255x170.jpg 255w\" sizes=\"(max-width: 1024px) 100vw, 1024px\" \/><\/figure>\n\n\n\n<p>Para Javier Rodr\u00edguez, estos datos reflejan el impacto que tienen las pol\u00edticas nacionales sobre las econom\u00edas regionales y sobre los peque\u00f1os y medianos productores, que enfrentan mayores costos, ca\u00edda del consumo interno y dificultades para sostener la producci\u00f3n.<\/p>\n\n\n\n<p>En esa l\u00ednea, remarc\u00f3 que la Provincia mantiene una estrategia distinta, orientada a sostener la producci\u00f3n y promover el desarrollo de nuevas actividades en el interior bonaerense y destac\u00f3 el entramado productivo que caracteriza a la actividad en la provincia: <em>\u201cEstamos viendo c\u00f3mo esta actividad se va consolidando con un entramado muy fuerte de pymes y de emprendimientos familiares, con una red colaborativa entre productores y una articulaci\u00f3n muy interesante con el turismo\u201d.<\/em><\/p>\n\n\n\n<p>Durante el lanzamiento tambi\u00e9n se presentaron algunas de las pol\u00edticas p\u00fablicas que impulsa la Provincia para fortalecer el sector. Entre ellas, una l\u00ednea de financiamiento espec\u00edfica para la fruticultura desarrollada a partir de un convenio entre el Banco Provincia y el Ministerio de Desarrollo Agrario. <em>\u201cPara la fruticultura contamos con l\u00edneas de financiamiento a siete a\u00f1os, pensadas espec\u00edficamente para las necesidades de estas producciones. Cuando estas herramientas no existen se convierten en una traba; cuando est\u00e1n disponibles, se transforman en un motor para el crecimiento\u201d<\/em>, se\u00f1al\u00f3 Javier Rodr\u00edguez.<\/p>\n\n\n\n<figure class=\"wp-block-image size-large\"><img decoding=\"async\" width=\"1024\" height=\"682\" src=\"https:\/\/produba.com\/wp-content\/uploads\/2026\/03\/lanzamiento-vendimia-2026-2-1024x682.jpg\" alt=\"\" class=\"wp-image-2897\" srcset=\"https:\/\/produba.com\/wp-content\/uploads\/2026\/03\/lanzamiento-vendimia-2026-2-1024x682.jpg 1024w, https:\/\/produba.com\/wp-content\/uploads\/2026\/03\/lanzamiento-vendimia-2026-2-300x200.jpg 300w, https:\/\/produba.com\/wp-content\/uploads\/2026\/03\/lanzamiento-vendimia-2026-2-768x512.jpg 768w, https:\/\/produba.com\/wp-content\/uploads\/2026\/03\/lanzamiento-vendimia-2026-2-1536x1023.jpg 1536w, https:\/\/produba.com\/wp-content\/uploads\/2026\/03\/lanzamiento-vendimia-2026-2-2048x1364.jpg 2048w, https:\/\/produba.com\/wp-content\/uploads\/2026\/03\/lanzamiento-vendimia-2026-2-1920x1279.jpg 1920w, https:\/\/produba.com\/wp-content\/uploads\/2026\/03\/lanzamiento-vendimia-2026-2-1440x959.jpg 1440w, https:\/\/produba.com\/wp-content\/uploads\/2026\/03\/lanzamiento-vendimia-2026-2-1200x799.jpg 1200w, https:\/\/produba.com\/wp-content\/uploads\/2026\/03\/lanzamiento-vendimia-2026-2-780x520.jpg 780w, https:\/\/produba.com\/wp-content\/uploads\/2026\/03\/lanzamiento-vendimia-2026-2-600x400.jpg 600w, https:\/\/produba.com\/wp-content\/uploads\/2026\/03\/lanzamiento-vendimia-2026-2-550x366.jpg 550w, https:\/\/produba.com\/wp-content\/uploads\/2026\/03\/lanzamiento-vendimia-2026-2-370x246.jpg 370w, https:\/\/produba.com\/wp-content\/uploads\/2026\/03\/lanzamiento-vendimia-2026-2-255x170.jpg 255w\" sizes=\"(max-width: 1024px) 100vw, 1024px\" \/><\/figure>\n\n\n\n<p>Asimismo, el Ministerio impulsa iniciativas para potenciar la producci\u00f3n vitivin\u00edcola bonaerense, como el m\u00f3dulo experimental de vid que funciona en la Corporaci\u00f3n de Fomento del Valle Bonaerense del R\u00edo Colorado (CORFO). All\u00ed se implantaron ocho variedades \u2014Tannat, Gewurztraminer, Cabernet Sauvignon, Ancellotta, Pinot Noir, Malbec, Merlot y Semill\u00f3n\u2014 con el objetivo de identificar cu\u00e1les se adaptan mejor a la regi\u00f3n y evaluar su potencial productivo.<\/p>\n\n\n\n<p><strong>La marca \u201cVino Buenos Aires\u201d, creada a partir de la Ley Provincial N\u00b0 15.404, establece el R\u00e9gimen de Promoci\u00f3n e Incentivo para la Industria Vitivin\u00edcola y busca fortalecer la identidad y comercializaci\u00f3n de los vinos producidos en territorio bonaerense.<\/strong><\/p>\n\n\n\n<p>En paralelo, <strong>el gobierno provincial impulsa la Ruta del Vino Bonaerense<\/strong>, un circuito de enoturismo que incluye bodegas ubicadas en zonas serranas, la costa atl\u00e1ntica y localidades cercanas a la Ciudad de Buenos Aires, como Chapadmalal, Tandil, Saldungaray, Ca\u00f1uelas y Berisso.<\/p>\n\n\n\n<p>Finalmente, Javier Rodr\u00edguez destac\u00f3 que la fiesta ser\u00e1 una oportunidad para que m\u00e1s personas conozcan la producci\u00f3n local: <em>\u201cEsta vendimia tambi\u00e9n es una oportunidad para que bonaerenses y visitantes de otras provincias puedan descubrir que en la provincia de Buenos Aires tambi\u00e9n hay vitivinicultura y que se est\u00e1n abriendo nuevas oportunidades productivas\u201d<\/em>.<\/p>\n\n\n\n<p>La celebraci\u00f3n contar\u00e1 adem\u00e1s con la participaci\u00f3n de una delegaci\u00f3n invitada de productores de R\u00edo Negro y La Pampa, con el objetivo de intercambiar experiencias con otras regiones vitivin\u00edcolas del pa\u00eds. <em>\u201cEn la fiesta de la Vendimia va a haber muchos m\u00e1s vi\u00f1edos y bodegas para que todos puedan conocer y disfrutar de los vinos bonaerenses\u201d<\/em>, concluy\u00f3 el ministro.<\/p>\n","protected":false},"excerpt":{"rendered":"<p>El ministro Javier Rodr\u00edguez anunci\u00f3 que, el 11 y 12 abril pr\u00f3ximos, se realizar\u00e1 el evento que re\u00fane a productores de vino, visitantes y turistas en Saldungaray, partido de Tornquist En el marco de la feria Expoagro realizada en San Nicol\u00e1s, el ministro de Desarrollo Agrario de la provincia de Buenos Aires, Javier Rodr\u00edguez, encabez\u00f3 &#8230;<\/p>\n","protected":false},"author":1,"featured_media":2898,"comment_status":"closed","ping_status":"closed","sticky":false,"template":"","format":"standard","meta":{"loftocean_post_format_gallery":"","loftocean_post_format_gallery_ids":"","loftocean_post_format_gallery_urls":"","loftocean_post_format_video_id":0,"loftocean_post_format_video_url":"","loftocean_post_format_video_type":"","loftocean_post_format_video":"","loftocean_post_format_audio_type":"","loftocean_post_format_audio_url":"","loftocean_post_format_audio_id":0,"loftocean_post_format_audio":"","loftocean-featured-post":"","loftocean-like-count":0,"loftocean-view-count":25,"loftocean_coauthors":"","alpaca_post_content_reading_setting":"","alpaca_reading_speed_per_minute":0,"alpaca_reading_speed_unit":"","alpaca_single_post_template_layout":""},"categories":[7,6,3],"tags":[52,158,379,589,588,66],"loftoceanMetas":{"readingTime":"4 minutos de lectura","authorName":"ProduBA","categories":[{"name":"Inter\u00e9s General","link":"https:\/\/produba.com\/index.php\/category\/interes_general\/","count":120},{"name":"Municipios","link":"https:\/\/produba.com\/index.php\/category\/municipios\/","count":380},{"name":"Producci\u00f3n","link":"https:\/\/produba.com\/index.php\/category\/produccion\/","count":402}],"date":"13 de marzo de 2026","featuredImageSRC":"https:\/\/produba.com\/wp-content\/uploads\/2026\/03\/lanzamiento-vendimia-2026-1-150x150.jpg"},"_links":{"self":[{"href":"https:\/\/produba.com\/index.php\/wp-json\/wp\/v2\/posts\/2893"}],"collection":[{"href":"https:\/\/produba.com\/index.php\/wp-json\/wp\/v2\/posts"}],"about":[{"href":"https:\/\/produba.com\/index.php\/wp-json\/wp\/v2\/types\/post"}],"author":[{"embeddable":true,"href":"https:\/\/produba.com\/index.php\/wp-json\/wp\/v2\/users\/1"}],"replies":[{"embeddable":true,"href":"https:\/\/produba.com\/index.php\/wp-json\/wp\/v2\/comments?post=2893"}],"version-history":[{"count":1,"href":"https:\/\/produba.com\/index.php\/wp-json\/wp\/v2\/posts\/2893\/revisions"}],"predecessor-version":[{"id":2899,"href":"https:\/\/produba.com\/index.php\/wp-json\/wp\/v2\/posts\/2893\/revisions\/2899"}],"wp:featuredmedia":[{"embeddable":true,"href":"https:\/\/produba.com\/index.php\/wp-json\/wp\/v2\/media\/2898"}],"wp:attachment":[{"href":"https:\/\/produba.com\/index.php\/wp-json\/wp\/v2\/media?parent=2893"}],"wp:term":[{"taxonomy":"category","embeddable":true,"href":"https:\/\/produba.com\/index.php\/wp-json\/wp\/v2\/categories?post=2893"},{"taxonomy":"post_tag","embeddable":true,"href":"https:\/\/produba.com\/index.php\/wp-json\/wp\/v2\/tags?post=2893"}],"curies":[{"name":"wp","href":"https:\/\/api.w.org\/{rel}","templated":true}]}}