{"id":2889,"date":"2026-03-12T12:54:31","date_gmt":"2026-03-12T15:54:31","guid":{"rendered":"https:\/\/produba.com\/?p=2889"},"modified":"2026-03-12T12:54:33","modified_gmt":"2026-03-12T15:54:33","slug":"comienza-un-ciclo-de-capacitaciones-para-emprendedores-quilmenos","status":"publish","type":"post","link":"https:\/\/produba.com\/index.php\/2026\/03\/12\/comienza-un-ciclo-de-capacitaciones-para-emprendedores-quilmenos\/","title":{"rendered":"Comienza un ciclo de capacitaciones para emprendedores quilme\u00f1os"},"content":{"rendered":"\n<h5>Organizados por la comuna de Quilmes, los cursos gratuitos comenzar\u00e1n el pr\u00f3ximo martes 17. Los mismos tendr\u00e1n una duraci\u00f3n de seis clases y se dictar\u00e1n en La Casa de las Culturas<\/h5>\n\n\n\n<p><strong>El Municipio de Quilmes inform\u00f3 que, a partir del martes 17, comienza el ciclo de Capacitaciones para Emprendedores, que la Comuna ofrece de manera gratuita<\/strong> a todos aquellos que deseen ampliar sus conocimientos en distintos aspectos del emprendedurismo y as\u00ed mejorar y potenciar sus proyectos.<\/p>\n\n\n\n<figure class=\"wp-block-image size-large\"><img decoding=\"async\" width=\"768\" height=\"1024\" src=\"https:\/\/produba.com\/wp-content\/uploads\/2026\/03\/quilmes-capacitacion-MAR-26-768x1024.jpeg\" alt=\"\" class=\"wp-image-2891\" srcset=\"https:\/\/produba.com\/wp-content\/uploads\/2026\/03\/quilmes-capacitacion-MAR-26-768x1024.jpeg 768w, https:\/\/produba.com\/wp-content\/uploads\/2026\/03\/quilmes-capacitacion-MAR-26-225x300.jpeg 225w, https:\/\/produba.com\/wp-content\/uploads\/2026\/03\/quilmes-capacitacion-MAR-26-780x1040.jpeg 780w, https:\/\/produba.com\/wp-content\/uploads\/2026\/03\/quilmes-capacitacion-MAR-26-600x800.jpeg 600w, https:\/\/produba.com\/wp-content\/uploads\/2026\/03\/quilmes-capacitacion-MAR-26-550x733.jpeg 550w, https:\/\/produba.com\/wp-content\/uploads\/2026\/03\/quilmes-capacitacion-MAR-26-370x493.jpeg 370w, https:\/\/produba.com\/wp-content\/uploads\/2026\/03\/quilmes-capacitacion-MAR-26-255x340.jpeg 255w, https:\/\/produba.com\/wp-content\/uploads\/2026\/03\/quilmes-capacitacion-MAR-26.jpeg 1080w\" sizes=\"(max-width: 768px) 100vw, 768px\" \/><\/figure>\n\n\n\n<p><strong>La duraci\u00f3n del curso es de 6 clases, que se dictan todos los martes de 10 a 12, en la Casa de las Culturas<\/strong>, ubicada en Pasaje Papa Francisco (ex Rivadavia) 383, de Quilmes Centro.<\/p>\n\n\n\n<p><strong>Entre las propuestas se incluyen los siguientes temas:<\/strong><\/p>\n\n\n\n<ul>\n<li><strong>Martes 17\/3: De la idea al negocio<\/strong><\/li>\n\n\n\n<li><strong>Martes 31\/3: Plan de negocios<\/strong><\/li>\n\n\n\n<li><strong>Martes 07\/4: Costos<\/strong><\/li>\n\n\n\n<li><strong>Martes 14\/4: Registros de marcas<\/strong><\/li>\n\n\n\n<li><strong>Martes 21\/4: Comunicaci\u00f3n en RRSS<\/strong><\/li>\n\n\n\n<li><strong>Martes 28\/4: Fotograf\u00eda para vender<\/strong><\/li>\n<\/ul>\n\n\n\n<p>Las <strong>inscripciones<\/strong> se realizan a trav\u00e9s del siguiente correo electr\u00f3nico: <a href=\"mailto:puntoemprende@quilmes.gov.ar\">puntoemprende@quilmes.gov.ar<\/a> y los cupos son limitados.<\/p>\n","protected":false},"excerpt":{"rendered":"<p>Organizados por la comuna de Quilmes, los cursos gratuitos comenzar\u00e1n el pr\u00f3ximo martes 17. Los mismos tendr\u00e1n una duraci\u00f3n de seis clases y se dictar\u00e1n en La Casa de las Culturas El Municipio de Quilmes inform\u00f3 que, a partir del martes 17, comienza el ciclo de Capacitaciones para Emprendedores, que la Comuna ofrece de manera &#8230;<\/p>\n","protected":false},"author":1,"featured_media":2890,"comment_status":"closed","ping_status":"closed","sticky":false,"template":"","format":"standard","meta":{"loftocean_post_format_gallery":"","loftocean_post_format_gallery_ids":"","loftocean_post_format_gallery_urls":"","loftocean_post_format_video_id":0,"loftocean_post_format_video_url":"","loftocean_post_format_video_type":"","loftocean_post_format_video":"","loftocean_post_format_audio_type":"","loftocean_post_format_audio_url":"","loftocean_post_format_audio_id":0,"loftocean_post_format_audio":"","loftocean-featured-post":"","loftocean-like-count":0,"loftocean-view-count":20,"loftocean_coauthors":"","alpaca_post_content_reading_setting":"","alpaca_reading_speed_per_minute":0,"alpaca_reading_speed_unit":"","alpaca_single_post_template_layout":""},"categories":[6,3],"tags":[32,117,35],"loftoceanMetas":{"readingTime":"&lt; 1 minuto de lectura","authorName":"ProduBA","categories":[{"name":"Municipios","link":"https:\/\/produba.com\/index.php\/category\/municipios\/","count":380},{"name":"Producci\u00f3n","link":"https:\/\/produba.com\/index.php\/category\/produccion\/","count":402}],"date":"12 de marzo de 2026","featuredImageSRC":"https:\/\/produba.com\/wp-content\/uploads\/2026\/03\/Quilmes-casa-de-las-culturas-150x150.webp"},"_links":{"self":[{"href":"https:\/\/produba.com\/index.php\/wp-json\/wp\/v2\/posts\/2889"}],"collection":[{"href":"https:\/\/produba.com\/index.php\/wp-json\/wp\/v2\/posts"}],"about":[{"href":"https:\/\/produba.com\/index.php\/wp-json\/wp\/v2\/types\/post"}],"author":[{"embeddable":true,"href":"https:\/\/produba.com\/index.php\/wp-json\/wp\/v2\/users\/1"}],"replies":[{"embeddable":true,"href":"https:\/\/produba.com\/index.php\/wp-json\/wp\/v2\/comments?post=2889"}],"version-history":[{"count":1,"href":"https:\/\/produba.com\/index.php\/wp-json\/wp\/v2\/posts\/2889\/revisions"}],"predecessor-version":[{"id":2892,"href":"https:\/\/produba.com\/index.php\/wp-json\/wp\/v2\/posts\/2889\/revisions\/2892"}],"wp:featuredmedia":[{"embeddable":true,"href":"https:\/\/produba.com\/index.php\/wp-json\/wp\/v2\/media\/2890"}],"wp:attachment":[{"href":"https:\/\/produba.com\/index.php\/wp-json\/wp\/v2\/media?parent=2889"}],"wp:term":[{"taxonomy":"category","embeddable":true,"href":"https:\/\/produba.com\/index.php\/wp-json\/wp\/v2\/categories?post=2889"},{"taxonomy":"post_tag","embeddable":true,"href":"https:\/\/produba.com\/index.php\/wp-json\/wp\/v2\/tags?post=2889"}],"curies":[{"name":"wp","href":"https:\/\/api.w.org\/{rel}","templated":true}]}}