{"id":2779,"date":"2026-01-29T12:47:56","date_gmt":"2026-01-29T15:47:56","guid":{"rendered":"https:\/\/produba.com\/?p=2779"},"modified":"2026-01-29T12:48:51","modified_gmt":"2026-01-29T15:48:51","slug":"el-municipio-de-olavarria-convoca-a-emprendedores-para-comercializar-su-trabajo","status":"publish","type":"post","link":"https:\/\/produba.com\/index.php\/2026\/01\/29\/el-municipio-de-olavarria-convoca-a-emprendedores-para-comercializar-su-trabajo\/","title":{"rendered":"El municipio de Olavarr\u00eda convoca a emprendedores para comercializar sus productos y servicios"},"content":{"rendered":"\n<h5>Desde el gobierno olavarriense informaron que se extendi\u00f3 el plazo para que los emprendedores interesados en ampliar la comercializaci\u00f3n de sus productos puedan exhibierlos en el Polo Educativo y Recreativo Municipal \u201cLa M\u00e1xima\u201d<\/h5>\n\n\n\n<p><strong>El Municipio de Olavarr\u00eda, a trav\u00e9s del \u00e1rea de Econom\u00eda Popular de la Secretar\u00eda de Desarrollo Econ\u00f3mico y Productivo, inform\u00f3 que se extiende el plazo para emprendedores interesados en comercializar sus servicios y\/o productos en el Polo Educativo y Recreativo Municipal \u201cLa M\u00e1xima\u201d.<\/strong><\/p>\n\n\n\n<p>Se trata de una propuesta que surge no s\u00f3lo de la articulaci\u00f3n con la Subsecretar\u00eda de Cultura, sino de la premisa de seguir trabajando en la generaci\u00f3n de oportunidades y propuestas que fomenten la participaci\u00f3n y visibilidad de emprendedores y artesanos en distintos espacios, tanto municipales como de privados, y de esta manera seguir acompa\u00f1ando y promover distintos canales de comercializaci\u00f3n.<\/p>\n\n\n\n<p><strong>La inscripci\u00f3n ya est\u00e1 abierta y quienes quieran formar parte deber\u00e1n dirigirse a la oficina de Econom\u00eda Popular, ubicada en la Secretar\u00eda de Desarrollo Econ\u00f3mico y Productivo, sito en Moreno 2765, e inscribirse de manera presencial, en el horario de 8 a 14 horas.<\/strong> Se aclara que los cupos son limitados y que est\u00e1 destinado a emprendimientos productivos y\/o servicios. No se permite la reventa.<\/p>\n\n\n\n<p>Desde la Coordinaci\u00f3n de Econom\u00eda Popular se destac\u00f3 que la propuesta funcionar\u00e1 los fines de semana del mes de febrero, de 18 a 20:30 horas, y acompa\u00f1ar\u00e1 la agenda de actividades de \u201cOlavarr\u00eda en Verano\u201d con las que cuenta el Polo Educativo y Recreativo Municipal, que se encuentra integrado por el Museo de las Ciencias \u201cIng. Rita Toniutti\u201d, el Bioparque \u201cLa M\u00e1xima\u201d y el Centro Interdisciplinario de Innovaci\u00f3n Tecnol\u00f3gica.<\/p>\n","protected":false},"excerpt":{"rendered":"<p>Desde el gobierno olavarriense informaron que se extendi\u00f3 el plazo para que los emprendedores interesados en ampliar la comercializaci\u00f3n de sus productos puedan exhibierlos en el Polo Educativo y Recreativo Municipal \u201cLa M\u00e1xima\u201d El Municipio de Olavarr\u00eda, a trav\u00e9s del \u00e1rea de Econom\u00eda Popular de la Secretar\u00eda de Desarrollo Econ\u00f3mico y Productivo, inform\u00f3 que se &#8230;<\/p>\n","protected":false},"author":1,"featured_media":2780,"comment_status":"closed","ping_status":"closed","sticky":false,"template":"","format":"standard","meta":{"loftocean_post_format_gallery":"","loftocean_post_format_gallery_ids":"","loftocean_post_format_gallery_urls":"","loftocean_post_format_video_id":0,"loftocean_post_format_video_url":"","loftocean_post_format_video_type":"","loftocean_post_format_video":"","loftocean_post_format_audio_type":"","loftocean_post_format_audio_url":"","loftocean_post_format_audio_id":0,"loftocean_post_format_audio":"","loftocean-featured-post":"","loftocean-like-count":0,"loftocean-view-count":55,"loftocean_coauthors":"","alpaca_post_content_reading_setting":"","alpaca_reading_speed_per_minute":0,"alpaca_reading_speed_unit":"","alpaca_single_post_template_layout":""},"categories":[6,3],"tags":[117,58,65],"loftoceanMetas":{"readingTime":"&lt; 1 minuto de lectura","authorName":"ProduBA","categories":[{"name":"Municipios","link":"https:\/\/produba.com\/index.php\/category\/municipios\/","count":382},{"name":"Producci\u00f3n","link":"https:\/\/produba.com\/index.php\/category\/produccion\/","count":405}],"date":"29 de enero de 2026","featuredImageSRC":"https:\/\/produba.com\/wp-content\/uploads\/2026\/01\/Olavarria-La-Maxima-150x150.jpg"},"_links":{"self":[{"href":"https:\/\/produba.com\/index.php\/wp-json\/wp\/v2\/posts\/2779"}],"collection":[{"href":"https:\/\/produba.com\/index.php\/wp-json\/wp\/v2\/posts"}],"about":[{"href":"https:\/\/produba.com\/index.php\/wp-json\/wp\/v2\/types\/post"}],"author":[{"embeddable":true,"href":"https:\/\/produba.com\/index.php\/wp-json\/wp\/v2\/users\/1"}],"replies":[{"embeddable":true,"href":"https:\/\/produba.com\/index.php\/wp-json\/wp\/v2\/comments?post=2779"}],"version-history":[{"count":2,"href":"https:\/\/produba.com\/index.php\/wp-json\/wp\/v2\/posts\/2779\/revisions"}],"predecessor-version":[{"id":2782,"href":"https:\/\/produba.com\/index.php\/wp-json\/wp\/v2\/posts\/2779\/revisions\/2782"}],"wp:featuredmedia":[{"embeddable":true,"href":"https:\/\/produba.com\/index.php\/wp-json\/wp\/v2\/media\/2780"}],"wp:attachment":[{"href":"https:\/\/produba.com\/index.php\/wp-json\/wp\/v2\/media?parent=2779"}],"wp:term":[{"taxonomy":"category","embeddable":true,"href":"https:\/\/produba.com\/index.php\/wp-json\/wp\/v2\/categories?post=2779"},{"taxonomy":"post_tag","embeddable":true,"href":"https:\/\/produba.com\/index.php\/wp-json\/wp\/v2\/tags?post=2779"}],"curies":[{"name":"wp","href":"https:\/\/api.w.org\/{rel}","templated":true}]}}