{"id":2742,"date":"2026-01-21T13:18:40","date_gmt":"2026-01-21T16:18:40","guid":{"rendered":"https:\/\/produba.com\/?p=2742"},"modified":"2026-01-21T13:19:27","modified_gmt":"2026-01-21T16:19:27","slug":"empresarios-de-distintos-sectores-productivos-se-reunieron-con-kicillof","status":"publish","type":"post","link":"https:\/\/produba.com\/index.php\/2026\/01\/21\/empresarios-de-distintos-sectores-productivos-se-reunieron-con-kicillof\/","title":{"rendered":"Empresarios de distintos sectores productivos se reunieron con Kicillof en Chascom\u00fas"},"content":{"rendered":"\n<h5>Representantes de la producci\u00f3n agraria, la industria, el comercio y el turismo analizaron la coyuntura econ\u00f3mica y social junto al gobernador y parte del gabinete bonaerense. Preocupaci\u00f3n en las pymes por la crisis productiva<\/h5>\n\n\n\n<p><strong>El gobernador de la provincia de Buenos Aires, Axel Kicillof, encabez\u00f3 este martes en Chascom\u00fas una reuni\u00f3n productiva con representantes de la industria, el turismo, el comercio, la cultura y el sector agrario.<\/strong> Fue junto a la vicegobernadora Ver\u00f3nica Magario; a los ministros de Producci\u00f3n, Ciencia e Innovaci\u00f3n Tecnol\u00f3gica, Augusto Costa; de Desarrollo Agrario, Javier Rodr\u00edguez; y el intendente local, Javier Gast\u00f3n.<\/p>\n\n\n\n<blockquote class=\"instagram-media\" data-instgrm-captioned=\"\" data-instgrm-permalink=\"https:\/\/www.instagram.com\/p\/DTvudzxD3ax\/?utm_source=ig_embed&amp;utm_campaign=loading\" data-instgrm-version=\"14\" style=\" background:#FFF; border:0; border-radius:3px; box-shadow:0 0 1px 0 rgba(0,0,0,0.5),0 1px 10px 0 rgba(0,0,0,0.15); margin: 1px; max-width:540px; min-width:326px; padding:0; width:99.375%; width:-webkit-calc(100% - 2px); width:calc(100% - 2px);\"><div style=\"padding:16px;\"> <a href=\"https:\/\/www.instagram.com\/p\/DTvudzxD3ax\/?utm_source=ig_embed&amp;utm_campaign=loading\" style=\" background:#FFFFFF; line-height:0; padding:0 0; text-align:center; text-decoration:none; width:100%;\" target=\"_blank\" rel=\"noopener\"> <div style=\" display: flex; flex-direction: row; align-items: center;\"> <div style=\"background-color: #F4F4F4; border-radius: 50%; flex-grow: 0; height: 40px; margin-right: 14px; width: 40px;\"><\/div> <div style=\"display: flex; flex-direction: column; flex-grow: 1; justify-content: center;\"> <div style=\" background-color: #F4F4F4; border-radius: 4px; flex-grow: 0; height: 14px; margin-bottom: 6px; width: 100px;\"><\/div> <div style=\" background-color: #F4F4F4; border-radius: 4px; flex-grow: 0; height: 14px; width: 60px;\"><\/div><\/div><\/div><div style=\"padding: 19% 0;\"><\/div> <div style=\"display:block; height:50px; margin:0 auto 12px; width:50px;\"><svg width=\"50px\" height=\"50px\" viewBox=\"0 0 60 60\" version=\"1.1\" xmlns=\"https:\/\/www.w3.org\/2000\/svg\" xmlns:xlink=\"https:\/\/www.w3.org\/1999\/xlink\"><g stroke=\"none\" stroke-width=\"1\" fill=\"none\" fill-rule=\"evenodd\"><g transform=\"translate(-511.000000, -20.000000)\" fill=\"#000000\"><g><path d=\"M556.869,30.41 C554.814,30.41 553.148,32.076 553.148,34.131 C553.148,36.186 554.814,37.852 556.869,37.852 C558.924,37.852 560.59,36.186 560.59,34.131 C560.59,32.076 558.924,30.41 556.869,30.41 M541,60.657 C535.114,60.657 530.342,55.887 530.342,50 C530.342,44.114 535.114,39.342 541,39.342 C546.887,39.342 551.658,44.114 551.658,50 C551.658,55.887 546.887,60.657 541,60.657 M541,33.886 C532.1,33.886 524.886,41.1 524.886,50 C524.886,58.899 532.1,66.113 541,66.113 C549.9,66.113 557.115,58.899 557.115,50 C557.115,41.1 549.9,33.886 541,33.886 M565.378,62.101 C565.244,65.022 564.756,66.606 564.346,67.663 C563.803,69.06 563.154,70.057 562.106,71.106 C561.058,72.155 560.06,72.803 558.662,73.347 C557.607,73.757 556.021,74.244 553.102,74.378 C549.944,74.521 548.997,74.552 541,74.552 C533.003,74.552 532.056,74.521 528.898,74.378 C525.979,74.244 524.393,73.757 523.338,73.347 C521.94,72.803 520.942,72.155 519.894,71.106 C518.846,70.057 518.197,69.06 517.654,67.663 C517.244,66.606 516.755,65.022 516.623,62.101 C516.479,58.943 516.448,57.996 516.448,50 C516.448,42.003 516.479,41.056 516.623,37.899 C516.755,34.978 517.244,33.391 517.654,32.338 C518.197,30.938 518.846,29.942 519.894,28.894 C520.942,27.846 521.94,27.196 523.338,26.654 C524.393,26.244 525.979,25.756 528.898,25.623 C532.057,25.479 533.004,25.448 541,25.448 C548.997,25.448 549.943,25.479 553.102,25.623 C556.021,25.756 557.607,26.244 558.662,26.654 C560.06,27.196 561.058,27.846 562.106,28.894 C563.154,29.942 563.803,30.938 564.346,32.338 C564.756,33.391 565.244,34.978 565.378,37.899 C565.522,41.056 565.552,42.003 565.552,50 C565.552,57.996 565.522,58.943 565.378,62.101 M570.82,37.631 C570.674,34.438 570.167,32.258 569.425,30.349 C568.659,28.377 567.633,26.702 565.965,25.035 C564.297,23.368 562.623,22.342 560.652,21.575 C558.743,20.834 556.562,20.326 553.369,20.18 C550.169,20.033 549.148,20 541,20 C532.853,20 531.831,20.033 528.631,20.18 C525.438,20.326 523.257,20.834 521.349,21.575 C519.376,22.342 517.703,23.368 516.035,25.035 C514.368,26.702 513.342,28.377 512.574,30.349 C511.834,32.258 511.326,34.438 511.181,37.631 C511.035,40.831 511,41.851 511,50 C511,58.147 511.035,59.17 511.181,62.369 C511.326,65.562 511.834,67.743 512.574,69.651 C513.342,71.625 514.368,73.296 516.035,74.965 C517.703,76.634 519.376,77.658 521.349,78.425 C523.257,79.167 525.438,79.673 528.631,79.82 C531.831,79.965 532.853,80.001 541,80.001 C549.148,80.001 550.169,79.965 553.369,79.82 C556.562,79.673 558.743,79.167 560.652,78.425 C562.623,77.658 564.297,76.634 565.965,74.965 C567.633,73.296 568.659,71.625 569.425,69.651 C570.167,67.743 570.674,65.562 570.82,62.369 C570.966,59.17 571,58.147 571,50 C571,41.851 570.966,40.831 570.82,37.631\"><\/path><\/g><\/g><\/g><\/svg><\/div><div style=\"padding-top: 8px;\"> <div style=\" color:#3897f0; font-family:Arial,sans-serif; font-size:14px; font-style:normal; font-weight:550; line-height:18px;\">Ver esta publicaci\u00f3n en Instagram<\/div><\/div><div style=\"padding: 12.5% 0;\"><\/div> <div style=\"display: flex; flex-direction: row; margin-bottom: 14px; align-items: center;\"><div> <div style=\"background-color: #F4F4F4; border-radius: 50%; height: 12.5px; width: 12.5px; transform: translateX(0px) translateY(7px);\"><\/div> <div style=\"background-color: #F4F4F4; height: 12.5px; transform: rotate(-45deg) translateX(3px) translateY(1px); width: 12.5px; flex-grow: 0; margin-right: 14px; margin-left: 2px;\"><\/div> <div style=\"background-color: #F4F4F4; border-radius: 50%; height: 12.5px; width: 12.5px; transform: translateX(9px) translateY(-18px);\"><\/div><\/div><div style=\"margin-left: 8px;\"> <div style=\" background-color: #F4F4F4; border-radius: 50%; flex-grow: 0; height: 20px; width: 20px;\"><\/div> <div style=\" width: 0; height: 0; border-top: 2px solid transparent; border-left: 6px solid #f4f4f4; border-bottom: 2px solid transparent; transform: translateX(16px) translateY(-4px) rotate(30deg)\"><\/div><\/div><div style=\"margin-left: auto;\"> <div style=\" width: 0px; border-top: 8px solid #F4F4F4; border-right: 8px solid transparent; transform: translateY(16px);\"><\/div> <div style=\" background-color: #F4F4F4; flex-grow: 0; height: 12px; width: 16px; transform: translateY(-4px);\"><\/div> <div style=\" width: 0; height: 0; border-top: 8px solid #F4F4F4; border-left: 8px solid transparent; transform: translateY(-4px) translateX(8px);\"><\/div><\/div><\/div> <div style=\"display: flex; flex-direction: column; flex-grow: 1; justify-content: center; margin-bottom: 24px;\"> <div style=\" background-color: #F4F4F4; border-radius: 4px; flex-grow: 0; height: 14px; margin-bottom: 6px; width: 224px;\"><\/div> <div style=\" background-color: #F4F4F4; border-radius: 4px; flex-grow: 0; height: 14px; width: 144px;\"><\/div><\/div><\/a><p style=\" color:#c9c8cd; font-family:Arial,sans-serif; font-size:14px; line-height:17px; margin-bottom:0; margin-top:8px; overflow:hidden; padding:8px 0 7px; text-align:center; text-overflow:ellipsis; white-space:nowrap;\"><a href=\"https:\/\/www.instagram.com\/p\/DTvudzxD3ax\/?utm_source=ig_embed&amp;utm_campaign=loading\" style=\" color:#c9c8cd; font-family:Arial,sans-serif; font-size:14px; font-style:normal; font-weight:normal; line-height:17px; text-decoration:none;\" target=\"_blank\" rel=\"noopener\">Una publicaci\u00f3n compartida por Ministerio de Producci\u00f3n (@produccionpba)<\/a><\/p><\/div><\/blockquote>\n<script async=\"\" src=\"\/\/www.instagram.com\/embed.js\"><\/script>\n\n\n\n<p>En ese marco, <strong>Kicillof afirm\u00f3: <em>\u201cEstamos viviendo una crisis de tal magnitud que en esta reuni\u00f3n hemos escuchado a peque\u00f1os, medianos y grandes productores de distintos puntos geogr\u00e1ficos de la Provincia y todos coinciden con que les est\u00e1 yendo mal\u201d<\/em><\/strong><em>. \u201cNo es casualidad, es culpa de un modelo impuesto por el Gobierno nacional hace m\u00e1s de dos a\u00f1os para atacar a los trabajadores, los comerciantes y los empresarios pymes\u201d,<\/em> agreg\u00f3.<\/p>\n\n\n\n<p><strong><em>\u201cLa Argentina est\u00e1 viviendo una fuerte crisis econ\u00f3mica e industrial producto de una pol\u00edtica econ\u00f3mica destinada a destruir el mercado interno. Al bajar los salarios y las jubilaciones, cae el consumo, la producci\u00f3n y el turismo\u201d<\/em>, sostuvo el Gobernador<\/strong> y se\u00f1al\u00f3: <em>\u201cEsa situaci\u00f3n se est\u00e1 viendo reflejada en una temporada de verano que no solo es descanso y disfrute, sino tambi\u00e9n la principal fuente de ingresos de millones de familias bonaerenses\u201d.<\/em><\/p>\n\n\n\n<figure class=\"wp-block-image size-large\"><img decoding=\"async\" width=\"1024\" height=\"684\" src=\"https:\/\/produba.com\/wp-content\/uploads\/2026\/01\/Chascomus-encuentro-empresarios-kicillof-1-1024x684.webp\" alt=\"\" class=\"wp-image-2747\" srcset=\"https:\/\/produba.com\/wp-content\/uploads\/2026\/01\/Chascomus-encuentro-empresarios-kicillof-1-1024x684.webp 1024w, https:\/\/produba.com\/wp-content\/uploads\/2026\/01\/Chascomus-encuentro-empresarios-kicillof-1-300x200.webp 300w, https:\/\/produba.com\/wp-content\/uploads\/2026\/01\/Chascomus-encuentro-empresarios-kicillof-1-768x513.webp 768w, https:\/\/produba.com\/wp-content\/uploads\/2026\/01\/Chascomus-encuentro-empresarios-kicillof-1-780x521.webp 780w, https:\/\/produba.com\/wp-content\/uploads\/2026\/01\/Chascomus-encuentro-empresarios-kicillof-1-600x401.webp 600w, https:\/\/produba.com\/wp-content\/uploads\/2026\/01\/Chascomus-encuentro-empresarios-kicillof-1-550x367.webp 550w, https:\/\/produba.com\/wp-content\/uploads\/2026\/01\/Chascomus-encuentro-empresarios-kicillof-1-370x247.webp 370w, https:\/\/produba.com\/wp-content\/uploads\/2026\/01\/Chascomus-encuentro-empresarios-kicillof-1-255x170.webp 255w, https:\/\/produba.com\/wp-content\/uploads\/2026\/01\/Chascomus-encuentro-empresarios-kicillof-1.webp 1080w\" sizes=\"(max-width: 1024px) 100vw, 1024px\" \/><\/figure>\n\n\n\n<p>Por su parte, <strong>Magario remarc\u00f3: <em>\u201cDesde que asumi\u00f3 Javier Milei, todas las actividades econ\u00f3micas est\u00e1n deprimidas y se acab\u00f3 el ciclo virtuoso de la producci\u00f3n, el trabajo, los salarios dignos y el consumo\u201d. \u201cDebemos recuperar las pol\u00edticas que permiten que nuestro pa\u00eds crezca y que haya m\u00e1s derechos\u201d<\/em><\/strong>, indic\u00f3.<\/p>\n\n\n\n<p><strong>Del encuentro participaron m\u00e1s de 250 representantes industriales, tur\u00edsticos, gastron\u00f3micos, comerciales y metal\u00fargicos, entre otros, con el fin de analizar el desarrollo de la temporada de verano y el impacto de las medidas econ\u00f3micas del Gobierno nacional en cada una de las ramas productivas.<\/strong><\/p>\n\n\n\n<figure class=\"wp-block-image size-large\"><img decoding=\"async\" width=\"1024\" height=\"683\" src=\"https:\/\/produba.com\/wp-content\/uploads\/2026\/01\/Chascomus-encuentro-empresarios-kicillof-3-1024x683.webp\" alt=\"\" class=\"wp-image-2745\" srcset=\"https:\/\/produba.com\/wp-content\/uploads\/2026\/01\/Chascomus-encuentro-empresarios-kicillof-3-1024x683.webp 1024w, https:\/\/produba.com\/wp-content\/uploads\/2026\/01\/Chascomus-encuentro-empresarios-kicillof-3-300x200.webp 300w, https:\/\/produba.com\/wp-content\/uploads\/2026\/01\/Chascomus-encuentro-empresarios-kicillof-3-768x512.webp 768w, https:\/\/produba.com\/wp-content\/uploads\/2026\/01\/Chascomus-encuentro-empresarios-kicillof-3-780x520.webp 780w, https:\/\/produba.com\/wp-content\/uploads\/2026\/01\/Chascomus-encuentro-empresarios-kicillof-3-600x400.webp 600w, https:\/\/produba.com\/wp-content\/uploads\/2026\/01\/Chascomus-encuentro-empresarios-kicillof-3-550x367.webp 550w, https:\/\/produba.com\/wp-content\/uploads\/2026\/01\/Chascomus-encuentro-empresarios-kicillof-3-370x247.webp 370w, https:\/\/produba.com\/wp-content\/uploads\/2026\/01\/Chascomus-encuentro-empresarios-kicillof-3-255x170.webp 255w, https:\/\/produba.com\/wp-content\/uploads\/2026\/01\/Chascomus-encuentro-empresarios-kicillof-3.webp 1080w\" sizes=\"(max-width: 1024px) 100vw, 1024px\" \/><\/figure>\n\n\n\n<p>Al respecto, Costa sostuvo: <em>\u201cLo que genera el turismo en materia de ingreso y de trabajo lamentablemente se ve muy restringido por responsabilidad de un Gobierno nacional que, con su pol\u00edtica econ\u00f3mica, les quita poder adquisitivo a los potenciales veraneantes y no tiene l\u00edneas de apoyo para el sector\u201d. \u201cPor el contrario, en la Provincia el mandato es poner al turismo y a la actividad econ\u00f3mica en el centro de la agenda durante todo el a\u00f1o\u201d<\/em>, a\u00f1adi\u00f3.<\/p>\n\n\n\n<p>En tanto, Rodr\u00edguez subray\u00f3: <em>\u201cProducto de la crisis econ\u00f3mica que viven muchas familias, estamos viendo una ca\u00edda generalizada de la demanda en todos los sectores, que llega incluso a alimentos como la carne vacuna, la leche o las frutas\u201d. \u201cEn este contexto, acompa\u00f1amos a los distintos actores productivos y continuamos con estos encuentros que permiten mejorar las pol\u00edticas p\u00fablicas destinadas a cada sector\u201d<\/em>, agreg\u00f3.<\/p>\n\n\n\n<p><em>\u201cEsta temporada estamos teniendo una ocupaci\u00f3n del 62%, lo que representa una ca\u00edda respecto de lo que est\u00e1bamos acostumbrados. Adem\u00e1s, disminuy\u00f3 un 40% el gasto que las y los turistas hacen en los comercios de Chascom\u00fas, afectando fuertemente los ingresos de las familias locales\u201d<\/em>, remarc\u00f3 el intendente Gast\u00f3n.<\/p>\n\n\n\n<figure class=\"wp-block-image size-full\"><img decoding=\"async\" width=\"700\" height=\"466\" src=\"https:\/\/produba.com\/wp-content\/uploads\/2026\/01\/Chascomus-encuentro-empresarios-kicillof.jpg\" alt=\"\" class=\"wp-image-2743\" srcset=\"https:\/\/produba.com\/wp-content\/uploads\/2026\/01\/Chascomus-encuentro-empresarios-kicillof.jpg 700w, https:\/\/produba.com\/wp-content\/uploads\/2026\/01\/Chascomus-encuentro-empresarios-kicillof-300x200.jpg 300w, https:\/\/produba.com\/wp-content\/uploads\/2026\/01\/Chascomus-encuentro-empresarios-kicillof-600x399.jpg 600w, https:\/\/produba.com\/wp-content\/uploads\/2026\/01\/Chascomus-encuentro-empresarios-kicillof-550x366.jpg 550w, https:\/\/produba.com\/wp-content\/uploads\/2026\/01\/Chascomus-encuentro-empresarios-kicillof-370x246.jpg 370w, https:\/\/produba.com\/wp-content\/uploads\/2026\/01\/Chascomus-encuentro-empresarios-kicillof-255x170.jpg 255w\" sizes=\"(max-width: 700px) 100vw, 700px\" \/><\/figure>\n\n\n\n<p>Durante la jornada, Kicillof y la directora general de Cultura y Educaci\u00f3n, Flavia Terigi, recorrieron el parque acu\u00e1tico Puerto Aventura, donde ni\u00f1as y ni\u00f1os de diferentes escuelas locales participan de actividades recreativas en el marco del programa Escuelas Abiertas en Verano.<\/p>\n\n\n\n<p>Por \u00faltimo, Kicillof subray\u00f3: <em>\u201cVamos a seguir escuchando, acompa\u00f1ando y brindando respuestas a todos los sectores de la econom\u00eda: no podemos sustituir ni reemplazar al Gobierno nacional, pero continuaremos acercando todas las herramientas que est\u00e9n a nuestro alcance para minimizar el impacto de las pol\u00edticas antiindustriales y para proteger el trabajo\u201d.<\/em><\/p>\n\n\n\n<figure class=\"wp-block-image size-large\"><img decoding=\"async\" width=\"1024\" height=\"684\" src=\"https:\/\/produba.com\/wp-content\/uploads\/2026\/01\/Chascomus-encuentro-empresarios-kicillof-4-1024x684.webp\" alt=\"\" class=\"wp-image-2744\" srcset=\"https:\/\/produba.com\/wp-content\/uploads\/2026\/01\/Chascomus-encuentro-empresarios-kicillof-4-1024x684.webp 1024w, https:\/\/produba.com\/wp-content\/uploads\/2026\/01\/Chascomus-encuentro-empresarios-kicillof-4-300x200.webp 300w, https:\/\/produba.com\/wp-content\/uploads\/2026\/01\/Chascomus-encuentro-empresarios-kicillof-4-768x513.webp 768w, https:\/\/produba.com\/wp-content\/uploads\/2026\/01\/Chascomus-encuentro-empresarios-kicillof-4-780x521.webp 780w, https:\/\/produba.com\/wp-content\/uploads\/2026\/01\/Chascomus-encuentro-empresarios-kicillof-4-600x401.webp 600w, https:\/\/produba.com\/wp-content\/uploads\/2026\/01\/Chascomus-encuentro-empresarios-kicillof-4-550x367.webp 550w, https:\/\/produba.com\/wp-content\/uploads\/2026\/01\/Chascomus-encuentro-empresarios-kicillof-4-370x247.webp 370w, https:\/\/produba.com\/wp-content\/uploads\/2026\/01\/Chascomus-encuentro-empresarios-kicillof-4-255x170.webp 255w, https:\/\/produba.com\/wp-content\/uploads\/2026\/01\/Chascomus-encuentro-empresarios-kicillof-4.webp 1080w\" sizes=\"(max-width: 1024px) 100vw, 1024px\" \/><\/figure>\n\n\n\n<p>Participaron de las actividades la jefa de Asesores del Gobernador, Cristina \u00c1lvarez Rodr\u00edguez; los ministros de Gobierno, Carlos Bianco; de Desarrollo de la Comunidad, Andr\u00e9s Larroque; y la ministra de Mujeres y Diversidad, Estela D\u00edaz; la presidenta del Instituto Cultural, Florencia Saintout; el presidente de Banco Provincia, Juan Cuattromo; funcionarios y funcionarias provinciales.<\/p>\n\n\n\n<p>Adem\u00e1s, la diputada nacional Fernanda Mi\u00f1o; el senador provincial Jorge Paredi; y los intendentes de Ca\u00f1uelas, Marisa Fassi; de General Alvarado, Sebasti\u00e1n Ianantuony; de General Paz, Juan Manuel \u00c1lvarez; de General Madariaga, Esteban Santoro; de Villa Gesell, Gustavo Barrera; de Monte, Jos\u00e9 Castro; de Las Flores, Alberto Gelene (en uso de licencia); y los jefes comunales interinos de Castelli, Sebasti\u00e1n Echarren; y de Saladillo, Alejandro Armend\u00e1riz.<\/p>\n","protected":false},"excerpt":{"rendered":"<p>Representantes de la producci\u00f3n agraria, la industria, el comercio y el turismo analizaron la coyuntura econ\u00f3mica y social junto al gobernador y parte del gabinete bonaerense. Preocupaci\u00f3n en las pymes por la crisis productiva El gobernador de la provincia de Buenos Aires, Axel Kicillof, encabez\u00f3 este martes en Chascom\u00fas una reuni\u00f3n productiva con representantes de &#8230;<\/p>\n","protected":false},"author":1,"featured_media":2746,"comment_status":"closed","ping_status":"closed","sticky":false,"template":"","format":"standard","meta":{"loftocean_post_format_gallery":"","loftocean_post_format_gallery_ids":"","loftocean_post_format_gallery_urls":"","loftocean_post_format_video_id":0,"loftocean_post_format_video_url":"","loftocean_post_format_video_type":"","loftocean_post_format_video":"","loftocean_post_format_audio_type":"","loftocean_post_format_audio_url":"","loftocean_post_format_audio_id":0,"loftocean_post_format_audio":"","loftocean-featured-post":"","loftocean-like-count":0,"loftocean-view-count":53,"loftocean_coauthors":"","alpaca_post_content_reading_setting":"","alpaca_reading_speed_per_minute":0,"alpaca_reading_speed_unit":"","alpaca_single_post_template_layout":""},"categories":[7,6,3],"tags":[68,51,117,171,79,42,41],"loftoceanMetas":{"readingTime":"3 minutos de lectura","authorName":"ProduBA","categories":[{"name":"Inter\u00e9s General","link":"https:\/\/produba.com\/index.php\/category\/interes_general\/","count":120},{"name":"Municipios","link":"https:\/\/produba.com\/index.php\/category\/municipios\/","count":379},{"name":"Producci\u00f3n","link":"https:\/\/produba.com\/index.php\/category\/produccion\/","count":401}],"date":"21 de enero de 2026","featuredImageSRC":"https:\/\/produba.com\/wp-content\/uploads\/2026\/01\/Chascomus-encuentro-empresarios-kicillof-2-150x150.webp"},"_links":{"self":[{"href":"https:\/\/produba.com\/index.php\/wp-json\/wp\/v2\/posts\/2742"}],"collection":[{"href":"https:\/\/produba.com\/index.php\/wp-json\/wp\/v2\/posts"}],"about":[{"href":"https:\/\/produba.com\/index.php\/wp-json\/wp\/v2\/types\/post"}],"author":[{"embeddable":true,"href":"https:\/\/produba.com\/index.php\/wp-json\/wp\/v2\/users\/1"}],"replies":[{"embeddable":true,"href":"https:\/\/produba.com\/index.php\/wp-json\/wp\/v2\/comments?post=2742"}],"version-history":[{"count":2,"href":"https:\/\/produba.com\/index.php\/wp-json\/wp\/v2\/posts\/2742\/revisions"}],"predecessor-version":[{"id":2749,"href":"https:\/\/produba.com\/index.php\/wp-json\/wp\/v2\/posts\/2742\/revisions\/2749"}],"wp:featuredmedia":[{"embeddable":true,"href":"https:\/\/produba.com\/index.php\/wp-json\/wp\/v2\/media\/2746"}],"wp:attachment":[{"href":"https:\/\/produba.com\/index.php\/wp-json\/wp\/v2\/media?parent=2742"}],"wp:term":[{"taxonomy":"category","embeddable":true,"href":"https:\/\/produba.com\/index.php\/wp-json\/wp\/v2\/categories?post=2742"},{"taxonomy":"post_tag","embeddable":true,"href":"https:\/\/produba.com\/index.php\/wp-json\/wp\/v2\/tags?post=2742"}],"curies":[{"name":"wp","href":"https:\/\/api.w.org\/{rel}","templated":true}]}}