{"id":2587,"date":"2025-12-10T09:02:10","date_gmt":"2025-12-10T12:02:10","guid":{"rendered":"https:\/\/produba.com\/?p=2587"},"modified":"2025-12-10T09:02:11","modified_gmt":"2025-12-10T12:02:11","slug":"censo-industrial-olavarria-2024-metalmecanica-y-construccion-los-sectores-mas-fuertes-de-la-industria","status":"publish","type":"post","link":"https:\/\/produba.com\/index.php\/2025\/12\/10\/censo-industrial-olavarria-2024-metalmecanica-y-construccion-los-sectores-mas-fuertes-de-la-industria\/","title":{"rendered":"Censo Industrial Olavarr\u00eda 2024: metalmec\u00e1nica y construcci\u00f3n, los sectores m\u00e1s fuertes de la industria"},"content":{"rendered":"\n<h5>El informe revel\u00f3 adem\u00e1s que m\u00e1s de la mitad de las empresas tienen menos de 10 empleados. El relevamiento, que fue presentado por el intendente Maximiliano Wesner, destac\u00f3 que m\u00e1s del 60% son micro y peque\u00f1as empresas<\/h5>\n\n\n\n<p><strong>Durante la ma\u00f1ana de ayer, la Sala de Reuniones del Palacio Municipal San Mart\u00edn, fue sede de la presentaci\u00f3n de los resultados del Censo Industrial Olavarr\u00eda 2024.<\/strong> <strong>El informe, que fue presentado por el intendente olavarriense, Maximiliano Wesner, permite contar con informaci\u00f3n sistem\u00e1tica y actualizada sobre el entramado productivo local, y se traduce en una herramienta de diagn\u00f3stico y acci\u00f3n conjunta para la implementaci\u00f3n de pol\u00edticas orientadas al sector.<\/strong><\/p>\n\n\n\n<figure class=\"wp-block-image size-full\"><img decoding=\"async\" width=\"1024\" height=\"670\" src=\"https:\/\/produba.com\/wp-content\/uploads\/2025\/12\/Olavarria-Presentacion-Censo-Industrial-1.jpeg\" alt=\"\" class=\"wp-image-2588\" srcset=\"https:\/\/produba.com\/wp-content\/uploads\/2025\/12\/Olavarria-Presentacion-Censo-Industrial-1.jpeg 1024w, https:\/\/produba.com\/wp-content\/uploads\/2025\/12\/Olavarria-Presentacion-Censo-Industrial-1-300x196.jpeg 300w, https:\/\/produba.com\/wp-content\/uploads\/2025\/12\/Olavarria-Presentacion-Censo-Industrial-1-768x503.jpeg 768w, https:\/\/produba.com\/wp-content\/uploads\/2025\/12\/Olavarria-Presentacion-Censo-Industrial-1-780x510.jpeg 780w, https:\/\/produba.com\/wp-content\/uploads\/2025\/12\/Olavarria-Presentacion-Censo-Industrial-1-600x393.jpeg 600w, https:\/\/produba.com\/wp-content\/uploads\/2025\/12\/Olavarria-Presentacion-Censo-Industrial-1-550x360.jpeg 550w, https:\/\/produba.com\/wp-content\/uploads\/2025\/12\/Olavarria-Presentacion-Censo-Industrial-1-370x242.jpeg 370w, https:\/\/produba.com\/wp-content\/uploads\/2025\/12\/Olavarria-Presentacion-Censo-Industrial-1-255x167.jpeg 255w\" sizes=\"(max-width: 1024px) 100vw, 1024px\" \/><\/figure>\n\n\n\n<p>Cabe destacar que dicho relevamiento fue promovido y desarrollado por la Municipalidad de Olavarr\u00eda, a trav\u00e9s de la Secretar\u00eda de Desarrollo Econ\u00f3mico y la Direcci\u00f3n de Planificaci\u00f3n Estrat\u00e9gica, la Facultad de Ingenier\u00eda de la UNICEN a trav\u00e9s de su Secretar\u00eda de Extensi\u00f3n, Vinculaci\u00f3n y Transferencia (SEVyT), y su Centro de Desarrollo Emprendedor e Innovaci\u00f3n (CDEI) a trav\u00e9s del Observatorio para el Desarrollo Empresarial y Tecnol\u00f3gico (ODETEC), en articulaci\u00f3n con la Uni\u00f3n Industrial de Olavarr\u00eda y la Asociaci\u00f3n de Propietarios del Parque Industrial de Olavarr\u00eda.<\/p>\n\n\n\n<p>La presentaci\u00f3n cont\u00f3 con la participaci\u00f3n del presidente de la Uni\u00f3n Industrial de Olavarr\u00eda Jorge Sobarzo, la decana y vice decana de la Facultad de Ingenier\u00eda Mar\u00eda Peralta y Silvina Gobbi, el secretario de Extensi\u00f3n, Vinculaci\u00f3n y Transferencia Joaqu\u00edn Domato, el Director del CDEI, Esteban Seibel, el Director del Depto. de Ingenier\u00eda Industrial, el secretario de Desarrollo Econ\u00f3mico y Productivo de la Municipalidad Jos\u00e9 Pablo Di Uono, el subsecretario de Empresas e Inversiones Bernardo Baldino, la directora de Planificaci\u00f3n Estrat\u00e9gica Carolina Planes y dem\u00e1s referentes acad\u00e9micos y empresariales.<\/p>\n\n\n\n<p>Wesner destac\u00f3 en primer lugar <em>\u201cpara nosotros es fundamental esta articulaci\u00f3n que hemos logrado entre lo institucional, acad\u00e9mico y empresarial. Este relevamiento surge de la necesidad de contar con informaci\u00f3n actualizada de lo que son emprendedores y empresarios que llevan adelante la parte productiva de nuestro rico entramado olavarriense\u201d.<\/em><\/p>\n\n\n\n<p>Respecto a la continuidad del trabajo que se seguir\u00e1 realizando, se\u00f1al\u00f3 que <em>\u201ces importante tener la mayor informaci\u00f3n de las cadenas sectoriales, que nos atraviesen la ciudad, tener un perfil bien acabado de la ciudad, es el insumo necesario para poder mostrar y para poder vender a Olavarr\u00eda\u201d.<\/em><\/p>\n\n\n\n<p>Antes de la presentaci\u00f3n de los datos arrojados por el Censo Industrial 2024, Wesner agradeci\u00f3 <em>\u201cel enorme acompa\u00f1amiento, para poder trabajar codo a codo y poder tener esta herramienta que es m\u00e1s que importante, no ten\u00edamos esa informaci\u00f3n, no cont\u00e1bamos con datos actualizados en la Secretar\u00eda de Desarrollo Econ\u00f3mico, y me parece crucial para seguir pensando nuestro entramado productivo en funci\u00f3n de lo que se viene y en la planificaci\u00f3n de la ciudad\u201d.<\/em><\/p>\n\n\n\n<p>Por su parte la Ing. Mar\u00eda Peralta (decana de la FIO) y Jorge Sobarzo (presidente de la UIO) valoraron la importancia de trabajar en conjunto para contar con un diagn\u00f3stico actual y pensar acciones estrat\u00e9gicas en com\u00fan.<\/p>\n\n\n\n<p>Desde el equipo de trabajo, constituido por el Municipio y la Facultad de Ingenier\u00eda, se agreg\u00f3 que dicho estudio surge con el objetivo de institucionalizar la generaci\u00f3n y el an\u00e1lisis de informaci\u00f3n orientada al desarrollo productivo, promover el dise\u00f1o de pol\u00edticas p\u00fablicas basadas en evidencia y consolidar v\u00ednculos de cooperaci\u00f3n entre los sectores p\u00fablico, privado y acad\u00e9mico.<\/p>\n\n\n\n<figure class=\"wp-block-image size-full is-resized\"><img decoding=\"async\" src=\"https:\/\/produba.com\/wp-content\/uploads\/2025\/12\/Olavarria-Presentacion-Censo-Industrial-3.jpeg\" alt=\"\" class=\"wp-image-2590\" width=\"780\" height=\"564\" srcset=\"https:\/\/produba.com\/wp-content\/uploads\/2025\/12\/Olavarria-Presentacion-Censo-Industrial-3.jpeg 480w, https:\/\/produba.com\/wp-content\/uploads\/2025\/12\/Olavarria-Presentacion-Censo-Industrial-3-300x217.jpeg 300w, https:\/\/produba.com\/wp-content\/uploads\/2025\/12\/Olavarria-Presentacion-Censo-Industrial-3-370x267.jpeg 370w, https:\/\/produba.com\/wp-content\/uploads\/2025\/12\/Olavarria-Presentacion-Censo-Industrial-3-255x184.jpeg 255w\" sizes=\"(max-width: 780px) 100vw, 780px\" \/><\/figure>\n\n\n\n<p>El \u00faltimo Censo Industrial local fue realizado entre los a\u00f1os 2011-2012, en tanto en el a\u00f1o 2022-2023 se llev\u00f3 a cabo la Encuesta al Comercio Minorista y el Censo Minero en 2023, como antecedentes inmediatos en Olavarr\u00eda.<\/p>\n\n\n\n<p>En ese sentido, la Secretar\u00eda de Desarrollo Econ\u00f3mico y Productivo indic\u00f3 que el relevamiento abarc\u00f3 a los Parques Industriales I y II, Sector V, Zona de Actividades Log\u00edsticas de Olavarr\u00eda (ZALO), Parques de Granos y el Sector Industrial Planificados \u201cLos Fresnos\u201d, logrando una participaci\u00f3n del casi 70 por ciento de las empresas que los integran. Teniendo una acabada y detallada informaci\u00f3n de lo que son estos espacios industriales.<\/p>\n\n\n\n<p><strong>El Censo Industrial 2024, en lo que respecta a los Sectores Productivos, resulta un insumo clave para comprender la realidad de las empresas, identificar restricciones y oportunidades, y construir acuerdos de mediano y largo plazo para fortalecer el tejido productivo.<\/strong> En ese marco se relevaron ejes anal\u00edticos clave: caracterizaci\u00f3n general de las empresas, desempe\u00f1o econ\u00f3mico-productivo, relaciones con el entorno, innovaci\u00f3n, expectativas futuras, gesti\u00f3n digital y sustentabilidad.<\/p>\n\n\n\n<p>En ese marco, se detall\u00f3 que <strong>se relevaron 68 empresas, que representan aproximadamente el 70% de las radicadas en parques. De ese espectro, m\u00e1s del 60% son micro y peque\u00f1as empresas.<\/strong><\/p>\n\n\n\n<p><strong>El movimiento diario, entre empleados y proveedores, es cercano a las 2000 personas.<\/strong><\/p>\n\n\n\n<p>Adem\u00e1s, <strong>se constat\u00f3 que el 55,9% de las empresas tienen una planta de menos de 10 trabajadores, mientras que construcci\u00f3n y metalmec\u00e1nica son los sectores m\u00e1s representativos.<\/strong><\/p>\n\n\n\n<p>A partir de estos resultados, se formularon recomendaciones estrat\u00e9gicas orientadas a mejorar la competitividad sist\u00e9mica del entramado productivo y promover un modelo de desarrollo local sustentado en la inteligencia productiva, la colaboraci\u00f3n interinstitucional y la innovaci\u00f3n inclusiva.<\/p>\n","protected":false},"excerpt":{"rendered":"<p>El informe revel\u00f3 adem\u00e1s que m\u00e1s de la mitad de las empresas tienen menos de 10 empleados. El relevamiento, que fue presentado por el intendente Maximiliano Wesner, destac\u00f3 que m\u00e1s del 60% son micro y peque\u00f1as empresas Durante la ma\u00f1ana de ayer, la Sala de Reuniones del Palacio Municipal San Mart\u00edn, fue sede de la &#8230;<\/p>\n","protected":false},"author":1,"featured_media":2589,"comment_status":"closed","ping_status":"closed","sticky":false,"template":"","format":"standard","meta":{"loftocean_post_format_gallery":"","loftocean_post_format_gallery_ids":"","loftocean_post_format_gallery_urls":"","loftocean_post_format_video_id":0,"loftocean_post_format_video_url":"","loftocean_post_format_video_type":"","loftocean_post_format_video":"","loftocean_post_format_audio_type":"","loftocean_post_format_audio_url":"","loftocean_post_format_audio_id":0,"loftocean_post_format_audio":"","loftocean-featured-post":"","loftocean-like-count":0,"loftocean-view-count":92,"loftocean_coauthors":"","alpaca_post_content_reading_setting":"","alpaca_reading_speed_per_minute":0,"alpaca_reading_speed_unit":"","alpaca_single_post_template_layout":""},"categories":[6,3],"tags":[526,233,244,58,38,65],"loftoceanMetas":{"readingTime":"4 minutos de lectura","authorName":"ProduBA","categories":[{"name":"Municipios","link":"https:\/\/produba.com\/index.php\/category\/municipios\/","count":379},{"name":"Producci\u00f3n","link":"https:\/\/produba.com\/index.php\/category\/produccion\/","count":401}],"date":"10 de diciembre de 2025","featuredImageSRC":"https:\/\/produba.com\/wp-content\/uploads\/2025\/12\/Olavarria-Presentacion-Censo-Industrial-2-150x150.jpeg"},"_links":{"self":[{"href":"https:\/\/produba.com\/index.php\/wp-json\/wp\/v2\/posts\/2587"}],"collection":[{"href":"https:\/\/produba.com\/index.php\/wp-json\/wp\/v2\/posts"}],"about":[{"href":"https:\/\/produba.com\/index.php\/wp-json\/wp\/v2\/types\/post"}],"author":[{"embeddable":true,"href":"https:\/\/produba.com\/index.php\/wp-json\/wp\/v2\/users\/1"}],"replies":[{"embeddable":true,"href":"https:\/\/produba.com\/index.php\/wp-json\/wp\/v2\/comments?post=2587"}],"version-history":[{"count":1,"href":"https:\/\/produba.com\/index.php\/wp-json\/wp\/v2\/posts\/2587\/revisions"}],"predecessor-version":[{"id":2591,"href":"https:\/\/produba.com\/index.php\/wp-json\/wp\/v2\/posts\/2587\/revisions\/2591"}],"wp:featuredmedia":[{"embeddable":true,"href":"https:\/\/produba.com\/index.php\/wp-json\/wp\/v2\/media\/2589"}],"wp:attachment":[{"href":"https:\/\/produba.com\/index.php\/wp-json\/wp\/v2\/media?parent=2587"}],"wp:term":[{"taxonomy":"category","embeddable":true,"href":"https:\/\/produba.com\/index.php\/wp-json\/wp\/v2\/categories?post=2587"},{"taxonomy":"post_tag","embeddable":true,"href":"https:\/\/produba.com\/index.php\/wp-json\/wp\/v2\/tags?post=2587"}],"curies":[{"name":"wp","href":"https:\/\/api.w.org\/{rel}","templated":true}]}}