{"id":2571,"date":"2025-12-06T14:44:45","date_gmt":"2025-12-06T17:44:45","guid":{"rendered":"https:\/\/produba.com\/?p=2571"},"modified":"2025-12-06T14:45:42","modified_gmt":"2025-12-06T17:45:42","slug":"florencio-varela-festeja-los-30-anos-de-su-exposicion-productiva","status":"publish","type":"post","link":"https:\/\/produba.com\/index.php\/2025\/12\/06\/florencio-varela-festeja-los-30-anos-de-su-exposicion-productiva\/","title":{"rendered":"Florencio Varela festeja los 30 a\u00f1os de su exposici\u00f3n productiva"},"content":{"rendered":"\n<h5>Durante este fin de semana, se realiza en el distrito del sur del Conurbano la exposici\u00f3n <em>\u201c30\u00b0 Expo Emprendedores Varela Produce y Emprende\u201d<\/em>. La jefa de Asesores del gobierno bonaerense, Cristina \u00c1lvarez Rodr\u00edguez, y el intendente varelense, Andr\u00e9s Watson, inauguraron la muestra durante el d\u00eda de ayer y que se extender\u00e1 hasta el domingo<\/h5>\n\n\n\n<p><strong>La jefa de Asesores del Gobernador de la provincia de Buenos Aires, Cristina \u00c1lvarez Rodr\u00edguez, particip\u00f3 de la inauguraci\u00f3n de la exposici\u00f3n \u201c30\u00b0 Expo Emprendedores Varela Produce y Emprende\u201d y \u201cEmprendedores edici\u00f3n Navidad\u201d junto al intendente local, Andr\u00e9s Watson.<\/strong> El evento se realiz\u00f3 con asistencia t\u00e9cnica y financiera de la Provincia a trav\u00e9s del Consejo Federal de Inversiones (CFI).<\/p>\n\n\n\n<figure class=\"wp-block-image size-large\"><img decoding=\"async\" width=\"1024\" height=\"683\" src=\"https:\/\/produba.com\/wp-content\/uploads\/2025\/12\/Expo-Varela-3-1024x683.jpg\" alt=\"\" class=\"wp-image-2574\" srcset=\"https:\/\/produba.com\/wp-content\/uploads\/2025\/12\/Expo-Varela-3-1024x683.jpg 1024w, https:\/\/produba.com\/wp-content\/uploads\/2025\/12\/Expo-Varela-3-300x200.jpg 300w, https:\/\/produba.com\/wp-content\/uploads\/2025\/12\/Expo-Varela-3-768x512.jpg 768w, https:\/\/produba.com\/wp-content\/uploads\/2025\/12\/Expo-Varela-3-780x520.jpg 780w, https:\/\/produba.com\/wp-content\/uploads\/2025\/12\/Expo-Varela-3-600x400.jpg 600w, https:\/\/produba.com\/wp-content\/uploads\/2025\/12\/Expo-Varela-3-550x367.jpg 550w, https:\/\/produba.com\/wp-content\/uploads\/2025\/12\/Expo-Varela-3-370x247.jpg 370w, https:\/\/produba.com\/wp-content\/uploads\/2025\/12\/Expo-Varela-3-255x170.jpg 255w, https:\/\/produba.com\/wp-content\/uploads\/2025\/12\/Expo-Varela-3.jpg 1080w\" sizes=\"(max-width: 1024px) 100vw, 1024px\" \/><\/figure>\n\n\n\n<p>Tambi\u00e9n estuvo presente la subsecretaria de Priorizaci\u00f3n y Seguimiento Econ\u00f3mico y Productivo, Ayel\u00e9n Borda.<\/p>\n\n\n\n<figure class=\"wp-block-image size-large\"><img decoding=\"async\" width=\"1024\" height=\"683\" src=\"https:\/\/produba.com\/wp-content\/uploads\/2025\/12\/Expo-Varela-5-1024x683.jpg\" alt=\"\" class=\"wp-image-2575\" srcset=\"https:\/\/produba.com\/wp-content\/uploads\/2025\/12\/Expo-Varela-5-1024x683.jpg 1024w, https:\/\/produba.com\/wp-content\/uploads\/2025\/12\/Expo-Varela-5-300x200.jpg 300w, https:\/\/produba.com\/wp-content\/uploads\/2025\/12\/Expo-Varela-5-768x512.jpg 768w, https:\/\/produba.com\/wp-content\/uploads\/2025\/12\/Expo-Varela-5-780x520.jpg 780w, https:\/\/produba.com\/wp-content\/uploads\/2025\/12\/Expo-Varela-5-600x400.jpg 600w, https:\/\/produba.com\/wp-content\/uploads\/2025\/12\/Expo-Varela-5-550x367.jpg 550w, https:\/\/produba.com\/wp-content\/uploads\/2025\/12\/Expo-Varela-5-370x247.jpg 370w, https:\/\/produba.com\/wp-content\/uploads\/2025\/12\/Expo-Varela-5-255x170.jpg 255w, https:\/\/produba.com\/wp-content\/uploads\/2025\/12\/Expo-Varela-5.jpg 1080w\" sizes=\"(max-width: 1024px) 100vw, 1024px\" \/><\/figure>\n\n\n\n<p><em>\u201cCon el gobernador, Axel Kicillof seguimos acompa\u00f1ando a quienes generan empleo, impulsando la producci\u00f3n y el desarrollo econ\u00f3mico en cada municipio de nuestra provincia\u201d<\/em>, se\u00f1al\u00f3 la jefa de Asesores. Y concluy\u00f3: \u201ccon el apoyo del Banco Provincia y del CFI, esta edici\u00f3n se consolida como un motor para la econom\u00eda local: impulsa el consumo, genera nuevos v\u00ednculos comerciales y potencia a quienes producen en Florencio Varela\u201d.<\/p>\n\n\n\n<figure class=\"wp-block-image size-large\"><img decoding=\"async\" width=\"1024\" height=\"683\" src=\"https:\/\/produba.com\/wp-content\/uploads\/2025\/12\/Expo-Varela-1-1024x683.jpg\" alt=\"\" class=\"wp-image-2572\" srcset=\"https:\/\/produba.com\/wp-content\/uploads\/2025\/12\/Expo-Varela-1-1024x683.jpg 1024w, https:\/\/produba.com\/wp-content\/uploads\/2025\/12\/Expo-Varela-1-300x200.jpg 300w, https:\/\/produba.com\/wp-content\/uploads\/2025\/12\/Expo-Varela-1-768x512.jpg 768w, https:\/\/produba.com\/wp-content\/uploads\/2025\/12\/Expo-Varela-1-780x520.jpg 780w, https:\/\/produba.com\/wp-content\/uploads\/2025\/12\/Expo-Varela-1-600x400.jpg 600w, https:\/\/produba.com\/wp-content\/uploads\/2025\/12\/Expo-Varela-1-550x367.jpg 550w, https:\/\/produba.com\/wp-content\/uploads\/2025\/12\/Expo-Varela-1-370x247.jpg 370w, https:\/\/produba.com\/wp-content\/uploads\/2025\/12\/Expo-Varela-1-255x170.jpg 255w, https:\/\/produba.com\/wp-content\/uploads\/2025\/12\/Expo-Varela-1.jpg 1080w\" sizes=\"(max-width: 1024px) 100vw, 1024px\" \/><\/figure>\n\n\n\n<p><strong>Desde este viernes 5 hasta el domingo 7 inclusive, la exposici\u00f3n podr\u00e1 visitarse en el Parque Thevenet (Av. Thevenet y Storni) de 10:00 a 22:00 horas con entrada libre y gratuita.<\/strong> La propuesta incluye oferta gastron\u00f3mica y espect\u00e1culos musicales en vivo para toda la familia. Este a\u00f1o participan m\u00e1s de 300 emprendedores.<\/p>\n\n\n\n<figure class=\"wp-block-image size-large\"><img decoding=\"async\" width=\"1024\" height=\"683\" src=\"https:\/\/produba.com\/wp-content\/uploads\/2025\/12\/Expo-Varela-2-1024x683.jpg\" alt=\"\" class=\"wp-image-2573\" srcset=\"https:\/\/produba.com\/wp-content\/uploads\/2025\/12\/Expo-Varela-2-1024x683.jpg 1024w, https:\/\/produba.com\/wp-content\/uploads\/2025\/12\/Expo-Varela-2-300x200.jpg 300w, https:\/\/produba.com\/wp-content\/uploads\/2025\/12\/Expo-Varela-2-768x512.jpg 768w, https:\/\/produba.com\/wp-content\/uploads\/2025\/12\/Expo-Varela-2-780x520.jpg 780w, https:\/\/produba.com\/wp-content\/uploads\/2025\/12\/Expo-Varela-2-600x400.jpg 600w, https:\/\/produba.com\/wp-content\/uploads\/2025\/12\/Expo-Varela-2-550x367.jpg 550w, https:\/\/produba.com\/wp-content\/uploads\/2025\/12\/Expo-Varela-2-370x247.jpg 370w, https:\/\/produba.com\/wp-content\/uploads\/2025\/12\/Expo-Varela-2-255x170.jpg 255w, https:\/\/produba.com\/wp-content\/uploads\/2025\/12\/Expo-Varela-2.jpg 1080w\" sizes=\"(max-width: 1024px) 100vw, 1024px\" \/><\/figure>\n\n\n\n<p><strong>Con treinta ediciones, la Expo convoca alrededor de 90.000 vecinos y vecinas por a\u00f1o. Su objetivo es promover la producci\u00f3n local, visibilizar a sus emprendedores y potenciar el desarrollo econ\u00f3mico del municipio.<\/strong><\/p>\n","protected":false},"excerpt":{"rendered":"<p>Durante este fin de semana, se realiza en el distrito del sur del Conurbano la exposici\u00f3n \u201c30\u00b0 Expo Emprendedores Varela Produce y Emprende\u201d. La jefa de Asesores del gobierno bonaerense, Cristina \u00c1lvarez Rodr\u00edguez, y el intendente varelense, Andr\u00e9s Watson, inauguraron la muestra durante el d\u00eda de ayer y que se extender\u00e1 hasta el domingo La &#8230;<\/p>\n","protected":false},"author":1,"featured_media":2576,"comment_status":"closed","ping_status":"closed","sticky":false,"template":"","format":"standard","meta":{"loftocean_post_format_gallery":"","loftocean_post_format_gallery_ids":"","loftocean_post_format_gallery_urls":"","loftocean_post_format_video_id":0,"loftocean_post_format_video_url":"","loftocean_post_format_video_type":"","loftocean_post_format_video":"","loftocean_post_format_audio_type":"","loftocean_post_format_audio_url":"","loftocean_post_format_audio_id":0,"loftocean_post_format_audio":"","loftocean-featured-post":"","loftocean-like-count":0,"loftocean-view-count":78,"loftocean_coauthors":"","alpaca_post_content_reading_setting":"","alpaca_reading_speed_per_minute":0,"alpaca_reading_speed_unit":"","alpaca_single_post_template_layout":""},"categories":[6,3],"tags":[220,436,117,522,219],"loftoceanMetas":{"readingTime":"&lt; 1 minuto de lectura","authorName":"ProduBA","categories":[{"name":"Municipios","link":"https:\/\/produba.com\/index.php\/category\/municipios\/","count":378},{"name":"Producci\u00f3n","link":"https:\/\/produba.com\/index.php\/category\/produccion\/","count":400}],"date":"6 de diciembre de 2025","featuredImageSRC":"https:\/\/produba.com\/wp-content\/uploads\/2025\/12\/Expo-Varela_0-150x150.jpg"},"_links":{"self":[{"href":"https:\/\/produba.com\/index.php\/wp-json\/wp\/v2\/posts\/2571"}],"collection":[{"href":"https:\/\/produba.com\/index.php\/wp-json\/wp\/v2\/posts"}],"about":[{"href":"https:\/\/produba.com\/index.php\/wp-json\/wp\/v2\/types\/post"}],"author":[{"embeddable":true,"href":"https:\/\/produba.com\/index.php\/wp-json\/wp\/v2\/users\/1"}],"replies":[{"embeddable":true,"href":"https:\/\/produba.com\/index.php\/wp-json\/wp\/v2\/comments?post=2571"}],"version-history":[{"count":2,"href":"https:\/\/produba.com\/index.php\/wp-json\/wp\/v2\/posts\/2571\/revisions"}],"predecessor-version":[{"id":2578,"href":"https:\/\/produba.com\/index.php\/wp-json\/wp\/v2\/posts\/2571\/revisions\/2578"}],"wp:featuredmedia":[{"embeddable":true,"href":"https:\/\/produba.com\/index.php\/wp-json\/wp\/v2\/media\/2576"}],"wp:attachment":[{"href":"https:\/\/produba.com\/index.php\/wp-json\/wp\/v2\/media?parent=2571"}],"wp:term":[{"taxonomy":"category","embeddable":true,"href":"https:\/\/produba.com\/index.php\/wp-json\/wp\/v2\/categories?post=2571"},{"taxonomy":"post_tag","embeddable":true,"href":"https:\/\/produba.com\/index.php\/wp-json\/wp\/v2\/tags?post=2571"}],"curies":[{"name":"wp","href":"https:\/\/api.w.org\/{rel}","templated":true}]}}