{"id":2514,"date":"2025-11-25T12:26:01","date_gmt":"2025-11-25T15:26:01","guid":{"rendered":"https:\/\/produba.com\/?p=2514"},"modified":"2025-11-25T12:26:03","modified_gmt":"2025-11-25T15:26:03","slug":"reconocimiento-a-la-produccion-junin-fue-distinguida-como-ciudad-emprendedora","status":"publish","type":"post","link":"https:\/\/produba.com\/index.php\/2025\/11\/25\/reconocimiento-a-la-produccion-junin-fue-distinguida-como-ciudad-emprendedora\/","title":{"rendered":"Reconocimiento a la Producci\u00f3n: Jun\u00edn fue distinguida como Ciudad Emprendedora"},"content":{"rendered":"\n<h5>En el marco de la Semana del Emprendedor, el distrito juninense fue reconocido por la Red de Innovaci\u00f3n Local. Se destac\u00f3 el desarrollo del ecosistema emprendedor a partir de las pol\u00edticas de acompa\u00f1amiento, a trav\u00e9s de la formaci\u00f3n y el financiamiento, desplegadas por el municipio local<\/h5>\n\n\n\n<p><strong>El reconocimiento, que tuvo lugar en el Teatro de La Rancher\u00eda, donde se dio inicio a las actividades por la semana del emprendedor, estuvo a cargo de autoridades de la Red de Innovaci\u00f3n Local (RIL)<\/strong> y <strong>fue recibido por el intendente de Jun\u00edn, Pablo Petrecca<\/strong>. En dicho reconocimiento, se destac\u00f3 <strong>el trabajo que posicion\u00f3 a Jun\u00edn como ciudad referente en materia emprendedora. <em>\u201cEsto no es para un Gobierno, sino para cada emprendedor y emprendedora que todos los d\u00edas potencia el desarrollo de nuestra ciudad\u201d<\/em>, afirm\u00f3 el intendente juninense Pablo Petrecca celebrando junto a los emprendedores.<\/strong><\/p>\n\n\n\n<blockquote class=\"instagram-media\" data-instgrm-captioned data-instgrm-permalink=\"https:\/\/www.instagram.com\/p\/DRM5ZOlEZJq\/?utm_source=ig_embed&amp;utm_campaign=loading\" data-instgrm-version=\"14\" style=\" background:#FFF; border:0; border-radius:3px; box-shadow:0 0 1px 0 rgba(0,0,0,0.5),0 1px 10px 0 rgba(0,0,0,0.15); margin: 1px; max-width:540px; min-width:326px; padding:0; width:99.375%; width:-webkit-calc(100% - 2px); width:calc(100% - 2px);\"><div style=\"padding:16px;\"> <a href=\"https:\/\/www.instagram.com\/p\/DRM5ZOlEZJq\/?utm_source=ig_embed&amp;utm_campaign=loading\" style=\" background:#FFFFFF; line-height:0; padding:0 0; text-align:center; text-decoration:none; width:100%;\" target=\"_blank\" rel=\"noopener\"> <div style=\" display: flex; flex-direction: row; align-items: center;\"> <div style=\"background-color: #F4F4F4; border-radius: 50%; flex-grow: 0; height: 40px; margin-right: 14px; width: 40px;\"><\/div> <div style=\"display: flex; flex-direction: column; flex-grow: 1; justify-content: center;\"> <div style=\" background-color: #F4F4F4; border-radius: 4px; flex-grow: 0; height: 14px; margin-bottom: 6px; width: 100px;\"><\/div> <div style=\" background-color: #F4F4F4; border-radius: 4px; flex-grow: 0; height: 14px; width: 60px;\"><\/div><\/div><\/div><div style=\"padding: 19% 0;\"><\/div> <div style=\"display:block; height:50px; margin:0 auto 12px; width:50px;\"><svg width=\"50px\" height=\"50px\" viewBox=\"0 0 60 60\" version=\"1.1\" xmlns=\"https:\/\/www.w3.org\/2000\/svg\" xmlns:xlink=\"https:\/\/www.w3.org\/1999\/xlink\"><g stroke=\"none\" stroke-width=\"1\" fill=\"none\" fill-rule=\"evenodd\"><g transform=\"translate(-511.000000, -20.000000)\" fill=\"#000000\"><g><path d=\"M556.869,30.41 C554.814,30.41 553.148,32.076 553.148,34.131 C553.148,36.186 554.814,37.852 556.869,37.852 C558.924,37.852 560.59,36.186 560.59,34.131 C560.59,32.076 558.924,30.41 556.869,30.41 M541,60.657 C535.114,60.657 530.342,55.887 530.342,50 C530.342,44.114 535.114,39.342 541,39.342 C546.887,39.342 551.658,44.114 551.658,50 C551.658,55.887 546.887,60.657 541,60.657 M541,33.886 C532.1,33.886 524.886,41.1 524.886,50 C524.886,58.899 532.1,66.113 541,66.113 C549.9,66.113 557.115,58.899 557.115,50 C557.115,41.1 549.9,33.886 541,33.886 M565.378,62.101 C565.244,65.022 564.756,66.606 564.346,67.663 C563.803,69.06 563.154,70.057 562.106,71.106 C561.058,72.155 560.06,72.803 558.662,73.347 C557.607,73.757 556.021,74.244 553.102,74.378 C549.944,74.521 548.997,74.552 541,74.552 C533.003,74.552 532.056,74.521 528.898,74.378 C525.979,74.244 524.393,73.757 523.338,73.347 C521.94,72.803 520.942,72.155 519.894,71.106 C518.846,70.057 518.197,69.06 517.654,67.663 C517.244,66.606 516.755,65.022 516.623,62.101 C516.479,58.943 516.448,57.996 516.448,50 C516.448,42.003 516.479,41.056 516.623,37.899 C516.755,34.978 517.244,33.391 517.654,32.338 C518.197,30.938 518.846,29.942 519.894,28.894 C520.942,27.846 521.94,27.196 523.338,26.654 C524.393,26.244 525.979,25.756 528.898,25.623 C532.057,25.479 533.004,25.448 541,25.448 C548.997,25.448 549.943,25.479 553.102,25.623 C556.021,25.756 557.607,26.244 558.662,26.654 C560.06,27.196 561.058,27.846 562.106,28.894 C563.154,29.942 563.803,30.938 564.346,32.338 C564.756,33.391 565.244,34.978 565.378,37.899 C565.522,41.056 565.552,42.003 565.552,50 C565.552,57.996 565.522,58.943 565.378,62.101 M570.82,37.631 C570.674,34.438 570.167,32.258 569.425,30.349 C568.659,28.377 567.633,26.702 565.965,25.035 C564.297,23.368 562.623,22.342 560.652,21.575 C558.743,20.834 556.562,20.326 553.369,20.18 C550.169,20.033 549.148,20 541,20 C532.853,20 531.831,20.033 528.631,20.18 C525.438,20.326 523.257,20.834 521.349,21.575 C519.376,22.342 517.703,23.368 516.035,25.035 C514.368,26.702 513.342,28.377 512.574,30.349 C511.834,32.258 511.326,34.438 511.181,37.631 C511.035,40.831 511,41.851 511,50 C511,58.147 511.035,59.17 511.181,62.369 C511.326,65.562 511.834,67.743 512.574,69.651 C513.342,71.625 514.368,73.296 516.035,74.965 C517.703,76.634 519.376,77.658 521.349,78.425 C523.257,79.167 525.438,79.673 528.631,79.82 C531.831,79.965 532.853,80.001 541,80.001 C549.148,80.001 550.169,79.965 553.369,79.82 C556.562,79.673 558.743,79.167 560.652,78.425 C562.623,77.658 564.297,76.634 565.965,74.965 C567.633,73.296 568.659,71.625 569.425,69.651 C570.167,67.743 570.674,65.562 570.82,62.369 C570.966,59.17 571,58.147 571,50 C571,41.851 570.966,40.831 570.82,37.631\"><\/path><\/g><\/g><\/g><\/svg><\/div><div style=\"padding-top: 8px;\"> <div style=\" color:#3897f0; font-family:Arial,sans-serif; font-size:14px; font-style:normal; font-weight:550; line-height:18px;\">Ver esta publicaci\u00f3n en Instagram<\/div><\/div><div style=\"padding: 12.5% 0;\"><\/div> <div style=\"display: flex; flex-direction: row; margin-bottom: 14px; align-items: center;\"><div> <div style=\"background-color: #F4F4F4; border-radius: 50%; height: 12.5px; width: 12.5px; transform: translateX(0px) translateY(7px);\"><\/div> <div style=\"background-color: #F4F4F4; height: 12.5px; transform: rotate(-45deg) translateX(3px) translateY(1px); width: 12.5px; flex-grow: 0; margin-right: 14px; margin-left: 2px;\"><\/div> <div style=\"background-color: #F4F4F4; border-radius: 50%; height: 12.5px; width: 12.5px; transform: translateX(9px) translateY(-18px);\"><\/div><\/div><div style=\"margin-left: 8px;\"> <div style=\" background-color: #F4F4F4; border-radius: 50%; flex-grow: 0; height: 20px; width: 20px;\"><\/div> <div style=\" width: 0; height: 0; border-top: 2px solid transparent; border-left: 6px solid #f4f4f4; border-bottom: 2px solid transparent; transform: translateX(16px) translateY(-4px) rotate(30deg)\"><\/div><\/div><div style=\"margin-left: auto;\"> <div style=\" width: 0px; border-top: 8px solid #F4F4F4; border-right: 8px solid transparent; transform: translateY(16px);\"><\/div> <div style=\" background-color: #F4F4F4; flex-grow: 0; height: 12px; width: 16px; transform: translateY(-4px);\"><\/div> <div style=\" width: 0; height: 0; border-top: 8px solid #F4F4F4; border-left: 8px solid transparent; transform: translateY(-4px) translateX(8px);\"><\/div><\/div><\/div> <div style=\"display: flex; flex-direction: column; flex-grow: 1; justify-content: center; margin-bottom: 24px;\"> <div style=\" background-color: #F4F4F4; border-radius: 4px; flex-grow: 0; height: 14px; margin-bottom: 6px; width: 224px;\"><\/div> <div style=\" background-color: #F4F4F4; border-radius: 4px; flex-grow: 0; height: 14px; width: 144px;\"><\/div><\/div><\/a><p style=\" color:#c9c8cd; font-family:Arial,sans-serif; font-size:14px; line-height:17px; margin-bottom:0; margin-top:8px; overflow:hidden; padding:8px 0 7px; text-align:center; text-overflow:ellipsis; white-space:nowrap;\"><a href=\"https:\/\/www.instagram.com\/p\/DRM5ZOlEZJq\/?utm_source=ig_embed&amp;utm_campaign=loading\" style=\" color:#c9c8cd; font-family:Arial,sans-serif; font-size:14px; font-style:normal; font-weight:normal; line-height:17px; text-decoration:none;\" target=\"_blank\" rel=\"noopener\">Una publicaci\u00f3n compartida por RIL Argentina (@rilargentina)<\/a><\/p><\/div><\/blockquote>\n<script async src=\"\/\/www.instagram.com\/embed.js\"><\/script>\n\n\n\n<p><strong>Durante la jornada se valor\u00f3 el crecimiento del ecosistema local, impulsado por pol\u00edticas de formaci\u00f3n, financiamiento, innovaci\u00f3n y acompa\u00f1amiento que fortalecieron la identidad emprendedora juninense, que hoy posiciona a Jun\u00edn como segunda ciudad faro en el sector. Este reconocimiento reafirma una l\u00ednea de trabajo sostenida que se viene consolidando desde hace a\u00f1os con impacto directo en miles de proyectos y familias de la ciudad.<\/strong><\/p>\n\n\n\n<p>Cabe destacar que, RIL distingui\u00f3 a Jun\u00edn por su compromiso, por la solidez del proceso realizado y por alcanzar altos est\u00e1ndares de planificaci\u00f3n, articulaci\u00f3n multisectorial y dise\u00f1o de pol\u00edticas emprendedoras con resultados verificables. La organizaci\u00f3n destac\u00f3 la decisi\u00f3n pol\u00edtica de potenciar la identidad emprendedora local y la capacidad de la ciudad para convertirse en un faro que inspira a otros municipios del pa\u00eds y la regi\u00f3n.<\/p>\n\n\n\n<figure class=\"wp-block-image size-large\"><img decoding=\"async\" width=\"1024\" height=\"684\" src=\"https:\/\/produba.com\/wp-content\/uploads\/2025\/11\/junin-ciudad-emprendedora-2-1024x684.jpg\" alt=\"\" class=\"wp-image-2516\" srcset=\"https:\/\/produba.com\/wp-content\/uploads\/2025\/11\/junin-ciudad-emprendedora-2-1024x684.jpg 1024w, https:\/\/produba.com\/wp-content\/uploads\/2025\/11\/junin-ciudad-emprendedora-2-300x200.jpg 300w, https:\/\/produba.com\/wp-content\/uploads\/2025\/11\/junin-ciudad-emprendedora-2-768x513.jpg 768w, https:\/\/produba.com\/wp-content\/uploads\/2025\/11\/junin-ciudad-emprendedora-2-780x521.jpg 780w, https:\/\/produba.com\/wp-content\/uploads\/2025\/11\/junin-ciudad-emprendedora-2-600x401.jpg 600w, https:\/\/produba.com\/wp-content\/uploads\/2025\/11\/junin-ciudad-emprendedora-2-550x367.jpg 550w, https:\/\/produba.com\/wp-content\/uploads\/2025\/11\/junin-ciudad-emprendedora-2-370x247.jpg 370w, https:\/\/produba.com\/wp-content\/uploads\/2025\/11\/junin-ciudad-emprendedora-2-255x170.jpg 255w, https:\/\/produba.com\/wp-content\/uploads\/2025\/11\/junin-ciudad-emprendedora-2.jpg 1080w\" sizes=\"(max-width: 1024px) 100vw, 1024px\" \/><\/figure>\n\n\n\n<p>Durante su intervenci\u00f3n, el intendente Pablo Petrecca agradeci\u00f3 el reconocimiento y subray\u00f3: <em>\u201cEste logro representa el compromiso, la creatividad y la fuerza de cada emprendedor y emprendedora de Jun\u00edn, el premio lo recibimos nosotros, pero pertenece a toda la comunidad, este sello no es del gobierno, es de ustedes, los protagonistas verdaderos, quienes todos los d\u00edas reman, crean, producen y apuestan a sus proyectos\u201d.<\/em><\/p>\n\n\n\n<p><em>\u201cLas pol\u00edticas p\u00fablicas implementadas desde hace a\u00f1os tienen el objetivo de acompa\u00f1ar, facilitar y potenciar, evitando trabas y generando oportunidades reales, y recordando los hitos m\u00e1s relevantes del camino emprendedor de nuestra ciudad, es importante destacar la creaci\u00f3n del Club de Emprendedores en 2017, el desarrollo del consultorio emprendedor, las capacitaciones permanentes y la puesta en marcha del portal <\/em>\u201cCompr\u00e1 en Jun\u00edn\u201d<em>, donde hoy m\u00e1s de 600 iniciativas forman parte de un ecosistema digital de promoci\u00f3n\u201d<\/em>, record\u00f3 sobre el desarrollo productivo del sector a trav\u00e9s de las diferentes pol\u00edticas p\u00fablicas, destacando tambi\u00e9n los espacios de formaci\u00f3n y los m\u00faltiples dispositivos de apoyo t\u00e9cnico brindados por el Municipio a lo largo de estos a\u00f1os.<\/p>\n\n\n\n<p>Al mismo tiempo, el Jefe Comunal tambi\u00e9n se\u00f1al\u00f3 el rol clave que tuvo la pandemia como punto de inflexi\u00f3n en la comunidad emprendedora y explic\u00f3 que <em>\u201cla crisis llev\u00f3 a muchas personas a replantearse su trabajo y a encontrar en el emprender un camino de sentido propio, muchos descubrieron su raz\u00f3n de ser, su prop\u00f3sito, y se animaron a iniciar nuevos proyectos, escuchar esas historias y acompa\u00f1arlas nos permiti\u00f3 consolidar pol\u00edticas que transforman la vida de los vecinos, y ac\u00e1 la importancia del programa de microcr\u00e9ditos, una pol\u00edtica p\u00fablica nacida de un proyecto de la oposici\u00f3n, que ya entreg\u00f3 m\u00e1s de cien millones de pesos y benefici\u00f3 a m\u00e1s de 800 personas\u201d.<\/em><\/p>\n\n\n\n<figure class=\"wp-block-image size-large\"><img decoding=\"async\" width=\"1024\" height=\"684\" src=\"https:\/\/produba.com\/wp-content\/uploads\/2025\/11\/junin-ciudad-emprendedora-3-1024x684.jpg\" alt=\"\" class=\"wp-image-2517\" srcset=\"https:\/\/produba.com\/wp-content\/uploads\/2025\/11\/junin-ciudad-emprendedora-3-1024x684.jpg 1024w, https:\/\/produba.com\/wp-content\/uploads\/2025\/11\/junin-ciudad-emprendedora-3-300x200.jpg 300w, https:\/\/produba.com\/wp-content\/uploads\/2025\/11\/junin-ciudad-emprendedora-3-768x513.jpg 768w, https:\/\/produba.com\/wp-content\/uploads\/2025\/11\/junin-ciudad-emprendedora-3-780x521.jpg 780w, https:\/\/produba.com\/wp-content\/uploads\/2025\/11\/junin-ciudad-emprendedora-3-600x401.jpg 600w, https:\/\/produba.com\/wp-content\/uploads\/2025\/11\/junin-ciudad-emprendedora-3-550x367.jpg 550w, https:\/\/produba.com\/wp-content\/uploads\/2025\/11\/junin-ciudad-emprendedora-3-370x247.jpg 370w, https:\/\/produba.com\/wp-content\/uploads\/2025\/11\/junin-ciudad-emprendedora-3-255x170.jpg 255w, https:\/\/produba.com\/wp-content\/uploads\/2025\/11\/junin-ciudad-emprendedora-3.jpg 1080w\" sizes=\"(max-width: 1024px) 100vw, 1024px\" \/><\/figure>\n\n\n\n<p>Seguidamente, comparti\u00f3 ejemplos concretos que ilustran el impacto del ecosistema, como el caso de \u201cBoyas el oso\u201d, un emprendimiento que comenz\u00f3 con una sola impresora adquirida gracias al apoyo municipal y hoy cuenta con 18 equipos fabricando para todo el pa\u00eds, y luego de contextualizar, se\u00f1al\u00f3: <em>\u201cEsta historia es prueba viva de que cuando un gobierno acompa\u00f1a y un emprendedor se anima, se generan transformaciones reales, as\u00ed como sucede con el crecimiento sostenido de las ferias locales, hoy presentes casi todos los fines de semana en distintos puntos de la ciudad, como espacios de visibilizaci\u00f3n y comercializaci\u00f3n\u201d.<\/em><\/p>\n\n\n\n<p><em>\u201cAgradezco profundamente a la Red de Innovaci\u00f3n Local por inspirar, ordenar y conectar, y a todo el equipo municipal por su compromiso t\u00e9cnico y humano en cada etapa del proceso, especialmente el trabajo de la Secretar\u00eda de Desarrollo Econ\u00f3mico, la Subsecretar\u00eda de Producci\u00f3n, el equipo del Club de Emprendedores y las \u00e1reas vinculadas, todos ellos hacen posible que Jun\u00edn sea hoy una ciudad con pol\u00edticas s\u00f3lidas, serias y cercanas, sin dudas este reconocimiento es para quienes se equivocan, aprenden, insisten, crean y construyen su destino\u201d<\/em>, sostuvo para cerrar el Intendente en un marco de emoci\u00f3n y calidez.<\/p>\n\n\n\n<p>Paralelamente, en representaci\u00f3n de RIL, Mar\u00eda Eugenia Battafarano, coordinadora de ciudades certificadas, explic\u00f3 la misi\u00f3n de la organizaci\u00f3n y el camino que llev\u00f3 a esta distinci\u00f3n, y relat\u00f3 <em>\u201cque RIL naci\u00f3 en 2014 con el prop\u00f3sito de garantizar que todas las personas, sin importar la ciudad donde nacieran, pudieran acceder a oportunidades equitativas, hoy la red trabaja con m\u00e1s de 800 gobiernos locales de Argentina y 30 pa\u00edses de Am\u00e9rica Latina, Asia y \u00c1frica, conectando a m\u00e1s de diez mil funcionarios y articulando con m\u00e1s de cien organizaciones aliadas, RIL se basa en tres pilares, conectar buenas pr\u00e1cticas entre municipios, acelerar pol\u00edticas p\u00fablicas y generar inspiraci\u00f3n mediante soluciones probadas\u201d.<\/em><\/p>\n\n\n\n<p>Asimismo, destac\u00f3 la expansi\u00f3n regional de la organizaci\u00f3n y especific\u00f3: <em>\u201cEn los \u00faltimos a\u00f1os RIL abri\u00f3 oficinas en Colombia, Uruguay y Brasil, ampliando su alcance y fortaleciendo el intercambio de soluciones p\u00fablicas, donde uno de los ejes centrales es la creaci\u00f3n de comunidades tem\u00e1ticas, donde equipos de gobierno comparten experiencias y aprendizajes en tiempo real, y el trabajo de aceleraci\u00f3n es clave, porque permite construir hojas de ruta estrat\u00e9gicas junto a los municipios y acompa\u00f1ar la implementaci\u00f3n durante todo el a\u00f1o, as\u00ed fue el proceso realizado con Jun\u00edn\u201d.<\/em><\/p>\n\n\n\n<p>Por su parte, Guadalupe Fern\u00e1ndez Bajas, coordinadora de finanzas municipales, detall\u00f3: <em>\u201cLos \u2018Sello RIL\u2019 surgieron como una manera de reconocer a las ciudades que realizan procesos profundos, que superan est\u00e1ndares y que se destacan en tem\u00e1ticas espec\u00edficas, dichos reconocimientos permiten que otros municipios identifiquen a las ciudades l\u00edderes y las tomen como referencia, una ciudad con sello RIL se convierte en faro, en un modelo al que otras pueden mirar para aprender y avanzar\u201d.<\/em><\/p>\n\n\n\n<p><em>\u201cEl proceso realizado por Jun\u00edn fue exigente y ejemplar, ya que implic\u00f3 validar un cuestionario de 81 preguntas muy profundas, cumplir criterios m\u00ednimos en m\u00faltiples dimensiones, planificaci\u00f3n, articulaci\u00f3n, informaci\u00f3n, regulaci\u00f3n, cultura, fortalecimiento y financiamiento, superar el 70% en el autodiagn\u00f3stico y atravesar una auditor\u00eda exhaustiva, no es un premio simb\u00f3lico, es un proceso real de mejora continua, el 84% alcanzado por Jun\u00edn es un resultado excepcional y confirma un camino sostenido\u201d<\/em>, remarc\u00f3 Fernandez Bajas sobre el proceso y trayecto atravesado por el \u00e1rea de emprendedurismo del municipio, reafirmando al mismo tiempo que Jun\u00edn es una ciudad potencial en el \u00e1mbito mencionado.<\/p>\n\n\n\n<figure class=\"wp-block-image size-large\"><img decoding=\"async\" width=\"1024\" height=\"684\" src=\"https:\/\/produba.com\/wp-content\/uploads\/2025\/11\/junin-ciudad-emprendedora-3-1024x684.jpg\" alt=\"\" class=\"wp-image-2517\" srcset=\"https:\/\/produba.com\/wp-content\/uploads\/2025\/11\/junin-ciudad-emprendedora-3-1024x684.jpg 1024w, https:\/\/produba.com\/wp-content\/uploads\/2025\/11\/junin-ciudad-emprendedora-3-300x200.jpg 300w, https:\/\/produba.com\/wp-content\/uploads\/2025\/11\/junin-ciudad-emprendedora-3-768x513.jpg 768w, https:\/\/produba.com\/wp-content\/uploads\/2025\/11\/junin-ciudad-emprendedora-3-780x521.jpg 780w, https:\/\/produba.com\/wp-content\/uploads\/2025\/11\/junin-ciudad-emprendedora-3-600x401.jpg 600w, https:\/\/produba.com\/wp-content\/uploads\/2025\/11\/junin-ciudad-emprendedora-3-550x367.jpg 550w, https:\/\/produba.com\/wp-content\/uploads\/2025\/11\/junin-ciudad-emprendedora-3-370x247.jpg 370w, https:\/\/produba.com\/wp-content\/uploads\/2025\/11\/junin-ciudad-emprendedora-3-255x170.jpg 255w, https:\/\/produba.com\/wp-content\/uploads\/2025\/11\/junin-ciudad-emprendedora-3.jpg 1080w\" sizes=\"(max-width: 1024px) 100vw, 1024px\" \/><\/figure>\n\n\n\n<p>En tanto, Clarisa Fabris, coordinadora del programa ciudades emprendedoras, destac\u00f3 que Jun\u00edn tom\u00f3 una decisi\u00f3n estrat\u00e9gica desde el inicio: <em>\u201cPotenciar lo que ya ten\u00eda y ordenarlo para transformarlo en un modelo de pol\u00edtica p\u00fablica, la ciudad ingres\u00f3 al programa Ciudades Emprendedoras, que ya impact\u00f3 en m\u00e1s de cuatro millones de personas en 16 provincias, y a lo largo del a\u00f1o construy\u00f3 una estrategia integral basada en su identidad emprendedora, Jun\u00edn defini\u00f3 qui\u00e9n es, a qui\u00e9n quiere potenciar y desde qu\u00e9 valores quiere hacerlo\u201d.<\/em><\/p>\n\n\n\n<p>En esta l\u00ednea, detall\u00f3 los 5 compromisos centrales que asumi\u00f3 la ciudad para lograrlo y dijo <em>\u201cbrindar capacitaciones, garantizar espacios de visibilizaci\u00f3n, promover el acceso al financiamiento, fortalecer las redes p\u00fablico-privadas y medir el impacto para mejorar continuamente, realmente celebramos el trabajo del equipo municipal, lo puedo mencionar porque fui testigo acompa\u00f1ando durante casi dos a\u00f1os el proceso, vi de cerca el esfuerzo de cada \u00e1rea, la escucha activa, la mirada estrat\u00e9gica y la capacidad de reconstruirse para llegar a donde estamos hoy, Jun\u00edn como ciudad faro en emprendedurismo\u201d.<\/em><\/p>\n\n\n\n<p>Por \u00faltimo, la referente subray\u00f3 que Jun\u00edn obtuvo un resultado del 84% en su autodiagn\u00f3stico, posicion\u00e1ndose como la segunda ciudad del pa\u00eds en obtener el Sello de Ciudad Emprendedora, y resalt\u00f3: <em>\u201cEste un indicador que refleja tanto el trabajo t\u00e9cnico como la fortaleza del ecosistema emprendedor local, este logro solo es posible porque la estrategia est\u00e1 pensada para y con los emprendedores, y muchos de los presentes fueron parte de las acciones evaluadas y de la construcci\u00f3n colectiva que hoy se reconoce, felicito a toda la comunidad\u201d.<\/em><\/p>\n","protected":false},"excerpt":{"rendered":"<p>En el marco de la Semana del Emprendedor, el distrito juninense fue reconocido por la Red de Innovaci\u00f3n Local. Se destac\u00f3 el desarrollo del ecosistema emprendedor a partir de las pol\u00edticas de acompa\u00f1amiento, a trav\u00e9s de la formaci\u00f3n y el financiamiento, desplegadas por el municipio local El reconocimiento, que tuvo lugar en el Teatro de &#8230;<\/p>\n","protected":false},"author":1,"featured_media":2515,"comment_status":"closed","ping_status":"closed","sticky":false,"template":"","format":"standard","meta":{"loftocean_post_format_gallery":"","loftocean_post_format_gallery_ids":"","loftocean_post_format_gallery_urls":"","loftocean_post_format_video_id":0,"loftocean_post_format_video_url":"","loftocean_post_format_video_type":"","loftocean_post_format_video":"","loftocean_post_format_audio_type":"","loftocean_post_format_audio_url":"","loftocean_post_format_audio_id":0,"loftocean_post_format_audio":"","loftocean-featured-post":"","loftocean-like-count":0,"loftocean-view-count":85,"loftocean_coauthors":"","alpaca_post_content_reading_setting":"","alpaca_reading_speed_per_minute":0,"alpaca_reading_speed_unit":"","alpaca_single_post_template_layout":""},"categories":[6,3],"tags":[513,117,163,164],"loftoceanMetas":{"readingTime":"6 minutos de lectura","authorName":"ProduBA","categories":[{"name":"Municipios","link":"https:\/\/produba.com\/index.php\/category\/municipios\/","count":382},{"name":"Producci\u00f3n","link":"https:\/\/produba.com\/index.php\/category\/produccion\/","count":405}],"date":"25 de noviembre de 2025","featuredImageSRC":"https:\/\/produba.com\/wp-content\/uploads\/2025\/11\/junin-ciudad-emprendedora-1-150x150.jpg"},"_links":{"self":[{"href":"https:\/\/produba.com\/index.php\/wp-json\/wp\/v2\/posts\/2514"}],"collection":[{"href":"https:\/\/produba.com\/index.php\/wp-json\/wp\/v2\/posts"}],"about":[{"href":"https:\/\/produba.com\/index.php\/wp-json\/wp\/v2\/types\/post"}],"author":[{"embeddable":true,"href":"https:\/\/produba.com\/index.php\/wp-json\/wp\/v2\/users\/1"}],"replies":[{"embeddable":true,"href":"https:\/\/produba.com\/index.php\/wp-json\/wp\/v2\/comments?post=2514"}],"version-history":[{"count":1,"href":"https:\/\/produba.com\/index.php\/wp-json\/wp\/v2\/posts\/2514\/revisions"}],"predecessor-version":[{"id":2519,"href":"https:\/\/produba.com\/index.php\/wp-json\/wp\/v2\/posts\/2514\/revisions\/2519"}],"wp:featuredmedia":[{"embeddable":true,"href":"https:\/\/produba.com\/index.php\/wp-json\/wp\/v2\/media\/2515"}],"wp:attachment":[{"href":"https:\/\/produba.com\/index.php\/wp-json\/wp\/v2\/media?parent=2514"}],"wp:term":[{"taxonomy":"category","embeddable":true,"href":"https:\/\/produba.com\/index.php\/wp-json\/wp\/v2\/categories?post=2514"},{"taxonomy":"post_tag","embeddable":true,"href":"https:\/\/produba.com\/index.php\/wp-json\/wp\/v2\/tags?post=2514"}],"curies":[{"name":"wp","href":"https:\/\/api.w.org\/{rel}","templated":true}]}}