{"id":2392,"date":"2025-10-27T14:40:40","date_gmt":"2025-10-27T17:40:40","guid":{"rendered":"https:\/\/produba.com\/?p=2392"},"modified":"2025-10-27T14:40:41","modified_gmt":"2025-10-27T17:40:41","slug":"hecho-en-brown-una-marca-que-busca-impulsar-a-los-emprendedores-locales","status":"publish","type":"post","link":"https:\/\/produba.com\/index.php\/2025\/10\/27\/hecho-en-brown-una-marca-que-busca-impulsar-a-los-emprendedores-locales\/","title":{"rendered":"<em>&#8220;Hecho en Brown&#8221;<\/em>, una marca que busca impulsar a los emprendedores locales"},"content":{"rendered":"\n<h5>Del lanzamiento de la iniciativa participaron el intendente Mariano Cascallares y el subsecretario de Econom\u00eda Popular bonaerense, Daniel Men\u00e9ndez. La marca presentada est\u00e1 orientada a reconocer, visibilizar y potenciar la producci\u00f3n local<\/h5>\n\n\n\n<p><strong>El Ministerio de Desarrollo de la Provincia de Buenos Aires, a trav\u00e9s de la Subsecretar\u00eda de Econom\u00eda Popular, particip\u00f3 del lanzamiento de \u201cHecho en Brown\u201d, una iniciativa destinada a reconocer, visibilizar y potenciar la producci\u00f3n local, en el marco del programa Fortalecer para Crecer.<\/strong> La marca surgi\u00f3 de un acuerdo firmado entre la cartera y el municipio. El subsecretario provincial Daniel Men\u00e9ndez y el intendente de Almirante Brown, Mariano Cascallares, encabezaron el acto.<\/p>\n\n\n\n<figure class=\"wp-block-image size-full\"><img decoding=\"async\" width=\"700\" height=\"467\" src=\"https:\/\/produba.com\/wp-content\/uploads\/2025\/10\/hecho-en-brown-cascallares-y-menendez.jpg\" alt=\"\" class=\"wp-image-2393\" srcset=\"https:\/\/produba.com\/wp-content\/uploads\/2025\/10\/hecho-en-brown-cascallares-y-menendez.jpg 700w, https:\/\/produba.com\/wp-content\/uploads\/2025\/10\/hecho-en-brown-cascallares-y-menendez-300x200.jpg 300w, https:\/\/produba.com\/wp-content\/uploads\/2025\/10\/hecho-en-brown-cascallares-y-menendez-600x400.jpg 600w, https:\/\/produba.com\/wp-content\/uploads\/2025\/10\/hecho-en-brown-cascallares-y-menendez-550x367.jpg 550w, https:\/\/produba.com\/wp-content\/uploads\/2025\/10\/hecho-en-brown-cascallares-y-menendez-370x247.jpg 370w, https:\/\/produba.com\/wp-content\/uploads\/2025\/10\/hecho-en-brown-cascallares-y-menendez-255x170.jpg 255w\" sizes=\"(max-width: 700px) 100vw, 700px\" \/><\/figure>\n\n\n\n<p><strong>El lanzamiento, que se llev\u00f3 a cabo d\u00edas atr\u00e1s en la Casa de la Cultura de Adrogu\u00e9, tambi\u00e9n cont\u00f3 con la presencia de autoridades locales y m\u00e1s de un centenar de emprendedores locales.<\/strong> Durante la jornada se entregaron certificados a los primeros 30 participantes y se desarroll\u00f3 una clase magistral denominada <strong>\u201cLa revoluci\u00f3n digital: c\u00f3mo la inteligencia artificial transforma las redes sociales\u201d<\/strong>, orientada a fortalecer competencias comunicacionales y la visibilidad de los proyectos en entornos digitales.<\/p>\n\n\n\n<p><em>\u201cEsta marca colectiva representa un paso fundamental para consolidar un ecosistema productivo local basado en el trabajo justo, la innovaci\u00f3n responsable y el arraigo territorial. \u2018Hecho en Brown\u2019 no solo certifica la calidad y autenticidad de los productos, sino que tambi\u00e9n celebra la identidad de nuestros emprendedores y su aporte al desarrollo local\u201d<\/em>, expres\u00f3 al respecto el subsecretario Men\u00e9ndez.<\/p>\n\n\n\n<figure class=\"wp-block-image size-full\"><img decoding=\"async\" width=\"650\" height=\"434\" src=\"https:\/\/produba.com\/wp-content\/uploads\/2025\/10\/hecho-en-brown-3.jpg\" alt=\"\" class=\"wp-image-2394\" srcset=\"https:\/\/produba.com\/wp-content\/uploads\/2025\/10\/hecho-en-brown-3.jpg 650w, https:\/\/produba.com\/wp-content\/uploads\/2025\/10\/hecho-en-brown-3-300x200.jpg 300w, https:\/\/produba.com\/wp-content\/uploads\/2025\/10\/hecho-en-brown-3-600x401.jpg 600w, https:\/\/produba.com\/wp-content\/uploads\/2025\/10\/hecho-en-brown-3-550x367.jpg 550w, https:\/\/produba.com\/wp-content\/uploads\/2025\/10\/hecho-en-brown-3-370x247.jpg 370w, https:\/\/produba.com\/wp-content\/uploads\/2025\/10\/hecho-en-brown-3-255x170.jpg 255w\" sizes=\"(max-width: 650px) 100vw, 650px\" \/><\/figure>\n\n\n\n<p><strong>El programa \u201cHecho en Brown\u201d surge del convenio firmado entre la Subsecretar\u00eda de Econom\u00eda Popular del Ministerio y el Municipio de Almirante Brown. Su prop\u00f3sito es fortalecer la identidad productiva del distrito mediante una certificaci\u00f3n oficial de origen, calidad y autenticidad artesanal, destinada a impulsar el consumo consciente y promover el desarrollo sostenible.<\/strong><\/p>\n\n\n\n<figure class=\"wp-block-image size-full\"><img decoding=\"async\" width=\"650\" height=\"434\" src=\"https:\/\/produba.com\/wp-content\/uploads\/2025\/10\/hecho-en-brown-2.jpg\" alt=\"\" class=\"wp-image-2395\" srcset=\"https:\/\/produba.com\/wp-content\/uploads\/2025\/10\/hecho-en-brown-2.jpg 650w, https:\/\/produba.com\/wp-content\/uploads\/2025\/10\/hecho-en-brown-2-300x200.jpg 300w, https:\/\/produba.com\/wp-content\/uploads\/2025\/10\/hecho-en-brown-2-600x401.jpg 600w, https:\/\/produba.com\/wp-content\/uploads\/2025\/10\/hecho-en-brown-2-550x367.jpg 550w, https:\/\/produba.com\/wp-content\/uploads\/2025\/10\/hecho-en-brown-2-370x247.jpg 370w, https:\/\/produba.com\/wp-content\/uploads\/2025\/10\/hecho-en-brown-2-255x170.jpg 255w\" sizes=\"(max-width: 650px) 100vw, 650px\" \/><\/figure>\n\n\n\n<p>En representaci\u00f3n del Ministerio tambi\u00e9n asisti\u00f3 la Directora de Procesos Autogestivos de la Subsecretar\u00eda, Carolina Gusmerotti, en tanto que por el municipio se hicieron presentes adem\u00e1s el secretario de Relaciones con la Comunidad, Federico Sassone y la concejala Ivanna Rezano, quienes acompa\u00f1aron el lanzamiento junto a los emprendedores y emprendedoras que forman parte de este importante proyecto colectivo.<\/p>\n","protected":false},"excerpt":{"rendered":"<p>Del lanzamiento de la iniciativa participaron el intendente Mariano Cascallares y el subsecretario de Econom\u00eda Popular bonaerense, Daniel Men\u00e9ndez. La marca presentada est\u00e1 orientada a reconocer, visibilizar y potenciar la producci\u00f3n local El Ministerio de Desarrollo de la Provincia de Buenos Aires, a trav\u00e9s de la Subsecretar\u00eda de Econom\u00eda Popular, particip\u00f3 del lanzamiento de \u201cHecho &#8230;<\/p>\n","protected":false},"author":1,"featured_media":2396,"comment_status":"closed","ping_status":"closed","sticky":false,"template":"","format":"standard","meta":{"loftocean_post_format_gallery":"","loftocean_post_format_gallery_ids":"","loftocean_post_format_gallery_urls":"","loftocean_post_format_video_id":0,"loftocean_post_format_video_url":"","loftocean_post_format_video_type":"","loftocean_post_format_video":"","loftocean_post_format_audio_type":"","loftocean_post_format_audio_url":"","loftocean_post_format_audio_id":0,"loftocean_post_format_audio":"","loftocean-featured-post":"","loftocean-like-count":0,"loftocean-view-count":79,"loftocean_coauthors":"","alpaca_post_content_reading_setting":"","alpaca_reading_speed_per_minute":0,"alpaca_reading_speed_unit":"","alpaca_single_post_template_layout":""},"categories":[6,3],"tags":[484,117,483,134,403,485],"loftoceanMetas":{"readingTime":"2 minutos de lectura","authorName":"ProduBA","categories":[{"name":"Municipios","link":"https:\/\/produba.com\/index.php\/category\/municipios\/","count":380},{"name":"Producci\u00f3n","link":"https:\/\/produba.com\/index.php\/category\/produccion\/","count":403}],"date":"27 de octubre de 2025","featuredImageSRC":"https:\/\/produba.com\/wp-content\/uploads\/2025\/10\/hecho-en-brown-1-150x150.jpg"},"_links":{"self":[{"href":"https:\/\/produba.com\/index.php\/wp-json\/wp\/v2\/posts\/2392"}],"collection":[{"href":"https:\/\/produba.com\/index.php\/wp-json\/wp\/v2\/posts"}],"about":[{"href":"https:\/\/produba.com\/index.php\/wp-json\/wp\/v2\/types\/post"}],"author":[{"embeddable":true,"href":"https:\/\/produba.com\/index.php\/wp-json\/wp\/v2\/users\/1"}],"replies":[{"embeddable":true,"href":"https:\/\/produba.com\/index.php\/wp-json\/wp\/v2\/comments?post=2392"}],"version-history":[{"count":1,"href":"https:\/\/produba.com\/index.php\/wp-json\/wp\/v2\/posts\/2392\/revisions"}],"predecessor-version":[{"id":2397,"href":"https:\/\/produba.com\/index.php\/wp-json\/wp\/v2\/posts\/2392\/revisions\/2397"}],"wp:featuredmedia":[{"embeddable":true,"href":"https:\/\/produba.com\/index.php\/wp-json\/wp\/v2\/media\/2396"}],"wp:attachment":[{"href":"https:\/\/produba.com\/index.php\/wp-json\/wp\/v2\/media?parent=2392"}],"wp:term":[{"taxonomy":"category","embeddable":true,"href":"https:\/\/produba.com\/index.php\/wp-json\/wp\/v2\/categories?post=2392"},{"taxonomy":"post_tag","embeddable":true,"href":"https:\/\/produba.com\/index.php\/wp-json\/wp\/v2\/tags?post=2392"}],"curies":[{"name":"wp","href":"https:\/\/api.w.org\/{rel}","templated":true}]}}