{"id":2388,"date":"2025-10-27T10:47:16","date_gmt":"2025-10-27T13:47:16","guid":{"rendered":"https:\/\/produba.com\/?p=2388"},"modified":"2025-10-27T10:47:17","modified_gmt":"2025-10-27T13:47:17","slug":"la-provincia-invita-a-pymes-a-una-ronda-de-petroleo-gas-mineria-y-energia","status":"publish","type":"post","link":"https:\/\/produba.com\/index.php\/2025\/10\/27\/la-provincia-invita-a-pymes-a-una-ronda-de-petroleo-gas-mineria-y-energia\/","title":{"rendered":"La Provincia invita a pymes a una Ronda de Petr\u00f3leo, gas, miner\u00eda y energ\u00eda"},"content":{"rendered":"\n<h5>El encuentro, que se realizar\u00e1 el 27 de noviembre en La Plata y contar\u00e1 con actores nacionales e internacionales claves para estos sectores, es parte de las pol\u00edticas provinciales para promover la producci\u00f3n bonaerense y sus exportaciones<\/h5>\n\n\n\n<p><strong>El gobierno de la provincia de Buenos Aires, a trav\u00e9s del Ministerio de Producci\u00f3n, Ciencia e Innovaci\u00f3n Tecnol\u00f3gica, junto al Consejo Federal de Inversiones, convoca a pymes bonaerenses a una Ronda de Negocios Nacional e Internacional en el Teatro Argentino de La Plata.<\/strong> <strong>El evento, que se realizar\u00e1 el jueves 27 de noviembre, tendr\u00e1 como objetivo promover la inserci\u00f3n de las empresas bonaerenses en la cadena de provisi\u00f3n de productos y servicios para estos sectores estrat\u00e9gicos en el desarrollo productivo nacional.<\/strong><\/p>\n\n\n\n<p><strong>Ser\u00e1 la primera vez que la Provincia organice un evento de esta magnitud dirigido a este sector crucial para el desarrollo industrial provincial y de todo el pa\u00eds.<\/strong> Y se da en el marco de las diversas pol\u00edticas estrat\u00e9gicas que lleva adelante el gobernador Axel Kicillof, a trav\u00e9s de la cartera productiva bonaerense que encabeza el ministro Augusto Costa.\u00a0<\/p>\n\n\n\n<figure class=\"wp-block-image size-full\"><img decoding=\"async\" width=\"633\" height=\"500\" src=\"https:\/\/produba.com\/wp-content\/uploads\/2025\/10\/flyer-ronda-negocios-PBA-NOV-25.jpg\" alt=\"\" class=\"wp-image-2390\" srcset=\"https:\/\/produba.com\/wp-content\/uploads\/2025\/10\/flyer-ronda-negocios-PBA-NOV-25.jpg 633w, https:\/\/produba.com\/wp-content\/uploads\/2025\/10\/flyer-ronda-negocios-PBA-NOV-25-300x237.jpg 300w, https:\/\/produba.com\/wp-content\/uploads\/2025\/10\/flyer-ronda-negocios-PBA-NOV-25-600x474.jpg 600w, https:\/\/produba.com\/wp-content\/uploads\/2025\/10\/flyer-ronda-negocios-PBA-NOV-25-550x434.jpg 550w, https:\/\/produba.com\/wp-content\/uploads\/2025\/10\/flyer-ronda-negocios-PBA-NOV-25-370x292.jpg 370w, https:\/\/produba.com\/wp-content\/uploads\/2025\/10\/flyer-ronda-negocios-PBA-NOV-25-255x201.jpg 255w\" sizes=\"(max-width: 633px) 100vw, 633px\" \/><\/figure>\n\n\n\n<p>El evento reunir\u00e1 a actores clave del sector, y constituir\u00e1 una oportunidad \u00fanica para fortalecer v\u00ednculos comerciales, promover el desarrollo de proveedores pyme bonaerenses y consolidar la presencia institucional de los grandes operadores en el \u00e1mbito nacional e internacional.<\/p>\n\n\n\n<p>A nivel nacional, participar\u00e1n las principales operadoras petroleras, gas\u00edferas y mineras, junto con empresas de servicios integrados, contratistas EPC, constructoras y proveedores especializados para los segmentos upstream y downstream, as\u00ed como generadoras, transportistas y distribuidoras de energ\u00eda el\u00e9ctrica. Tambi\u00e9n estar\u00e1n presentes compradores internacionales provenientes de Bolivia, Brasil, Chile y Per\u00fa.&nbsp;<\/p>\n\n\n\n<p><strong>La convocatoria est\u00e1 abierta a pymes de la Provincia de Buenos Aires vinculadas con los sectores de petr\u00f3leo, gas, miner\u00eda y energ\u00eda, interesadas en expandir sus negocios y conectarse con nuevos mercados.<\/strong> <strong>Las empresas<\/strong> interesadas en participar <strong>tienen tiempo para inscribirse hasta el viernes 07 de noviembre<\/strong> en el siguiente enlace: <a href=\"https:\/\/forms.gle\/wNzXBw88xykJtTv17\">https:\/\/forms.gle\/wNzXBw88xykJtTv17<\/a> &nbsp;<\/p>\n\n\n\n<p>Una vez finalizado el per\u00edodo de inscripci\u00f3n, se coordinar\u00e1n las agendas de entrevistas que las empresas mantendr\u00e1n a lo largo de la jornada. La participaci\u00f3n en el evento no conlleva costo alguno para las empresas.<\/p>\n\n\n\n<p>El Ministerio de Producci\u00f3n, Ciencia e Innovaci\u00f3n Tecnol\u00f3gica bonaerense se encargar\u00e1 de la selecci\u00f3n de los importadores extranjeros y compradores nacionales, y ofrecer\u00e1 un acompa\u00f1amiento completo a las empresas inscriptas para asegurar una participaci\u00f3n eficaz.<\/p>\n\n\n\n<p>Para m\u00e1s informaci\u00f3n, escribir a <a href=\"mailto:inversionycomex.pba@gmail.com\">inversionycomex.pba@gmail.com<\/a><\/p>\n","protected":false},"excerpt":{"rendered":"<p>El encuentro, que se realizar\u00e1 el 27 de noviembre en La Plata y contar\u00e1 con actores nacionales e internacionales claves para estos sectores, es parte de las pol\u00edticas provinciales para promover la producci\u00f3n bonaerense y sus exportaciones El gobierno de la provincia de Buenos Aires, a trav\u00e9s del Ministerio de Producci\u00f3n, Ciencia e Innovaci\u00f3n Tecnol\u00f3gica, &#8230;<\/p>\n","protected":false},"author":1,"featured_media":2389,"comment_status":"closed","ping_status":"closed","sticky":false,"template":"","format":"standard","meta":{"loftocean_post_format_gallery":"","loftocean_post_format_gallery_ids":"","loftocean_post_format_gallery_urls":"","loftocean_post_format_video_id":0,"loftocean_post_format_video_url":"","loftocean_post_format_video_type":"","loftocean_post_format_video":"","loftocean_post_format_audio_type":"","loftocean_post_format_audio_url":"","loftocean_post_format_audio_id":0,"loftocean_post_format_audio":"","loftocean-featured-post":"","loftocean-like-count":0,"loftocean-view-count":92,"loftocean_coauthors":"","alpaca_post_content_reading_setting":"","alpaca_reading_speed_per_minute":0,"alpaca_reading_speed_unit":"","alpaca_single_post_template_layout":""},"categories":[4,5,3],"tags":[68,51,297,79,287],"loftoceanMetas":{"readingTime":"2 minutos de lectura","authorName":"ProduBA","categories":[{"name":"Desarrollo Local","link":"https:\/\/produba.com\/index.php\/category\/desarrollo_local\/","count":198},{"name":"Energ\u00eda","link":"https:\/\/produba.com\/index.php\/category\/energia\/","count":10},{"name":"Producci\u00f3n","link":"https:\/\/produba.com\/index.php\/category\/produccion\/","count":403}],"date":"27 de octubre de 2025","featuredImageSRC":"https:\/\/produba.com\/wp-content\/uploads\/2025\/10\/ronda-de-negocios-PBA-150x150.jpg"},"_links":{"self":[{"href":"https:\/\/produba.com\/index.php\/wp-json\/wp\/v2\/posts\/2388"}],"collection":[{"href":"https:\/\/produba.com\/index.php\/wp-json\/wp\/v2\/posts"}],"about":[{"href":"https:\/\/produba.com\/index.php\/wp-json\/wp\/v2\/types\/post"}],"author":[{"embeddable":true,"href":"https:\/\/produba.com\/index.php\/wp-json\/wp\/v2\/users\/1"}],"replies":[{"embeddable":true,"href":"https:\/\/produba.com\/index.php\/wp-json\/wp\/v2\/comments?post=2388"}],"version-history":[{"count":1,"href":"https:\/\/produba.com\/index.php\/wp-json\/wp\/v2\/posts\/2388\/revisions"}],"predecessor-version":[{"id":2391,"href":"https:\/\/produba.com\/index.php\/wp-json\/wp\/v2\/posts\/2388\/revisions\/2391"}],"wp:featuredmedia":[{"embeddable":true,"href":"https:\/\/produba.com\/index.php\/wp-json\/wp\/v2\/media\/2389"}],"wp:attachment":[{"href":"https:\/\/produba.com\/index.php\/wp-json\/wp\/v2\/media?parent=2388"}],"wp:term":[{"taxonomy":"category","embeddable":true,"href":"https:\/\/produba.com\/index.php\/wp-json\/wp\/v2\/categories?post=2388"},{"taxonomy":"post_tag","embeddable":true,"href":"https:\/\/produba.com\/index.php\/wp-json\/wp\/v2\/tags?post=2388"}],"curies":[{"name":"wp","href":"https:\/\/api.w.org\/{rel}","templated":true}]}}