{"id":2378,"date":"2025-10-22T19:39:52","date_gmt":"2025-10-22T22:39:52","guid":{"rendered":"https:\/\/produba.com\/?p=2378"},"modified":"2025-10-22T19:47:01","modified_gmt":"2025-10-22T22:47:01","slug":"avellaneda-el-municipio-y-banco-provincia-impulsan-microcreditos-para-el-desarrollo-productivo","status":"publish","type":"post","link":"https:\/\/produba.com\/index.php\/2025\/10\/22\/avellaneda-el-municipio-y-banco-provincia-impulsan-microcreditos-para-el-desarrollo-productivo\/","title":{"rendered":"Avellaneda: el municipio y Banco Provincia impulsan microcr\u00e9ditos para el desarrollo productivo"},"content":{"rendered":"\n<h5>La gesti\u00f3n municipal y el banco estatal bonaerense ya otorgaron 22 microcr\u00e9ditos por un monto de $53 millones. La iniciativa apunta a dinamizar los proyectos productivos de emprendedores, peque\u00f1os productores y trabajadores independientes<\/h5>\n\n\n\n<p><strong>La Municipalidad de Avellaneda fortalece el desarrollo econ\u00f3mico local a trav\u00e9s de una l\u00ednea de microcr\u00e9ditos con tasa subsidiada, en convenio con Provincia Microcr\u00e9ditos, empresa del Banco Provincia. Esta iniciativa busca apoyar a emprendedores, trabajadores independientes y peque\u00f1os productores.<\/strong><\/p>\n\n\n\n<p>Seg\u00fan informaron desde el municipio avellanedense, <strong>hasta la fecha, ya se otorgaron 22 microcr\u00e9ditos, por un total de $53 millones, con un monto promedio de $3 millones por cr\u00e9dito<\/strong>. Esto se suma al financiamiento ofrecido en el marco del programa municipal \u00abConstruir Futuro\u00bb, mediante el cual se otorgaron m\u00e1s de 750 cr\u00e9ditos por un total de $137.000.000.<\/p>\n\n\n\n<figure class=\"wp-block-image size-large\"><img decoding=\"async\" width=\"1024\" height=\"682\" src=\"https:\/\/produba.com\/wp-content\/uploads\/2025\/10\/microcreditos-Avellaneda-1024x682.jpeg\" alt=\"\" class=\"wp-image-2379\" srcset=\"https:\/\/produba.com\/wp-content\/uploads\/2025\/10\/microcreditos-Avellaneda-1024x682.jpeg 1024w, https:\/\/produba.com\/wp-content\/uploads\/2025\/10\/microcreditos-Avellaneda-300x200.jpeg 300w, https:\/\/produba.com\/wp-content\/uploads\/2025\/10\/microcreditos-Avellaneda-768x512.jpeg 768w, https:\/\/produba.com\/wp-content\/uploads\/2025\/10\/microcreditos-Avellaneda-1536x1023.jpeg 1536w, https:\/\/produba.com\/wp-content\/uploads\/2025\/10\/microcreditos-Avellaneda-1440x959.jpeg 1440w, https:\/\/produba.com\/wp-content\/uploads\/2025\/10\/microcreditos-Avellaneda-1200x800.jpeg 1200w, https:\/\/produba.com\/wp-content\/uploads\/2025\/10\/microcreditos-Avellaneda-780x520.jpeg 780w, https:\/\/produba.com\/wp-content\/uploads\/2025\/10\/microcreditos-Avellaneda-600x400.jpeg 600w, https:\/\/produba.com\/wp-content\/uploads\/2025\/10\/microcreditos-Avellaneda-550x366.jpeg 550w, https:\/\/produba.com\/wp-content\/uploads\/2025\/10\/microcreditos-Avellaneda-370x247.jpeg 370w, https:\/\/produba.com\/wp-content\/uploads\/2025\/10\/microcreditos-Avellaneda-255x170.jpeg 255w, https:\/\/produba.com\/wp-content\/uploads\/2025\/10\/microcreditos-Avellaneda.jpeg 1600w\" sizes=\"(max-width: 1024px) 100vw, 1024px\" \/><\/figure>\n\n\n\n<p><strong><u>Beneficios de la l\u00ednea de Provincia Microcr\u00e9ditos:<\/u><\/strong><\/p>\n\n\n\n<ul>\n<li><strong>Subsidio de tasa de 13 puntos por parte del municipio<\/strong><\/li>\n<\/ul>\n\n\n\n<ul>\n<li><strong>Bonificaci\u00f3n adicional de 2 puntos para emprendimientos liderados por mujeres<\/strong><\/li>\n<\/ul>\n\n\n\n<ul>\n<li><strong>Cuotas fijas y en pesos<\/strong><\/li>\n<\/ul>\n\n\n\n<ul>\n<li><strong>Sin comisi\u00f3n de otorgamiento<\/strong><\/li>\n<\/ul>\n\n\n\n<ul>\n<li><strong>Caja de ahorro bonificada al 100% en Banco Provincia durante la vigencia del cr\u00e9dito<\/strong><\/li>\n<\/ul>\n\n\n\n<p>Desde el gobierno municipal se\u00f1alaron que los fondos est\u00e1n destinados a inversiones productivas, adquisici\u00f3n de equipamiento, mejoras en espacios de trabajo y capital de trabajo, como parte de una estrategia de desarrollo con inclusi\u00f3n.<\/p>\n\n\n\n<p><em>\u201cA partir de estos microcr\u00e9ditos, los emprendedores van afrontando nuevos desaf\u00edos gracias a las herramientas que adquieren y en Avellaneda lo hacemos con una mirada colectiva, para ayudar a potenciar su crecimiento\u201d<\/em>, expres\u00f3 el intendente Jorge Ferraresi.<\/p>\n\n\n\n<p><em>\u201cFrente a una situaci\u00f3n econ\u00f3mica tan dif\u00edcil, estos convenios muestran la importancia del trabajo articulado entre la Provincia, la banca p\u00fablica y los municipios para fortalecer el empleo y fomentar el desarrollo productivo local\u201d<\/em>, sostuvo por su parte Emiliano Bisaro, vicepresidente de Provincia Microcr\u00e9ditos.<\/p>\n\n\n\n<p><em>\u201cDesde Provincia Microcr\u00e9ditos trabajamos junto a los municipios para potenciar el acceso al cr\u00e9dito porque sabemos que detr\u00e1s de cada financiamiento hay un trabajador o una trabajadora que apuesta, con esfuerzo, a construir un futuro mejor para su comunidad\u201d<\/em>, concluy\u00f3.<\/p>\n\n\n\n<figure class=\"wp-block-image size-large\"><img decoding=\"async\" width=\"1024\" height=\"681\" src=\"https:\/\/produba.com\/wp-content\/uploads\/2025\/10\/Entrega-microcreditos-Avellaneda-1024x681.webp\" alt=\"\" class=\"wp-image-2380\" srcset=\"https:\/\/produba.com\/wp-content\/uploads\/2025\/10\/Entrega-microcreditos-Avellaneda-1024x681.webp 1024w, https:\/\/produba.com\/wp-content\/uploads\/2025\/10\/Entrega-microcreditos-Avellaneda-300x200.webp 300w, https:\/\/produba.com\/wp-content\/uploads\/2025\/10\/Entrega-microcreditos-Avellaneda-768x511.webp 768w, https:\/\/produba.com\/wp-content\/uploads\/2025\/10\/Entrega-microcreditos-Avellaneda-1536x1021.webp 1536w, https:\/\/produba.com\/wp-content\/uploads\/2025\/10\/Entrega-microcreditos-Avellaneda-1440x958.webp 1440w, https:\/\/produba.com\/wp-content\/uploads\/2025\/10\/Entrega-microcreditos-Avellaneda-1200x798.webp 1200w, https:\/\/produba.com\/wp-content\/uploads\/2025\/10\/Entrega-microcreditos-Avellaneda-780x519.webp 780w, https:\/\/produba.com\/wp-content\/uploads\/2025\/10\/Entrega-microcreditos-Avellaneda-600x399.webp 600w, https:\/\/produba.com\/wp-content\/uploads\/2025\/10\/Entrega-microcreditos-Avellaneda-550x366.webp 550w, https:\/\/produba.com\/wp-content\/uploads\/2025\/10\/Entrega-microcreditos-Avellaneda-370x246.webp 370w, https:\/\/produba.com\/wp-content\/uploads\/2025\/10\/Entrega-microcreditos-Avellaneda-255x170.webp 255w, https:\/\/produba.com\/wp-content\/uploads\/2025\/10\/Entrega-microcreditos-Avellaneda.webp 1600w\" sizes=\"(max-width: 1024px) 100vw, 1024px\" \/><figcaption class=\"wp-element-caption\">El intendente Ferraresi durante la entrega de microcr\u00e9ditos del programa &#8220;Construir Futuro&#8221;<\/figcaption><\/figure>\n\n\n\n<p><strong>Impacto territorial en la Provincia de Buenos Aires<\/strong><\/p>\n\n\n\n<p>La l\u00ednea de microcr\u00e9ditos con subsidio de tasa ya alcanza a 20 jurisdicciones en toda la Provincia de Buenos Aires, consolidando una pol\u00edtica de financiamiento local orientada al trabajo independiente y al desarrollo productivo territorial.<\/p>\n","protected":false},"excerpt":{"rendered":"<p>La gesti\u00f3n municipal y el banco estatal bonaerense ya otorgaron 22 microcr\u00e9ditos por un monto de $53 millones. La iniciativa apunta a dinamizar los proyectos productivos de emprendedores, peque\u00f1os productores y trabajadores independientes La Municipalidad de Avellaneda fortalece el desarrollo econ\u00f3mico local a trav\u00e9s de una l\u00ednea de microcr\u00e9ditos con tasa subsidiada, en convenio con &#8230;<\/p>\n","protected":false},"author":1,"featured_media":2379,"comment_status":"closed","ping_status":"closed","sticky":false,"template":"","format":"standard","meta":{"loftocean_post_format_gallery":"","loftocean_post_format_gallery_ids":"","loftocean_post_format_gallery_urls":"","loftocean_post_format_video_id":0,"loftocean_post_format_video_url":"","loftocean_post_format_video_type":"","loftocean_post_format_video":"","loftocean_post_format_audio_type":"","loftocean_post_format_audio_url":"","loftocean_post_format_audio_id":0,"loftocean_post_format_audio":"","loftocean-featured-post":"","loftocean-like-count":0,"loftocean-view-count":81,"loftocean_coauthors":"","alpaca_post_content_reading_setting":"","alpaca_reading_speed_per_minute":0,"alpaca_reading_speed_unit":"","alpaca_single_post_template_layout":""},"categories":[4,6,3],"tags":[95,412,117,377,116],"loftoceanMetas":{"readingTime":"2 minutos de lectura","authorName":"ProduBA","categories":[{"name":"Desarrollo Local","link":"https:\/\/produba.com\/index.php\/category\/desarrollo_local\/","count":196},{"name":"Municipios","link":"https:\/\/produba.com\/index.php\/category\/municipios\/","count":379},{"name":"Producci\u00f3n","link":"https:\/\/produba.com\/index.php\/category\/produccion\/","count":401}],"date":"22 de octubre de 2025","featuredImageSRC":"https:\/\/produba.com\/wp-content\/uploads\/2025\/10\/microcreditos-Avellaneda-150x150.jpeg"},"_links":{"self":[{"href":"https:\/\/produba.com\/index.php\/wp-json\/wp\/v2\/posts\/2378"}],"collection":[{"href":"https:\/\/produba.com\/index.php\/wp-json\/wp\/v2\/posts"}],"about":[{"href":"https:\/\/produba.com\/index.php\/wp-json\/wp\/v2\/types\/post"}],"author":[{"embeddable":true,"href":"https:\/\/produba.com\/index.php\/wp-json\/wp\/v2\/users\/1"}],"replies":[{"embeddable":true,"href":"https:\/\/produba.com\/index.php\/wp-json\/wp\/v2\/comments?post=2378"}],"version-history":[{"count":3,"href":"https:\/\/produba.com\/index.php\/wp-json\/wp\/v2\/posts\/2378\/revisions"}],"predecessor-version":[{"id":2383,"href":"https:\/\/produba.com\/index.php\/wp-json\/wp\/v2\/posts\/2378\/revisions\/2383"}],"wp:featuredmedia":[{"embeddable":true,"href":"https:\/\/produba.com\/index.php\/wp-json\/wp\/v2\/media\/2379"}],"wp:attachment":[{"href":"https:\/\/produba.com\/index.php\/wp-json\/wp\/v2\/media?parent=2378"}],"wp:term":[{"taxonomy":"category","embeddable":true,"href":"https:\/\/produba.com\/index.php\/wp-json\/wp\/v2\/categories?post=2378"},{"taxonomy":"post_tag","embeddable":true,"href":"https:\/\/produba.com\/index.php\/wp-json\/wp\/v2\/tags?post=2378"}],"curies":[{"name":"wp","href":"https:\/\/api.w.org\/{rel}","templated":true}]}}