{"id":2364,"date":"2025-10-21T15:42:35","date_gmt":"2025-10-21T18:42:35","guid":{"rendered":"https:\/\/produba.com\/?p=2364"},"modified":"2025-10-21T15:42:36","modified_gmt":"2025-10-21T18:42:36","slug":"diputados-impulsan-la-produccion-de-vehiculos-de-movilidad-sustentable","status":"publish","type":"post","link":"https:\/\/produba.com\/index.php\/2025\/10\/21\/diputados-impulsan-la-produccion-de-vehiculos-de-movilidad-sustentable\/","title":{"rendered":"Diputados impulsan la producci\u00f3n de veh\u00edculos de movilidad sustentable"},"content":{"rendered":"\n<h5>La Comisi\u00f3n de Producci\u00f3n de la Legislatura bonaerense avanz\u00f3 en el dictamen que unifica iniciativas que buscan fomentar la industrializaci\u00f3n de veh\u00edculos el\u00e9ctricos en la provincia de Buenos Aires<\/h5>\n\n\n\n<p><strong>La Comisi\u00f3n de Producci\u00f3n y Comercio Interior de la Legislatura bonaerense<\/strong>, bajo la presidencia del diputado Fabi\u00e1n Perechodnik (PRO), <strong>aprob\u00f3 un proyecto de ley que fomenta la producci\u00f3n de veh\u00edculos el\u00e9ctricos y con tecnolog\u00edas de energ\u00edas alternativas en el \u00e1mbito de la provincia de Buenos Aires.<\/strong><\/p>\n\n\n\n<p><strong>Se trata de una iniciativa presentada por el diputado Juan Mart\u00edn Malpeli <\/strong>(Uni\u00f3n por la Patria)<strong> que se unific\u00f3 con otras dos de la diputada Mar\u00eda Fernanda Bevilacqua <\/strong>(Uni\u00f3n por la Patria)<strong>, con el objetivo de que se lleve adelante la industrializaci\u00f3n de veh\u00edculos de movilidad sustentable.<\/strong><\/p>\n\n\n\n<figure class=\"wp-block-image size-large\"><img decoding=\"async\" width=\"1024\" height=\"683\" src=\"https:\/\/produba.com\/wp-content\/uploads\/2025\/10\/diputados-vehiculos-sustentables-1-1024x683.jpeg\" alt=\"\" class=\"wp-image-2366\" srcset=\"https:\/\/produba.com\/wp-content\/uploads\/2025\/10\/diputados-vehiculos-sustentables-1-1024x683.jpeg 1024w, https:\/\/produba.com\/wp-content\/uploads\/2025\/10\/diputados-vehiculos-sustentables-1-300x200.jpeg 300w, https:\/\/produba.com\/wp-content\/uploads\/2025\/10\/diputados-vehiculos-sustentables-1-768x512.jpeg 768w, https:\/\/produba.com\/wp-content\/uploads\/2025\/10\/diputados-vehiculos-sustentables-1-1536x1024.jpeg 1536w, https:\/\/produba.com\/wp-content\/uploads\/2025\/10\/diputados-vehiculos-sustentables-1-1440x960.jpeg 1440w, https:\/\/produba.com\/wp-content\/uploads\/2025\/10\/diputados-vehiculos-sustentables-1-1200x800.jpeg 1200w, https:\/\/produba.com\/wp-content\/uploads\/2025\/10\/diputados-vehiculos-sustentables-1-780x520.jpeg 780w, https:\/\/produba.com\/wp-content\/uploads\/2025\/10\/diputados-vehiculos-sustentables-1-600x400.jpeg 600w, https:\/\/produba.com\/wp-content\/uploads\/2025\/10\/diputados-vehiculos-sustentables-1-550x367.jpeg 550w, https:\/\/produba.com\/wp-content\/uploads\/2025\/10\/diputados-vehiculos-sustentables-1-370x247.jpeg 370w, https:\/\/produba.com\/wp-content\/uploads\/2025\/10\/diputados-vehiculos-sustentables-1-255x170.jpeg 255w, https:\/\/produba.com\/wp-content\/uploads\/2025\/10\/diputados-vehiculos-sustentables-1.jpeg 1800w\" sizes=\"(max-width: 1024px) 100vw, 1024px\" \/><\/figure>\n\n\n\n<p>Entre otras cosas, propone la articulaci\u00f3n entre el Estado provincial, las universidades, organizaciones de la sociedad civil, laboratorios de innovaci\u00f3n y empresas privadas con el objetivo de coordinar acciones para el dise\u00f1o, la implementaci\u00f3n y financiaci\u00f3n de las unidades. As\u00ed como beneficios impositivos por el plazo de diez a\u00f1os que podr\u00edan ser prorrogables por otros diez.<\/p>\n\n\n\n<p>Las propuestas impulsadas por Bevilacqua buscan promover la fabricaci\u00f3n, reconversi\u00f3n y desarrollo de veh\u00edculos el\u00e9ctricos y autopartes en la provincia de Buenos Aires, con el objetivo de incentivar la transici\u00f3n hacia un modelo de transporte m\u00e1s sustentable y con menor impacto ambiental.<\/p>\n\n\n\n<figure class=\"wp-block-image size-large\"><img decoding=\"async\" width=\"1024\" height=\"683\" src=\"https:\/\/produba.com\/wp-content\/uploads\/2025\/10\/diputados-vehiculos-sustentables-2-1024x683.jpeg\" alt=\"\" class=\"wp-image-2365\" srcset=\"https:\/\/produba.com\/wp-content\/uploads\/2025\/10\/diputados-vehiculos-sustentables-2-1024x683.jpeg 1024w, https:\/\/produba.com\/wp-content\/uploads\/2025\/10\/diputados-vehiculos-sustentables-2-300x200.jpeg 300w, https:\/\/produba.com\/wp-content\/uploads\/2025\/10\/diputados-vehiculos-sustentables-2-768x512.jpeg 768w, https:\/\/produba.com\/wp-content\/uploads\/2025\/10\/diputados-vehiculos-sustentables-2-1536x1024.jpeg 1536w, https:\/\/produba.com\/wp-content\/uploads\/2025\/10\/diputados-vehiculos-sustentables-2-1440x960.jpeg 1440w, https:\/\/produba.com\/wp-content\/uploads\/2025\/10\/diputados-vehiculos-sustentables-2-1200x800.jpeg 1200w, https:\/\/produba.com\/wp-content\/uploads\/2025\/10\/diputados-vehiculos-sustentables-2-780x520.jpeg 780w, https:\/\/produba.com\/wp-content\/uploads\/2025\/10\/diputados-vehiculos-sustentables-2-600x400.jpeg 600w, https:\/\/produba.com\/wp-content\/uploads\/2025\/10\/diputados-vehiculos-sustentables-2-550x367.jpeg 550w, https:\/\/produba.com\/wp-content\/uploads\/2025\/10\/diputados-vehiculos-sustentables-2-370x247.jpeg 370w, https:\/\/produba.com\/wp-content\/uploads\/2025\/10\/diputados-vehiculos-sustentables-2-255x170.jpeg 255w, https:\/\/produba.com\/wp-content\/uploads\/2025\/10\/diputados-vehiculos-sustentables-2.jpeg 1800w\" sizes=\"(max-width: 1024px) 100vw, 1024px\" \/><figcaption class=\"wp-element-caption\">Im\u00e1genes de la labor parlamentaria de la Comisi\u00f3n de Producci\u00f3n de la Legislatura bonaerense<\/figcaption><\/figure>\n\n\n\n<p>En tanto, la diputada Romina Braga (Coalici\u00f3n C\u00edvica), quien es secretaria de la comisi\u00f3n de Producci\u00f3n y Comercio Interior sostuvo que<em> \u201cvamos hacia una Provincia m\u00e1s sustentable. Es importante que la regi\u00f3n impulse una transformaci\u00f3n productiva basada en energ\u00edas verdes, poniendo el foco no s\u00f3lo en cuidar el ambiente sino tambi\u00e9n en potenciar la producci\u00f3n con tecnolog\u00edas sustentables e innovadoras, y hoy dimos un paso hacia ese camino\u201d<\/em>.<\/p>\n","protected":false},"excerpt":{"rendered":"<p>La Comisi\u00f3n de Producci\u00f3n de la Legislatura bonaerense avanz\u00f3 en el dictamen que unifica iniciativas que buscan fomentar la industrializaci\u00f3n de veh\u00edculos el\u00e9ctricos en la provincia de Buenos Aires La Comisi\u00f3n de Producci\u00f3n y Comercio Interior de la Legislatura bonaerense, bajo la presidencia del diputado Fabi\u00e1n Perechodnik (PRO), aprob\u00f3 un proyecto de ley que fomenta &#8230;<\/p>\n","protected":false},"author":1,"featured_media":2367,"comment_status":"closed","ping_status":"closed","sticky":false,"template":"","format":"standard","meta":{"loftocean_post_format_gallery":"","loftocean_post_format_gallery_ids":"","loftocean_post_format_gallery_urls":"","loftocean_post_format_video_id":0,"loftocean_post_format_video_url":"","loftocean_post_format_video_type":"","loftocean_post_format_video":"","loftocean_post_format_audio_type":"","loftocean_post_format_audio_url":"","loftocean_post_format_audio_id":0,"loftocean_post_format_audio":"","loftocean-featured-post":"","loftocean-like-count":0,"loftocean-view-count":93,"loftocean_coauthors":"","alpaca_post_content_reading_setting":"","alpaca_reading_speed_per_minute":0,"alpaca_reading_speed_unit":"","alpaca_single_post_template_layout":""},"categories":[5,7,3],"tags":[139,314,478],"loftoceanMetas":{"readingTime":"2 minutos de lectura","authorName":"ProduBA","categories":[{"name":"Energ\u00eda","link":"https:\/\/produba.com\/index.php\/category\/energia\/","count":10},{"name":"Inter\u00e9s General","link":"https:\/\/produba.com\/index.php\/category\/interes_general\/","count":120},{"name":"Producci\u00f3n","link":"https:\/\/produba.com\/index.php\/category\/produccion\/","count":400}],"date":"21 de octubre de 2025","featuredImageSRC":"https:\/\/produba.com\/wp-content\/uploads\/2025\/10\/vehiculo-movilidad-sustentable-150x150.jpg"},"_links":{"self":[{"href":"https:\/\/produba.com\/index.php\/wp-json\/wp\/v2\/posts\/2364"}],"collection":[{"href":"https:\/\/produba.com\/index.php\/wp-json\/wp\/v2\/posts"}],"about":[{"href":"https:\/\/produba.com\/index.php\/wp-json\/wp\/v2\/types\/post"}],"author":[{"embeddable":true,"href":"https:\/\/produba.com\/index.php\/wp-json\/wp\/v2\/users\/1"}],"replies":[{"embeddable":true,"href":"https:\/\/produba.com\/index.php\/wp-json\/wp\/v2\/comments?post=2364"}],"version-history":[{"count":1,"href":"https:\/\/produba.com\/index.php\/wp-json\/wp\/v2\/posts\/2364\/revisions"}],"predecessor-version":[{"id":2368,"href":"https:\/\/produba.com\/index.php\/wp-json\/wp\/v2\/posts\/2364\/revisions\/2368"}],"wp:featuredmedia":[{"embeddable":true,"href":"https:\/\/produba.com\/index.php\/wp-json\/wp\/v2\/media\/2367"}],"wp:attachment":[{"href":"https:\/\/produba.com\/index.php\/wp-json\/wp\/v2\/media?parent=2364"}],"wp:term":[{"taxonomy":"category","embeddable":true,"href":"https:\/\/produba.com\/index.php\/wp-json\/wp\/v2\/categories?post=2364"},{"taxonomy":"post_tag","embeddable":true,"href":"https:\/\/produba.com\/index.php\/wp-json\/wp\/v2\/tags?post=2364"}],"curies":[{"name":"wp","href":"https:\/\/api.w.org\/{rel}","templated":true}]}}