{"id":2351,"date":"2025-10-20T15:08:37","date_gmt":"2025-10-20T18:08:37","guid":{"rendered":"https:\/\/produba.com\/?p=2351"},"modified":"2025-10-20T15:08:38","modified_gmt":"2025-10-20T18:08:38","slug":"culmino-la-segunda-etapa-de-tres-de-febrero-emprende","status":"publish","type":"post","link":"https:\/\/produba.com\/index.php\/2025\/10\/20\/culmino-la-segunda-etapa-de-tres-de-febrero-emprende\/","title":{"rendered":"Culmin\u00f3 la segunda etapa de Tres de Febrero Emprende"},"content":{"rendered":"\n<h5>El Ministerio del Desarrollo de la Comunidad bonaerense y la UNTREF reafirmaron el compromiso con el sector productivo junto a 400 emprendedores locales<\/h5>\n\n\n\n<p><strong>La segunda etapa del programa Tres de Febrero Emprende, programa impulsado por el Ministerio de Desarrollo de la Comunidad y la Universidad Nacional de Tres de Febrero (UNTREF), culmin\u00f3 el pasado martes con una jornada que reuni\u00f3 a 400 emprendedores y emprendedoras locales que asistieron a las capacitaciones desarrolladas durante el \u00faltimo mes.<\/strong><\/p>\n\n\n\n<p>La jornada de cierre de esta nueva edici\u00f3n cont\u00f3 con la presencia del subsecretario de Econom\u00eda Popular, Daniel Men\u00e9ndez, el Secretario de Extensi\u00f3n de la Universidad, Gabriel Asprella y el concejal de Tres de Febrero, Juan Debandi.<\/p>\n\n\n\n<figure class=\"wp-block-image size-full\"><img decoding=\"async\" width=\"700\" height=\"467\" src=\"https:\/\/produba.com\/wp-content\/uploads\/2025\/10\/Tres-de-Febrero-Emprende-2.jpeg\" alt=\"\" class=\"wp-image-2352\" srcset=\"https:\/\/produba.com\/wp-content\/uploads\/2025\/10\/Tres-de-Febrero-Emprende-2.jpeg 700w, https:\/\/produba.com\/wp-content\/uploads\/2025\/10\/Tres-de-Febrero-Emprende-2-300x200.jpeg 300w, https:\/\/produba.com\/wp-content\/uploads\/2025\/10\/Tres-de-Febrero-Emprende-2-600x400.jpeg 600w, https:\/\/produba.com\/wp-content\/uploads\/2025\/10\/Tres-de-Febrero-Emprende-2-550x367.jpeg 550w, https:\/\/produba.com\/wp-content\/uploads\/2025\/10\/Tres-de-Febrero-Emprende-2-370x247.jpeg 370w, https:\/\/produba.com\/wp-content\/uploads\/2025\/10\/Tres-de-Febrero-Emprende-2-255x170.jpeg 255w\" sizes=\"(max-width: 700px) 100vw, 700px\" \/><\/figure>\n\n\n\n<p>Durante esta edici\u00f3n, <strong>se realizaron capacitaciones en estrategias de marketing y comunicaci\u00f3n, herramientas legales y contables, comercializaci\u00f3n y fijaci\u00f3n de precios, organizaci\u00f3n y gesti\u00f3n de emprendimientos.<\/strong> El objetivo es fortalecer las capacidades productivas y organizativas de los emprendimientos del territorio.<\/p>\n\n\n\n<p>En su intervenci\u00f3n, el subsecretario Daniel Men\u00e9ndez destac\u00f3 que se trata del <em>\u201ctipo de pol\u00edticas p\u00fablicas desarrolladas junto a la universidad p\u00fablica\u201d<\/em> que evidencia el <em>\u201ccompromiso que asumimos desde la Provincia para acompa\u00f1ar a los trabajadores y trabajadoras de la econom\u00eda popular\u201d<\/em>. A su vez, contrast\u00f3 con el <em>\u201ccontexto en el que el gobierno nacional impulsa medidas que van en sentido contrario\u201d<\/em> y resalt\u00f3, en nombre del Gobierno de la Provincia que <em>\u201cnosotros elegimos seguir fortaleciendo el entramado productivo local y apostar a la formaci\u00f3n, la organizaci\u00f3n y la generaci\u00f3n de oportunidades para quienes, todos los d\u00edas sostienen la econom\u00eda desde abajo\u201d.<\/em><\/p>\n\n\n\n\n\n\n\n<p>Por su parte, las autoridades presentes subrayaron el valor de la articulaci\u00f3n entre el Estado provincial y las universidades nacionales para generar herramientas concretas que permitan el desarrollo de proyectos productivos con inclusi\u00f3n, equidad y perspectiva territorial.<\/p>\n\n\n\n<p>Con este cierre, Tres de Febrero Emprende consolida su rol como una pol\u00edtica p\u00fablica estrat\u00e9gica para acompa\u00f1ar a los emprendimientos bonaerenses, fortaleciendo su sostenibilidad en un contexto econ\u00f3mico desafiante y reafirmando el compromiso del Estado provincial con la econom\u00eda popular.<\/p>\n","protected":false},"excerpt":{"rendered":"<p>El Ministerio del Desarrollo de la Comunidad bonaerense y la UNTREF reafirmaron el compromiso con el sector productivo junto a 400 emprendedores locales La segunda etapa del programa Tres de Febrero Emprende, programa impulsado por el Ministerio de Desarrollo de la Comunidad y la Universidad Nacional de Tres de Febrero (UNTREF), culmin\u00f3 el pasado martes &#8230;<\/p>\n","protected":false},"author":1,"featured_media":2353,"comment_status":"closed","ping_status":"closed","sticky":false,"template":"","format":"standard","meta":{"loftocean_post_format_gallery":"","loftocean_post_format_gallery_ids":"","loftocean_post_format_gallery_urls":"","loftocean_post_format_video_id":0,"loftocean_post_format_video_url":"","loftocean_post_format_video_type":"","loftocean_post_format_video":"","loftocean_post_format_audio_type":"","loftocean_post_format_audio_url":"","loftocean_post_format_audio_id":0,"loftocean_post_format_audio":"","loftocean-featured-post":"","loftocean-like-count":0,"loftocean-view-count":85,"loftocean_coauthors":"","alpaca_post_content_reading_setting":"","alpaca_reading_speed_per_minute":0,"alpaca_reading_speed_unit":"","alpaca_single_post_template_layout":""},"categories":[6,3],"tags":[32,117,403,430,474],"loftoceanMetas":{"readingTime":"2 minutos de lectura","authorName":"ProduBA","categories":[{"name":"Municipios","link":"https:\/\/produba.com\/index.php\/category\/municipios\/","count":378},{"name":"Producci\u00f3n","link":"https:\/\/produba.com\/index.php\/category\/produccion\/","count":400}],"date":"20 de octubre de 2025","featuredImageSRC":"https:\/\/produba.com\/wp-content\/uploads\/2025\/10\/Tres-de-Febrero-Emprende-1-150x150.jpeg"},"_links":{"self":[{"href":"https:\/\/produba.com\/index.php\/wp-json\/wp\/v2\/posts\/2351"}],"collection":[{"href":"https:\/\/produba.com\/index.php\/wp-json\/wp\/v2\/posts"}],"about":[{"href":"https:\/\/produba.com\/index.php\/wp-json\/wp\/v2\/types\/post"}],"author":[{"embeddable":true,"href":"https:\/\/produba.com\/index.php\/wp-json\/wp\/v2\/users\/1"}],"replies":[{"embeddable":true,"href":"https:\/\/produba.com\/index.php\/wp-json\/wp\/v2\/comments?post=2351"}],"version-history":[{"count":1,"href":"https:\/\/produba.com\/index.php\/wp-json\/wp\/v2\/posts\/2351\/revisions"}],"predecessor-version":[{"id":2354,"href":"https:\/\/produba.com\/index.php\/wp-json\/wp\/v2\/posts\/2351\/revisions\/2354"}],"wp:featuredmedia":[{"embeddable":true,"href":"https:\/\/produba.com\/index.php\/wp-json\/wp\/v2\/media\/2353"}],"wp:attachment":[{"href":"https:\/\/produba.com\/index.php\/wp-json\/wp\/v2\/media?parent=2351"}],"wp:term":[{"taxonomy":"category","embeddable":true,"href":"https:\/\/produba.com\/index.php\/wp-json\/wp\/v2\/categories?post=2351"},{"taxonomy":"post_tag","embeddable":true,"href":"https:\/\/produba.com\/index.php\/wp-json\/wp\/v2\/tags?post=2351"}],"curies":[{"name":"wp","href":"https:\/\/api.w.org\/{rel}","templated":true}]}}