{"id":2154,"date":"2025-09-13T11:56:23","date_gmt":"2025-09-13T14:56:23","guid":{"rendered":"https:\/\/produba.com\/?p=2154"},"modified":"2025-09-13T11:56:25","modified_gmt":"2025-09-13T14:56:25","slug":"tres-arroyos-dio-un-paso-firme-para-fortalecer-la-produccion-agroecologica","status":"publish","type":"post","link":"https:\/\/produba.com\/index.php\/2025\/09\/13\/tres-arroyos-dio-un-paso-firme-para-fortalecer-la-produccion-agroecologica\/","title":{"rendered":"Tres Arroyos dio un paso firme para fortalecer la producci\u00f3n agroecol\u00f3gica"},"content":{"rendered":"\n<h5>El municipio del sudoeste bonaerense se suma a la \u00a0Red Nacional de Municipios Agroecol\u00f3gicos. La iniciativa busca implementar pol\u00edticas p\u00fablicas para el fomento y la producci\u00f3n de alimentos amigables con el ecosistema<\/h5>\n\n\n\n<p><strong>Desde la Direcci\u00f3n de Producci\u00f3n y Sustentabilidad de la Municipalidad de Tres Arroyos se impuls\u00f3 esta adhesi\u00f3n y el pasado jueves se culminaron los pasos administrativos para que ese municipio del sudoeste bonaerense sea parte integral de la Red Nacional de Municipios Agroecol\u00f3gicos (RENAMA).<\/strong><\/p>\n\n\n\n<p>Seg\u00fan indicaron desde el municipio tresarroyense declararon: <em>&#8220;Esta Red nos permite, de manera colaborativa con otros municipios: pensar, dise\u00f1ar e implementar pol\u00edticas p\u00fablicas para el fomento y protecci\u00f3n de la agroecolog\u00eda y la transici\u00f3n a un sistema agroalimentario basado en una relaci\u00f3n m\u00e1s armoniosa con la naturaleza&#8221;.<\/em><\/p>\n\n\n\n<figure class=\"wp-block-image size-full\"><img decoding=\"async\" width=\"502\" height=\"430\" src=\"https:\/\/produba.com\/wp-content\/uploads\/2025\/09\/tres-arroyos-oveja.jpeg\" alt=\"\" class=\"wp-image-2156\" srcset=\"https:\/\/produba.com\/wp-content\/uploads\/2025\/09\/tres-arroyos-oveja.jpeg 502w, https:\/\/produba.com\/wp-content\/uploads\/2025\/09\/tres-arroyos-oveja-300x257.jpeg 300w, https:\/\/produba.com\/wp-content\/uploads\/2025\/09\/tres-arroyos-oveja-370x317.jpeg 370w, https:\/\/produba.com\/wp-content\/uploads\/2025\/09\/tres-arroyos-oveja-255x218.jpeg 255w\" sizes=\"(max-width: 502px) 100vw, 502px\" \/><\/figure>\n\n\n\n<p><em>&#8220;En un entorno productivo en el cual cada vez vemos que los productores tienen menor rentabilidad y junto a ellos se pierde fertilidad del suelo y biodiversidad, consideramos muy pertinente explorar nuevos paradigmas en t\u00e9rminos productivos socio-ambientales&#8221;<\/em>, agregaron desde el ejecutivo tresarroyense.<\/p>\n\n\n\n<p>Seg\u00fan destacaron desde el gobierno municipal, el enfoque agroecol\u00f3gico procura el desarrollo de agroecosistemas sustentados en los procesos de los ecosistemas naturales y promueve la independencia de insumos externos, con foco en la justicia social y ambiental del sistema agroalimentario.<\/p>\n\n\n\n<figure class=\"wp-block-image size-full\"><img decoding=\"async\" width=\"510\" height=\"680\" src=\"https:\/\/produba.com\/wp-content\/uploads\/2025\/09\/tres-arroyos-siembra-1.jpeg\" alt=\"\" class=\"wp-image-2157\" srcset=\"https:\/\/produba.com\/wp-content\/uploads\/2025\/09\/tres-arroyos-siembra-1.jpeg 510w, https:\/\/produba.com\/wp-content\/uploads\/2025\/09\/tres-arroyos-siembra-1-225x300.jpeg 225w, https:\/\/produba.com\/wp-content\/uploads\/2025\/09\/tres-arroyos-siembra-1-370x493.jpeg 370w, https:\/\/produba.com\/wp-content\/uploads\/2025\/09\/tres-arroyos-siembra-1-255x340.jpeg 255w\" sizes=\"(max-width: 510px) 100vw, 510px\" \/><\/figure>\n\n\n\n<p><strong>Seg\u00fan el censo de 2018 el 2% de los establecimientos agropecuarios de nuestro pa\u00eds desarrollan distintas formas de agroecolog\u00eda, agricultura biodin\u00e1mica y org\u00e1nica. Sin embargo son miles las productoras y productores interesados en comenzar una transici\u00f3n hacia un modelo m\u00e1s sustentable y millones las personas en Argentina y en todo el mundo que demandan alimentos sanos y de calidad.<\/strong><\/p>\n\n\n\n<p>Desde el municipio indicaron que el partido tiene la potencialidad para responder a esta demanda dejando de poner en riesgo su capacidad productiva futura e incluso regenerando lo da\u00f1ado. Y resaltaron que, desde la Direcci\u00f3n de Producci\u00f3n tresarroyense, impulsar\u00e1n las estrategias que permitan transitar ese camino.<\/p>\n","protected":false},"excerpt":{"rendered":"<p>El municipio del sudoeste bonaerense se suma a la \u00a0Red Nacional de Municipios Agroecol\u00f3gicos. La iniciativa busca implementar pol\u00edticas p\u00fablicas para el fomento y la producci\u00f3n de alimentos amigables con el ecosistema Desde la Direcci\u00f3n de Producci\u00f3n y Sustentabilidad de la Municipalidad de Tres Arroyos se impuls\u00f3 esta adhesi\u00f3n y el pasado jueves se culminaron &#8230;<\/p>\n","protected":false},"author":1,"featured_media":2155,"comment_status":"closed","ping_status":"closed","sticky":false,"template":"","format":"standard","meta":{"loftocean_post_format_gallery":"","loftocean_post_format_gallery_ids":"","loftocean_post_format_gallery_urls":"","loftocean_post_format_video_id":0,"loftocean_post_format_video_url":"","loftocean_post_format_video_type":"","loftocean_post_format_video":"","loftocean_post_format_audio_type":"","loftocean_post_format_audio_url":"","loftocean_post_format_audio_id":0,"loftocean_post_format_audio":"","loftocean-featured-post":"","loftocean-like-count":0,"loftocean-view-count":134,"loftocean_coauthors":"","alpaca_post_content_reading_setting":"","alpaca_reading_speed_per_minute":0,"alpaca_reading_speed_unit":"","alpaca_single_post_template_layout":""},"categories":[7,6,3],"tags":[60,445,189],"loftoceanMetas":{"readingTime":"2 minutos de lectura","authorName":"ProduBA","categories":[{"name":"Inter\u00e9s General","link":"https:\/\/produba.com\/index.php\/category\/interes_general\/","count":121},{"name":"Municipios","link":"https:\/\/produba.com\/index.php\/category\/municipios\/","count":381},{"name":"Producci\u00f3n","link":"https:\/\/produba.com\/index.php\/category\/produccion\/","count":404}],"date":"13 de septiembre de 2025","featuredImageSRC":"https:\/\/produba.com\/wp-content\/uploads\/2025\/09\/tres-arroyos-siembra-150x150.jpeg"},"_links":{"self":[{"href":"https:\/\/produba.com\/index.php\/wp-json\/wp\/v2\/posts\/2154"}],"collection":[{"href":"https:\/\/produba.com\/index.php\/wp-json\/wp\/v2\/posts"}],"about":[{"href":"https:\/\/produba.com\/index.php\/wp-json\/wp\/v2\/types\/post"}],"author":[{"embeddable":true,"href":"https:\/\/produba.com\/index.php\/wp-json\/wp\/v2\/users\/1"}],"replies":[{"embeddable":true,"href":"https:\/\/produba.com\/index.php\/wp-json\/wp\/v2\/comments?post=2154"}],"version-history":[{"count":2,"href":"https:\/\/produba.com\/index.php\/wp-json\/wp\/v2\/posts\/2154\/revisions"}],"predecessor-version":[{"id":2159,"href":"https:\/\/produba.com\/index.php\/wp-json\/wp\/v2\/posts\/2154\/revisions\/2159"}],"wp:featuredmedia":[{"embeddable":true,"href":"https:\/\/produba.com\/index.php\/wp-json\/wp\/v2\/media\/2155"}],"wp:attachment":[{"href":"https:\/\/produba.com\/index.php\/wp-json\/wp\/v2\/media?parent=2154"}],"wp:term":[{"taxonomy":"category","embeddable":true,"href":"https:\/\/produba.com\/index.php\/wp-json\/wp\/v2\/categories?post=2154"},{"taxonomy":"post_tag","embeddable":true,"href":"https:\/\/produba.com\/index.php\/wp-json\/wp\/v2\/tags?post=2154"}],"curies":[{"name":"wp","href":"https:\/\/api.w.org\/{rel}","templated":true}]}}