{"id":2146,"date":"2025-09-12T11:45:30","date_gmt":"2025-09-12T14:45:30","guid":{"rendered":"https:\/\/produba.com\/?p=2146"},"modified":"2025-09-12T11:45:32","modified_gmt":"2025-09-12T14:45:32","slug":"quilmes-nueva-reglamentacion-amplia-las-actividades-en-el-parque-industrial-la-bernalesa","status":"publish","type":"post","link":"https:\/\/produba.com\/index.php\/2025\/09\/12\/quilmes-nueva-reglamentacion-amplia-las-actividades-en-el-parque-industrial-la-bernalesa\/","title":{"rendered":"Quilmes: nueva reglamentaci\u00f3n ampl\u00eda las actividades en el Parque Industrial La Bernalesa"},"content":{"rendered":"\n<h5>La intendenta Mayra Mendoza se reuni\u00f3 con autoridades y representantes de empresas radicadas de ese agrupamiento industrial y les entreg\u00f3 la nueva ordenanza que reglamenta y extiende el funcionamiento del PILB<\/h5>\n\n\n\n<p><strong>La intendenta de Quilmes, Mayra Mendoza, estuvo este jueves en el Parque Industrial La Bernalesa (PILB)<\/strong>, ubicado sobre la calle Mart\u00edn Rodr\u00edguez 199, en Quilmes Oeste, <strong>donde comparti\u00f3 un encuentro con las autoridades del lugar y con representantes de las empresas que est\u00e1n radicadas en el predio, con la finalidad de conversar sobre la situaci\u00f3n econ\u00f3mica actual y entregarles una carpeta con la actualizaci\u00f3n de la normativa vigente que regula la actividad del Parque.<\/strong><\/p>\n\n\n\n<figure class=\"wp-block-image size-full\"><img decoding=\"async\" width=\"852\" height=\"567\" src=\"https:\/\/produba.com\/wp-content\/uploads\/2025\/09\/quilmes-PI-Bernalesa-7.jpg\" alt=\"\" class=\"wp-image-2147\" srcset=\"https:\/\/produba.com\/wp-content\/uploads\/2025\/09\/quilmes-PI-Bernalesa-7.jpg 852w, https:\/\/produba.com\/wp-content\/uploads\/2025\/09\/quilmes-PI-Bernalesa-7-300x200.jpg 300w, https:\/\/produba.com\/wp-content\/uploads\/2025\/09\/quilmes-PI-Bernalesa-7-768x511.jpg 768w, https:\/\/produba.com\/wp-content\/uploads\/2025\/09\/quilmes-PI-Bernalesa-7-780x519.jpg 780w, https:\/\/produba.com\/wp-content\/uploads\/2025\/09\/quilmes-PI-Bernalesa-7-600x399.jpg 600w, https:\/\/produba.com\/wp-content\/uploads\/2025\/09\/quilmes-PI-Bernalesa-7-550x366.jpg 550w, https:\/\/produba.com\/wp-content\/uploads\/2025\/09\/quilmes-PI-Bernalesa-7-370x246.jpg 370w, https:\/\/produba.com\/wp-content\/uploads\/2025\/09\/quilmes-PI-Bernalesa-7-255x170.jpg 255w\" sizes=\"(max-width: 852px) 100vw, 852px\" \/><\/figure>\n\n\n\n<p><em>\u201cEn este pa\u00eds hay que dejar de pensar que las soluciones vienen enlatadas y de afuera, tenemos que repensar todo nuestro modo de vida en alg\u00fan punto porque hay cada vez m\u00e1s desigualdad. Nosotros decimos que convocamos a ser parte de peque\u00f1as decisiones que nos puedan mejorar la calidad de vida. Pensar en energ\u00edas renovables y todo lo que tiene que ver con una transici\u00f3n hacia un mundo distinto, porque hoy se evidencia la crisis general en todo sentido\u201d<\/em>, sostuvo Mayra, que agradeci\u00f3 al Concejo Deliberante quilme\u00f1o y al \u00e1rea de Fiscalizaci\u00f3n por el trabajo realizado.<\/p>\n\n\n\n<figure class=\"wp-block-image size-full\"><img decoding=\"async\" width=\"852\" height=\"567\" src=\"https:\/\/produba.com\/wp-content\/uploads\/2025\/09\/quilmes-PI-Bernalesa-1.jpg\" alt=\"\" class=\"wp-image-2152\" srcset=\"https:\/\/produba.com\/wp-content\/uploads\/2025\/09\/quilmes-PI-Bernalesa-1.jpg 852w, https:\/\/produba.com\/wp-content\/uploads\/2025\/09\/quilmes-PI-Bernalesa-1-300x200.jpg 300w, https:\/\/produba.com\/wp-content\/uploads\/2025\/09\/quilmes-PI-Bernalesa-1-768x511.jpg 768w, https:\/\/produba.com\/wp-content\/uploads\/2025\/09\/quilmes-PI-Bernalesa-1-780x519.jpg 780w, https:\/\/produba.com\/wp-content\/uploads\/2025\/09\/quilmes-PI-Bernalesa-1-600x399.jpg 600w, https:\/\/produba.com\/wp-content\/uploads\/2025\/09\/quilmes-PI-Bernalesa-1-550x366.jpg 550w, https:\/\/produba.com\/wp-content\/uploads\/2025\/09\/quilmes-PI-Bernalesa-1-370x246.jpg 370w, https:\/\/produba.com\/wp-content\/uploads\/2025\/09\/quilmes-PI-Bernalesa-1-255x170.jpg 255w\" sizes=\"(max-width: 852px) 100vw, 852px\" \/><\/figure>\n\n\n\n<p>En ese marco, <strong>el secretario de la Agencia de Fiscalizaci\u00f3n y Desarrollo Econ\u00f3mico, Juli\u00e1n Bellido, especific\u00f3: <em>\u201cHicimos entrega de la nueva ordenanza reglamentaria del Parque, que va a permitir expandir actividades vinculadas sobre todo a la investigaci\u00f3n y al desarrollo en t\u00e9rminos de laboratorios, y que puedan permitir seguir creciendo y d\u00e1ndole a Quilmes mayor impulso tecnol\u00f3gico\u201d.<\/em><\/strong><\/p>\n\n\n\n<p>Por su parte, el director ejecutivo de PILB, Leonardo Wagner, resalt\u00f3: <em>\u201cLa presencia de la intendenta Mayra Mendoza y su Gabinete es permanente. Trabajamos constantemente con la Municipalidad. Este tipo de proyectos sin el Municipio no existen. Destaco el acompa\u00f1amiento de la Comuna. Desde que conozco y trabajo en Quilmes, la gesti\u00f3n de Mayra Mendoza fue la mejor, lejos\u201d<\/em>. A su vez, el director comercial de la firma Exapol, Rafael Tenaglia, coment\u00f3: <em>\u201cNosotros con Mayra tenemos una excelente relaci\u00f3n, ella ya visit\u00f3 la empresa y es muy importante para nosotros el v\u00ednculo entre sector privado y p\u00fablico\u201d.<\/em><\/p>\n\n\n\n<p>Durante la actividad, la Jefa comunal otorg\u00f3 el certificado de habilitaci\u00f3n a la empresa Gloss (papelera dedicada a art\u00edculos de librer\u00eda y productos en general). Luego, recorri\u00f3 las dos salas de reuniones que recientemente construyeron en el edificio central del Parque, como as\u00ed tambi\u00e9n la obra de acceso al predio y la c\u00e1mara instalada para la provisi\u00f3n de gas natural del lugar. Estas obras que concretaron desde PILB representan una inversi\u00f3n importante que permite garantizar el servicio a todas las empresas del predio.<\/p>\n\n\n\n<figure class=\"wp-block-image size-full\"><img decoding=\"async\" width=\"852\" height=\"567\" src=\"https:\/\/produba.com\/wp-content\/uploads\/2025\/09\/quilmes-PI-Bernalesa-5.jpg\" alt=\"\" class=\"wp-image-2149\" srcset=\"https:\/\/produba.com\/wp-content\/uploads\/2025\/09\/quilmes-PI-Bernalesa-5.jpg 852w, https:\/\/produba.com\/wp-content\/uploads\/2025\/09\/quilmes-PI-Bernalesa-5-300x200.jpg 300w, https:\/\/produba.com\/wp-content\/uploads\/2025\/09\/quilmes-PI-Bernalesa-5-768x511.jpg 768w, https:\/\/produba.com\/wp-content\/uploads\/2025\/09\/quilmes-PI-Bernalesa-5-780x519.jpg 780w, https:\/\/produba.com\/wp-content\/uploads\/2025\/09\/quilmes-PI-Bernalesa-5-600x399.jpg 600w, https:\/\/produba.com\/wp-content\/uploads\/2025\/09\/quilmes-PI-Bernalesa-5-550x366.jpg 550w, https:\/\/produba.com\/wp-content\/uploads\/2025\/09\/quilmes-PI-Bernalesa-5-370x246.jpg 370w, https:\/\/produba.com\/wp-content\/uploads\/2025\/09\/quilmes-PI-Bernalesa-5-255x170.jpg 255w\" sizes=\"(max-width: 852px) 100vw, 852px\" \/><\/figure>\n\n\n\n<p><strong>Cabe remarcar que esta acci\u00f3n de la actualizaci\u00f3n de la normativa se enmarca dentro del proyecto \u201cImpulsar Quilmes: Di\u00e1logos productivos entre la educaci\u00f3n y el trabajo\u201d<\/strong>, como parte de las pol\u00edticas municipales de fortalecimiento del entramado productivo local, y <strong>permitir\u00e1 ampliar el abanico de compa\u00f1\u00edas que pueden establecerse all\u00ed, potenciar\u00e1 su competitividad y los consolidar\u00e1 como un polo productivo, moderno y diversificado.<\/strong><\/p>\n\n\n\n<p>La misma se da por los avances tecnol\u00f3gicos y los cambios productivos que modificaron profundamente las din\u00e1micas del trabajo y la producci\u00f3n. Con ella se busca adecuar el marco normativo a esas transformaciones e incorpora rubros estrat\u00e9gicos como dep\u00f3sito, log\u00edstica, distribuci\u00f3n, producci\u00f3n con base tecnol\u00f3gica, servicios educativos y servicios complementarios.<\/p>\n\n\n\n<figure class=\"wp-block-image size-full\"><img decoding=\"async\" width=\"852\" height=\"567\" src=\"https:\/\/produba.com\/wp-content\/uploads\/2025\/09\/quilmes-PI-Bernalesa-2.jpg\" alt=\"\" class=\"wp-image-2151\" srcset=\"https:\/\/produba.com\/wp-content\/uploads\/2025\/09\/quilmes-PI-Bernalesa-2.jpg 852w, https:\/\/produba.com\/wp-content\/uploads\/2025\/09\/quilmes-PI-Bernalesa-2-300x200.jpg 300w, https:\/\/produba.com\/wp-content\/uploads\/2025\/09\/quilmes-PI-Bernalesa-2-768x511.jpg 768w, https:\/\/produba.com\/wp-content\/uploads\/2025\/09\/quilmes-PI-Bernalesa-2-780x519.jpg 780w, https:\/\/produba.com\/wp-content\/uploads\/2025\/09\/quilmes-PI-Bernalesa-2-600x399.jpg 600w, https:\/\/produba.com\/wp-content\/uploads\/2025\/09\/quilmes-PI-Bernalesa-2-550x366.jpg 550w, https:\/\/produba.com\/wp-content\/uploads\/2025\/09\/quilmes-PI-Bernalesa-2-370x246.jpg 370w, https:\/\/produba.com\/wp-content\/uploads\/2025\/09\/quilmes-PI-Bernalesa-2-255x170.jpg 255w\" sizes=\"(max-width: 852px) 100vw, 852px\" \/><\/figure>\n\n\n\n<p>De la reuni\u00f3n participaron representantes de las empresas Valot (planta qu\u00edmica que fabrica y comercializa productos de higiene y limpieza para instituciones y empresas), Konig (especializada en la investigaci\u00f3n, desarrollo y comercializaci\u00f3n de productos veterinarios para animales de compa\u00f1\u00eda y ganader\u00eda), Exapol (fabrica y comercializa herramientas hidr\u00e1ulicas para montaje y mantenimiento industrial), Mauger (papelera especializada en producci\u00f3n de rollos de diversos materiales y tama\u00f1os), Qu\u00edmica AG (desarrollo de productos qu\u00edmicos para la industria), Navibit (dedicada a la instalaci\u00f3n y mantenimiento de redes de fibra \u00f3ptica en la Zona Sur del AMBA), Tercer Elemento (laboratorio para el an\u00e1lisis de roca y fluidos en las industrias minera, hidrocarbur\u00edfera y medioambiental) y Correo Argentino (centro de distribuci\u00f3n).<\/p>\n\n\n\n<figure class=\"wp-block-image size-full\"><img decoding=\"async\" width=\"852\" height=\"567\" src=\"https:\/\/produba.com\/wp-content\/uploads\/2025\/09\/quilmes-PI-Bernalesa-6.jpg\" alt=\"\" class=\"wp-image-2148\" srcset=\"https:\/\/produba.com\/wp-content\/uploads\/2025\/09\/quilmes-PI-Bernalesa-6.jpg 852w, https:\/\/produba.com\/wp-content\/uploads\/2025\/09\/quilmes-PI-Bernalesa-6-300x200.jpg 300w, https:\/\/produba.com\/wp-content\/uploads\/2025\/09\/quilmes-PI-Bernalesa-6-768x511.jpg 768w, https:\/\/produba.com\/wp-content\/uploads\/2025\/09\/quilmes-PI-Bernalesa-6-780x519.jpg 780w, https:\/\/produba.com\/wp-content\/uploads\/2025\/09\/quilmes-PI-Bernalesa-6-600x399.jpg 600w, https:\/\/produba.com\/wp-content\/uploads\/2025\/09\/quilmes-PI-Bernalesa-6-550x366.jpg 550w, https:\/\/produba.com\/wp-content\/uploads\/2025\/09\/quilmes-PI-Bernalesa-6-370x246.jpg 370w, https:\/\/produba.com\/wp-content\/uploads\/2025\/09\/quilmes-PI-Bernalesa-6-255x170.jpg 255w\" sizes=\"(max-width: 852px) 100vw, 852px\" \/><\/figure>\n\n\n\n<p>Tambi\u00e9n formaron parte del encuentro la secretaria de Hacienda, Mar\u00eda Eva Stoltzing; el subsecretario de Habilitaciones y Fiscalizaci\u00f3n, Nicol\u00e1s Van Oostveldt; su par de Control Ambiental, Iris Bejarano; los directores generales de Habilitaciones, Thomas Schuld; de Formaci\u00f3n Laboral, Franco Montali; la presidenta del bloque de concejales del oficialismo en el Honorable Concejo Deliberante (HCD) de Quilmes, Eva Mieri; y el edil y presidente de la Comisi\u00f3n de Producci\u00f3n en el HCD Quilmes, Federico D\u2019Angelo, entre otros.<\/p>\n","protected":false},"excerpt":{"rendered":"<p>La intendenta Mayra Mendoza se reuni\u00f3 con autoridades y representantes de empresas radicadas de ese agrupamiento industrial y les entreg\u00f3 la nueva ordenanza que reglamenta y extiende el funcionamiento del PILB La intendenta de Quilmes, Mayra Mendoza, estuvo este jueves en el Parque Industrial La Bernalesa (PILB), ubicado sobre la calle Mart\u00edn Rodr\u00edguez 199, en &#8230;<\/p>\n","protected":false},"author":1,"featured_media":2150,"comment_status":"closed","ping_status":"closed","sticky":false,"template":"","format":"standard","meta":{"loftocean_post_format_gallery":"","loftocean_post_format_gallery_ids":"","loftocean_post_format_gallery_urls":"","loftocean_post_format_video_id":0,"loftocean_post_format_video_url":"","loftocean_post_format_video_type":"","loftocean_post_format_video":"","loftocean_post_format_audio_type":"","loftocean_post_format_audio_url":"","loftocean_post_format_audio_id":0,"loftocean_post_format_audio":"","loftocean-featured-post":"","loftocean-like-count":0,"loftocean-view-count":128,"loftocean_coauthors":"","alpaca_post_content_reading_setting":"","alpaca_reading_speed_per_minute":0,"alpaca_reading_speed_unit":"","alpaca_single_post_template_layout":""},"categories":[4,6,3],"tags":[36,46,444,35],"loftoceanMetas":{"readingTime":"3 minutos de lectura","authorName":"ProduBA","categories":[{"name":"Desarrollo Local","link":"https:\/\/produba.com\/index.php\/category\/desarrollo_local\/","count":199},{"name":"Municipios","link":"https:\/\/produba.com\/index.php\/category\/municipios\/","count":381},{"name":"Producci\u00f3n","link":"https:\/\/produba.com\/index.php\/category\/produccion\/","count":404}],"date":"12 de septiembre de 2025","featuredImageSRC":"https:\/\/produba.com\/wp-content\/uploads\/2025\/09\/quilmes-PI-Bernalesa-4-150x150.jpg"},"_links":{"self":[{"href":"https:\/\/produba.com\/index.php\/wp-json\/wp\/v2\/posts\/2146"}],"collection":[{"href":"https:\/\/produba.com\/index.php\/wp-json\/wp\/v2\/posts"}],"about":[{"href":"https:\/\/produba.com\/index.php\/wp-json\/wp\/v2\/types\/post"}],"author":[{"embeddable":true,"href":"https:\/\/produba.com\/index.php\/wp-json\/wp\/v2\/users\/1"}],"replies":[{"embeddable":true,"href":"https:\/\/produba.com\/index.php\/wp-json\/wp\/v2\/comments?post=2146"}],"version-history":[{"count":1,"href":"https:\/\/produba.com\/index.php\/wp-json\/wp\/v2\/posts\/2146\/revisions"}],"predecessor-version":[{"id":2153,"href":"https:\/\/produba.com\/index.php\/wp-json\/wp\/v2\/posts\/2146\/revisions\/2153"}],"wp:featuredmedia":[{"embeddable":true,"href":"https:\/\/produba.com\/index.php\/wp-json\/wp\/v2\/media\/2150"}],"wp:attachment":[{"href":"https:\/\/produba.com\/index.php\/wp-json\/wp\/v2\/media?parent=2146"}],"wp:term":[{"taxonomy":"category","embeddable":true,"href":"https:\/\/produba.com\/index.php\/wp-json\/wp\/v2\/categories?post=2146"},{"taxonomy":"post_tag","embeddable":true,"href":"https:\/\/produba.com\/index.php\/wp-json\/wp\/v2\/tags?post=2146"}],"curies":[{"name":"wp","href":"https:\/\/api.w.org\/{rel}","templated":true}]}}