{"id":2141,"date":"2025-09-11T12:21:42","date_gmt":"2025-09-11T15:21:42","guid":{"rendered":"https:\/\/produba.com\/?p=2141"},"modified":"2025-09-11T12:21:43","modified_gmt":"2025-09-11T15:21:43","slug":"necochea-el-municipio-lanza-un-ciclo-de-capacitaciones-para-emprendedores","status":"publish","type":"post","link":"https:\/\/produba.com\/index.php\/2025\/09\/11\/necochea-el-municipio-lanza-un-ciclo-de-capacitaciones-para-emprendedores\/","title":{"rendered":"Necochea: el Municipio lanza un ciclo de capacitaciones para emprendedores"},"content":{"rendered":"\n<h5>Desde el municipio costero informaron que la semana que viene se brindar\u00e1n talleres sobre comercio electr\u00f3nico y sistema impositivo dirigidos a emprendedores y peque\u00f1os negocios<\/h5>\n\n\n\n<p><strong>A partir de la semana que viene, se pondr\u00e1 en marcha en la Secretar\u00eda de Turismo y Desarrollo Productivo del municipio de Necochea un ciclo de capacitaciones destinadas a emprendedores locales<\/strong>, con el impulso de la Direcci\u00f3n de Emprendimientos y Pymes.<\/p>\n\n\n\n<p>En primer t\u00e9rmino,&nbsp;<strong>el martes 16 de septiembre comenzar\u00e1 la capacitaci\u00f3n \u201cSimplificando lo impositivo\u201d: Tu emprendimiento en regla<\/strong>. Desde dicha Direcci\u00f3n, a cargo de Valeria Garrido, se invita a este taller pensado para emprendedores y peque\u00f1os negocios, con el objetivo de brindar herramientas pr\u00e1cticas y conocimientos esenciales sobre:<\/p>\n\n\n\n<p><strong>-Sistema impositivo<\/strong><\/p>\n\n\n\n<p><strong>-Monotributo<br>-ARBA<br>-Municipalidad<\/strong><\/p>\n\n\n\n<figure class=\"wp-block-image size-large\"><img decoding=\"async\" width=\"819\" height=\"1024\" src=\"https:\/\/produba.com\/wp-content\/uploads\/2025\/09\/Necochea-Capacitaciones-impositiva-819x1024.jpg\" alt=\"\" class=\"wp-image-2143\" srcset=\"https:\/\/produba.com\/wp-content\/uploads\/2025\/09\/Necochea-Capacitaciones-impositiva-819x1024.jpg 819w, https:\/\/produba.com\/wp-content\/uploads\/2025\/09\/Necochea-Capacitaciones-impositiva-240x300.jpg 240w, https:\/\/produba.com\/wp-content\/uploads\/2025\/09\/Necochea-Capacitaciones-impositiva-768x960.jpg 768w, https:\/\/produba.com\/wp-content\/uploads\/2025\/09\/Necochea-Capacitaciones-impositiva-780x975.jpg 780w, https:\/\/produba.com\/wp-content\/uploads\/2025\/09\/Necochea-Capacitaciones-impositiva-600x750.jpg 600w, https:\/\/produba.com\/wp-content\/uploads\/2025\/09\/Necochea-Capacitaciones-impositiva-550x688.jpg 550w, https:\/\/produba.com\/wp-content\/uploads\/2025\/09\/Necochea-Capacitaciones-impositiva-370x463.jpg 370w, https:\/\/produba.com\/wp-content\/uploads\/2025\/09\/Necochea-Capacitaciones-impositiva-255x319.jpg 255w, https:\/\/produba.com\/wp-content\/uploads\/2025\/09\/Necochea-Capacitaciones-impositiva.jpg 1080w\" sizes=\"(max-width: 819px) 100vw, 819px\" \/><\/figure>\n\n\n\n<p>Adem\u00e1s, ser\u00e1 propicio para que los emprendedores puedan gestionar sus obligaciones fiscales, optimizar recursos y tomar decisiones informadas que fortalezcan el crecimiento de su proyecto.<\/p>\n\n\n\n<p>En tanto,&nbsp;<strong>desde el jueves 18 de septiembre comenzar\u00e1 la capacitaci\u00f3n \u201cE-commerce: gestion\u00e1 tu emprendimiento de manera digital\u201d<\/strong>, con el objetivo de brindar a los emprendedores herramientas pr\u00e1cticas que fortalezcan la gesti\u00f3n digital de sus proyectos, mejoren la comunicaci\u00f3n con sus clientes y potencien la planificaci\u00f3n de contenidos en redes sociales.<\/p>\n\n\n\n<p>En los diferentes encuentros se brindar\u00e1n herramientas para diagnosticar el negocio online; usar, Instagram, Canva y link pages; crear un cat\u00e1logo digital con links de pago; y conectar y optimizar los canales de venta. <\/p>\n\n\n\n<figure class=\"wp-block-image size-large\"><img decoding=\"async\" width=\"819\" height=\"1024\" src=\"https:\/\/produba.com\/wp-content\/uploads\/2025\/09\/Necochea-Capacitaciones-comercio-electronico-819x1024.jpg\" alt=\"\" class=\"wp-image-2142\" srcset=\"https:\/\/produba.com\/wp-content\/uploads\/2025\/09\/Necochea-Capacitaciones-comercio-electronico-819x1024.jpg 819w, https:\/\/produba.com\/wp-content\/uploads\/2025\/09\/Necochea-Capacitaciones-comercio-electronico-240x300.jpg 240w, https:\/\/produba.com\/wp-content\/uploads\/2025\/09\/Necochea-Capacitaciones-comercio-electronico-768x960.jpg 768w, https:\/\/produba.com\/wp-content\/uploads\/2025\/09\/Necochea-Capacitaciones-comercio-electronico-780x975.jpg 780w, https:\/\/produba.com\/wp-content\/uploads\/2025\/09\/Necochea-Capacitaciones-comercio-electronico-600x750.jpg 600w, https:\/\/produba.com\/wp-content\/uploads\/2025\/09\/Necochea-Capacitaciones-comercio-electronico-550x688.jpg 550w, https:\/\/produba.com\/wp-content\/uploads\/2025\/09\/Necochea-Capacitaciones-comercio-electronico-370x463.jpg 370w, https:\/\/produba.com\/wp-content\/uploads\/2025\/09\/Necochea-Capacitaciones-comercio-electronico-255x319.jpg 255w, https:\/\/produba.com\/wp-content\/uploads\/2025\/09\/Necochea-Capacitaciones-comercio-electronico.jpg 1080w\" sizes=\"(max-width: 819px) 100vw, 819px\" \/><\/figure>\n\n\n\n<p>Vale informar que ambas capacitaciones se realizar\u00e1n en la Secretar\u00eda de Turismo y Desarrollo Productivo en horario vespertino,<strong>\u00a0dando inicio a partir de las 15.30<\/strong>; tendr\u00e1n una duraci\u00f3n de cuatro clases en semanas consecutivas y\u00a0<strong>hay tiempo de inscribirse (con cupos limitados) hasta este viernes 12 de septiembre<\/strong>, mediante los c\u00f3digos QR de cada capacitaci\u00f3n.\u00a0<\/p>\n","protected":false},"excerpt":{"rendered":"<p>Desde el municipio costero informaron que la semana que viene se brindar\u00e1n talleres sobre comercio electr\u00f3nico y sistema impositivo dirigidos a emprendedores y peque\u00f1os negocios A partir de la semana que viene, se pondr\u00e1 en marcha en la Secretar\u00eda de Turismo y Desarrollo Productivo del municipio de Necochea un ciclo de capacitaciones destinadas a emprendedores &#8230;<\/p>\n","protected":false},"author":1,"featured_media":2144,"comment_status":"closed","ping_status":"closed","sticky":false,"template":"","format":"standard","meta":{"loftocean_post_format_gallery":"","loftocean_post_format_gallery_ids":"","loftocean_post_format_gallery_urls":"","loftocean_post_format_video_id":0,"loftocean_post_format_video_url":"","loftocean_post_format_video_type":"","loftocean_post_format_video":"","loftocean_post_format_audio_type":"","loftocean_post_format_audio_url":"","loftocean_post_format_audio_id":0,"loftocean_post_format_audio":"","loftocean-featured-post":"","loftocean-like-count":0,"loftocean-view-count":124,"loftocean_coauthors":"","alpaca_post_content_reading_setting":"","alpaca_reading_speed_per_minute":0,"alpaca_reading_speed_unit":"","alpaca_single_post_template_layout":""},"categories":[6,3],"tags":[32,117,253],"loftoceanMetas":{"readingTime":"2 minutos de lectura","authorName":"ProduBA","categories":[{"name":"Municipios","link":"https:\/\/produba.com\/index.php\/category\/municipios\/","count":381},{"name":"Producci\u00f3n","link":"https:\/\/produba.com\/index.php\/category\/produccion\/","count":404}],"date":"11 de septiembre de 2025","featuredImageSRC":"https:\/\/produba.com\/wp-content\/uploads\/2025\/09\/Necochea-Capacitaciones-Emprendedores-150x150.jpg"},"_links":{"self":[{"href":"https:\/\/produba.com\/index.php\/wp-json\/wp\/v2\/posts\/2141"}],"collection":[{"href":"https:\/\/produba.com\/index.php\/wp-json\/wp\/v2\/posts"}],"about":[{"href":"https:\/\/produba.com\/index.php\/wp-json\/wp\/v2\/types\/post"}],"author":[{"embeddable":true,"href":"https:\/\/produba.com\/index.php\/wp-json\/wp\/v2\/users\/1"}],"replies":[{"embeddable":true,"href":"https:\/\/produba.com\/index.php\/wp-json\/wp\/v2\/comments?post=2141"}],"version-history":[{"count":1,"href":"https:\/\/produba.com\/index.php\/wp-json\/wp\/v2\/posts\/2141\/revisions"}],"predecessor-version":[{"id":2145,"href":"https:\/\/produba.com\/index.php\/wp-json\/wp\/v2\/posts\/2141\/revisions\/2145"}],"wp:featuredmedia":[{"embeddable":true,"href":"https:\/\/produba.com\/index.php\/wp-json\/wp\/v2\/media\/2144"}],"wp:attachment":[{"href":"https:\/\/produba.com\/index.php\/wp-json\/wp\/v2\/media?parent=2141"}],"wp:term":[{"taxonomy":"category","embeddable":true,"href":"https:\/\/produba.com\/index.php\/wp-json\/wp\/v2\/categories?post=2141"},{"taxonomy":"post_tag","embeddable":true,"href":"https:\/\/produba.com\/index.php\/wp-json\/wp\/v2\/tags?post=2141"}],"curies":[{"name":"wp","href":"https:\/\/api.w.org\/{rel}","templated":true}]}}