{"id":2134,"date":"2025-09-09T17:58:41","date_gmt":"2025-09-09T20:58:41","guid":{"rendered":"https:\/\/produba.com\/?p=2134"},"modified":"2025-09-09T17:58:42","modified_gmt":"2025-09-09T20:58:42","slug":"moron-celebro-el-dia-de-la-industria-con-empresarios-locales","status":"publish","type":"post","link":"https:\/\/produba.com\/index.php\/2025\/09\/09\/moron-celebro-el-dia-de-la-industria-con-empresarios-locales\/","title":{"rendered":"Mor\u00f3n celebr\u00f3 el D\u00eda de la Industria con empresarios locales"},"content":{"rendered":"\n<h5>El intendente Lucas Ghi mantuvo una reuni\u00f3n de trabajo con el sector productivo local para acordar una agenda de trabajo en conjunto, fortalecer la producci\u00f3n y la generaci\u00f3n de trabajo en el distrito<\/h5>\n\n\n\n<p><strong>En el marco del D\u00eda de la Industria, el intendente de Mor\u00f3n, Lucas Ghi, se reuni\u00f3 con empresarios locales para dialogar sobre una agenda de trabajo en conjunto con todo el sector industrial.<\/strong><\/p>\n\n\n\n<blockquote class=\"instagram-media\" data-instgrm-captioned data-instgrm-permalink=\"https:\/\/www.instagram.com\/p\/DOO1rP_k2GB\/?utm_source=ig_embed&amp;utm_campaign=loading\" data-instgrm-version=\"14\" style=\" background:#FFF; border:0; border-radius:3px; box-shadow:0 0 1px 0 rgba(0,0,0,0.5),0 1px 10px 0 rgba(0,0,0,0.15); margin: 1px; max-width:540px; min-width:326px; padding:0; width:99.375%; width:-webkit-calc(100% - 2px); width:calc(100% - 2px);\"><div style=\"padding:16px;\"> <a href=\"https:\/\/www.instagram.com\/p\/DOO1rP_k2GB\/?utm_source=ig_embed&amp;utm_campaign=loading\" style=\" background:#FFFFFF; line-height:0; padding:0 0; text-align:center; text-decoration:none; width:100%;\" target=\"_blank\" rel=\"noopener\"> <div style=\" display: flex; flex-direction: row; align-items: center;\"> <div style=\"background-color: #F4F4F4; border-radius: 50%; flex-grow: 0; height: 40px; margin-right: 14px; width: 40px;\"><\/div> <div style=\"display: flex; flex-direction: column; flex-grow: 1; justify-content: center;\"> <div style=\" background-color: #F4F4F4; border-radius: 4px; flex-grow: 0; height: 14px; margin-bottom: 6px; width: 100px;\"><\/div> <div style=\" background-color: #F4F4F4; border-radius: 4px; flex-grow: 0; height: 14px; width: 60px;\"><\/div><\/div><\/div><div style=\"padding: 19% 0;\"><\/div> <div style=\"display:block; height:50px; margin:0 auto 12px; width:50px;\"><svg width=\"50px\" height=\"50px\" viewBox=\"0 0 60 60\" version=\"1.1\" xmlns=\"https:\/\/www.w3.org\/2000\/svg\" xmlns:xlink=\"https:\/\/www.w3.org\/1999\/xlink\"><g stroke=\"none\" stroke-width=\"1\" fill=\"none\" fill-rule=\"evenodd\"><g transform=\"translate(-511.000000, -20.000000)\" fill=\"#000000\"><g><path d=\"M556.869,30.41 C554.814,30.41 553.148,32.076 553.148,34.131 C553.148,36.186 554.814,37.852 556.869,37.852 C558.924,37.852 560.59,36.186 560.59,34.131 C560.59,32.076 558.924,30.41 556.869,30.41 M541,60.657 C535.114,60.657 530.342,55.887 530.342,50 C530.342,44.114 535.114,39.342 541,39.342 C546.887,39.342 551.658,44.114 551.658,50 C551.658,55.887 546.887,60.657 541,60.657 M541,33.886 C532.1,33.886 524.886,41.1 524.886,50 C524.886,58.899 532.1,66.113 541,66.113 C549.9,66.113 557.115,58.899 557.115,50 C557.115,41.1 549.9,33.886 541,33.886 M565.378,62.101 C565.244,65.022 564.756,66.606 564.346,67.663 C563.803,69.06 563.154,70.057 562.106,71.106 C561.058,72.155 560.06,72.803 558.662,73.347 C557.607,73.757 556.021,74.244 553.102,74.378 C549.944,74.521 548.997,74.552 541,74.552 C533.003,74.552 532.056,74.521 528.898,74.378 C525.979,74.244 524.393,73.757 523.338,73.347 C521.94,72.803 520.942,72.155 519.894,71.106 C518.846,70.057 518.197,69.06 517.654,67.663 C517.244,66.606 516.755,65.022 516.623,62.101 C516.479,58.943 516.448,57.996 516.448,50 C516.448,42.003 516.479,41.056 516.623,37.899 C516.755,34.978 517.244,33.391 517.654,32.338 C518.197,30.938 518.846,29.942 519.894,28.894 C520.942,27.846 521.94,27.196 523.338,26.654 C524.393,26.244 525.979,25.756 528.898,25.623 C532.057,25.479 533.004,25.448 541,25.448 C548.997,25.448 549.943,25.479 553.102,25.623 C556.021,25.756 557.607,26.244 558.662,26.654 C560.06,27.196 561.058,27.846 562.106,28.894 C563.154,29.942 563.803,30.938 564.346,32.338 C564.756,33.391 565.244,34.978 565.378,37.899 C565.522,41.056 565.552,42.003 565.552,50 C565.552,57.996 565.522,58.943 565.378,62.101 M570.82,37.631 C570.674,34.438 570.167,32.258 569.425,30.349 C568.659,28.377 567.633,26.702 565.965,25.035 C564.297,23.368 562.623,22.342 560.652,21.575 C558.743,20.834 556.562,20.326 553.369,20.18 C550.169,20.033 549.148,20 541,20 C532.853,20 531.831,20.033 528.631,20.18 C525.438,20.326 523.257,20.834 521.349,21.575 C519.376,22.342 517.703,23.368 516.035,25.035 C514.368,26.702 513.342,28.377 512.574,30.349 C511.834,32.258 511.326,34.438 511.181,37.631 C511.035,40.831 511,41.851 511,50 C511,58.147 511.035,59.17 511.181,62.369 C511.326,65.562 511.834,67.743 512.574,69.651 C513.342,71.625 514.368,73.296 516.035,74.965 C517.703,76.634 519.376,77.658 521.349,78.425 C523.257,79.167 525.438,79.673 528.631,79.82 C531.831,79.965 532.853,80.001 541,80.001 C549.148,80.001 550.169,79.965 553.369,79.82 C556.562,79.673 558.743,79.167 560.652,78.425 C562.623,77.658 564.297,76.634 565.965,74.965 C567.633,73.296 568.659,71.625 569.425,69.651 C570.167,67.743 570.674,65.562 570.82,62.369 C570.966,59.17 571,58.147 571,50 C571,41.851 570.966,40.831 570.82,37.631\"><\/path><\/g><\/g><\/g><\/svg><\/div><div style=\"padding-top: 8px;\"> <div style=\" color:#3897f0; font-family:Arial,sans-serif; font-size:14px; font-style:normal; font-weight:550; line-height:18px;\">Ver esta publicaci\u00f3n en Instagram<\/div><\/div><div style=\"padding: 12.5% 0;\"><\/div> <div style=\"display: flex; flex-direction: row; margin-bottom: 14px; align-items: center;\"><div> <div style=\"background-color: #F4F4F4; border-radius: 50%; height: 12.5px; width: 12.5px; transform: translateX(0px) translateY(7px);\"><\/div> <div style=\"background-color: #F4F4F4; height: 12.5px; transform: rotate(-45deg) translateX(3px) translateY(1px); width: 12.5px; flex-grow: 0; margin-right: 14px; margin-left: 2px;\"><\/div> <div style=\"background-color: #F4F4F4; border-radius: 50%; height: 12.5px; width: 12.5px; transform: translateX(9px) translateY(-18px);\"><\/div><\/div><div style=\"margin-left: 8px;\"> <div style=\" background-color: #F4F4F4; border-radius: 50%; flex-grow: 0; height: 20px; width: 20px;\"><\/div> <div style=\" width: 0; height: 0; border-top: 2px solid transparent; border-left: 6px solid #f4f4f4; border-bottom: 2px solid transparent; transform: translateX(16px) translateY(-4px) rotate(30deg)\"><\/div><\/div><div style=\"margin-left: auto;\"> <div style=\" width: 0px; border-top: 8px solid #F4F4F4; border-right: 8px solid transparent; transform: translateY(16px);\"><\/div> <div style=\" background-color: #F4F4F4; flex-grow: 0; height: 12px; width: 16px; transform: translateY(-4px);\"><\/div> <div style=\" width: 0; height: 0; border-top: 8px solid #F4F4F4; border-left: 8px solid transparent; transform: translateY(-4px) translateX(8px);\"><\/div><\/div><\/div> <div style=\"display: flex; flex-direction: column; flex-grow: 1; justify-content: center; margin-bottom: 24px;\"> <div style=\" background-color: #F4F4F4; border-radius: 4px; flex-grow: 0; height: 14px; margin-bottom: 6px; width: 224px;\"><\/div> <div style=\" background-color: #F4F4F4; border-radius: 4px; flex-grow: 0; height: 14px; width: 144px;\"><\/div><\/div><\/a><p style=\" color:#c9c8cd; font-family:Arial,sans-serif; font-size:14px; line-height:17px; margin-bottom:0; margin-top:8px; overflow:hidden; padding:8px 0 7px; text-align:center; text-overflow:ellipsis; white-space:nowrap;\"><a href=\"https:\/\/www.instagram.com\/p\/DOO1rP_k2GB\/?utm_source=ig_embed&amp;utm_campaign=loading\" style=\" color:#c9c8cd; font-family:Arial,sans-serif; font-size:14px; font-style:normal; font-weight:normal; line-height:17px; text-decoration:none;\" target=\"_blank\" rel=\"noopener\">Una publicaci\u00f3n compartida por Municipio de Moro\u0301n (@munidemoron)<\/a><\/p><\/div><\/blockquote>\n<script async src=\"\/\/www.instagram.com\/embed.js\"><\/script>\n\n\n\n<p><strong>El espacio<\/strong>, que encabez\u00f3 el jefe comunal, <strong>sirvi\u00f3 para realizar un balance de lo trabajado en la primera parte del a\u00f1o y evaluar las pol\u00edticas p\u00fablicas implementadas desde el Estado local y provincial.<\/strong> Lo que convierte a este tipo de encuentros en fundamentales para la <strong>articulaci\u00f3n y afianzamiento de los lazos entre el sector p\u00fablico y el privado.<\/strong><\/p>\n\n\n\n<figure class=\"wp-block-image size-large\"><img decoding=\"async\" width=\"1024\" height=\"682\" src=\"https:\/\/produba.com\/wp-content\/uploads\/2025\/09\/moron-dia-de-la-industria-2-1024x682.jpeg\" alt=\"\" class=\"wp-image-2138\" srcset=\"https:\/\/produba.com\/wp-content\/uploads\/2025\/09\/moron-dia-de-la-industria-2-1024x682.jpeg 1024w, https:\/\/produba.com\/wp-content\/uploads\/2025\/09\/moron-dia-de-la-industria-2-300x200.jpeg 300w, https:\/\/produba.com\/wp-content\/uploads\/2025\/09\/moron-dia-de-la-industria-2-768x512.jpeg 768w, https:\/\/produba.com\/wp-content\/uploads\/2025\/09\/moron-dia-de-la-industria-2-1200x800.jpeg 1200w, https:\/\/produba.com\/wp-content\/uploads\/2025\/09\/moron-dia-de-la-industria-2-780x520.jpeg 780w, https:\/\/produba.com\/wp-content\/uploads\/2025\/09\/moron-dia-de-la-industria-2-600x400.jpeg 600w, https:\/\/produba.com\/wp-content\/uploads\/2025\/09\/moron-dia-de-la-industria-2-550x367.jpeg 550w, https:\/\/produba.com\/wp-content\/uploads\/2025\/09\/moron-dia-de-la-industria-2-370x247.jpeg 370w, https:\/\/produba.com\/wp-content\/uploads\/2025\/09\/moron-dia-de-la-industria-2-255x170.jpeg 255w, https:\/\/produba.com\/wp-content\/uploads\/2025\/09\/moron-dia-de-la-industria-2.jpeg 1280w\" sizes=\"(max-width: 1024px) 100vw, 1024px\" \/><\/figure>\n\n\n\n<p><strong>En ese marco se discuti\u00f3 sobre una iniciativa del Ejecutivo local para promover el Programa de Incentivos Fiscales para la Promoci\u00f3n de la Producci\u00f3n, la Competitividad Industrial y el Empleo Local (SIPROCIEL).<\/strong><\/p>\n\n\n\n<figure class=\"wp-block-image size-large\"><img decoding=\"async\" width=\"1024\" height=\"682\" src=\"https:\/\/produba.com\/wp-content\/uploads\/2025\/09\/moron-dia-de-la-industria-4-1024x682.jpeg\" alt=\"\" class=\"wp-image-2136\" srcset=\"https:\/\/produba.com\/wp-content\/uploads\/2025\/09\/moron-dia-de-la-industria-4-1024x682.jpeg 1024w, https:\/\/produba.com\/wp-content\/uploads\/2025\/09\/moron-dia-de-la-industria-4-300x200.jpeg 300w, https:\/\/produba.com\/wp-content\/uploads\/2025\/09\/moron-dia-de-la-industria-4-768x512.jpeg 768w, https:\/\/produba.com\/wp-content\/uploads\/2025\/09\/moron-dia-de-la-industria-4-1200x800.jpeg 1200w, https:\/\/produba.com\/wp-content\/uploads\/2025\/09\/moron-dia-de-la-industria-4-780x520.jpeg 780w, https:\/\/produba.com\/wp-content\/uploads\/2025\/09\/moron-dia-de-la-industria-4-600x400.jpeg 600w, https:\/\/produba.com\/wp-content\/uploads\/2025\/09\/moron-dia-de-la-industria-4-550x367.jpeg 550w, https:\/\/produba.com\/wp-content\/uploads\/2025\/09\/moron-dia-de-la-industria-4-370x247.jpeg 370w, https:\/\/produba.com\/wp-content\/uploads\/2025\/09\/moron-dia-de-la-industria-4-255x170.jpeg 255w, https:\/\/produba.com\/wp-content\/uploads\/2025\/09\/moron-dia-de-la-industria-4.jpeg 1280w\" sizes=\"(max-width: 1024px) 100vw, 1024px\" \/><figcaption class=\"wp-element-caption\">El intendente de Mor\u00f3n, Lucas Ghi, encabez\u00f3 el encuentro con empresarios locales<\/figcaption><\/figure>\n\n\n\n<p>El proyecto, enviado al Honorable Concejo Deliberante (HCD) local, tiene como finalidad fortalecer el sector productivo y empresarial del distrito, acompa\u00f1ar el desarrollo de las unidades de negocio ya instaladas en la comuna y, al mismo tiempo, fomentar la creaci\u00f3n de empleo local.<\/p>\n\n\n\n<figure class=\"wp-block-image size-large\"><img decoding=\"async\" width=\"1024\" height=\"682\" src=\"https:\/\/produba.com\/wp-content\/uploads\/2025\/09\/moron-dia-de-la-industria-5-1024x682.jpeg\" alt=\"\" class=\"wp-image-2135\" srcset=\"https:\/\/produba.com\/wp-content\/uploads\/2025\/09\/moron-dia-de-la-industria-5-1024x682.jpeg 1024w, https:\/\/produba.com\/wp-content\/uploads\/2025\/09\/moron-dia-de-la-industria-5-300x200.jpeg 300w, https:\/\/produba.com\/wp-content\/uploads\/2025\/09\/moron-dia-de-la-industria-5-768x512.jpeg 768w, https:\/\/produba.com\/wp-content\/uploads\/2025\/09\/moron-dia-de-la-industria-5-1200x800.jpeg 1200w, https:\/\/produba.com\/wp-content\/uploads\/2025\/09\/moron-dia-de-la-industria-5-780x520.jpeg 780w, https:\/\/produba.com\/wp-content\/uploads\/2025\/09\/moron-dia-de-la-industria-5-600x400.jpeg 600w, https:\/\/produba.com\/wp-content\/uploads\/2025\/09\/moron-dia-de-la-industria-5-550x367.jpeg 550w, https:\/\/produba.com\/wp-content\/uploads\/2025\/09\/moron-dia-de-la-industria-5-370x247.jpeg 370w, https:\/\/produba.com\/wp-content\/uploads\/2025\/09\/moron-dia-de-la-industria-5-255x170.jpeg 255w, https:\/\/produba.com\/wp-content\/uploads\/2025\/09\/moron-dia-de-la-industria-5.jpeg 1280w\" sizes=\"(max-width: 1024px) 100vw, 1024px\" \/><\/figure>\n\n\n\n<p>Con esta medida, los emprendimientos radicados en Mor\u00f3n podr\u00e1n acceder a un cr\u00e9dito fiscal. Estos fondos podr\u00e1n destinarse a capacitaciones de corto plazo vinculadas con la producci\u00f3n, asistencia t\u00e9cnica para la implementaci\u00f3n de herramientas o tecnolog\u00edas que mejoren la competitividad de la empresa, y a la contrataci\u00f3n formal de trabajadores y trabajadoras que residan en el distrito.<\/p>\n\n\n\n<figure class=\"wp-block-image size-large\"><img decoding=\"async\" width=\"1024\" height=\"682\" src=\"https:\/\/produba.com\/wp-content\/uploads\/2025\/09\/moron-dia-de-la-industria-3-1024x682.jpeg\" alt=\"\" class=\"wp-image-2137\" srcset=\"https:\/\/produba.com\/wp-content\/uploads\/2025\/09\/moron-dia-de-la-industria-3-1024x682.jpeg 1024w, https:\/\/produba.com\/wp-content\/uploads\/2025\/09\/moron-dia-de-la-industria-3-300x200.jpeg 300w, https:\/\/produba.com\/wp-content\/uploads\/2025\/09\/moron-dia-de-la-industria-3-768x512.jpeg 768w, https:\/\/produba.com\/wp-content\/uploads\/2025\/09\/moron-dia-de-la-industria-3-1200x800.jpeg 1200w, https:\/\/produba.com\/wp-content\/uploads\/2025\/09\/moron-dia-de-la-industria-3-780x520.jpeg 780w, https:\/\/produba.com\/wp-content\/uploads\/2025\/09\/moron-dia-de-la-industria-3-600x400.jpeg 600w, https:\/\/produba.com\/wp-content\/uploads\/2025\/09\/moron-dia-de-la-industria-3-550x367.jpeg 550w, https:\/\/produba.com\/wp-content\/uploads\/2025\/09\/moron-dia-de-la-industria-3-370x247.jpeg 370w, https:\/\/produba.com\/wp-content\/uploads\/2025\/09\/moron-dia-de-la-industria-3-255x170.jpeg 255w, https:\/\/produba.com\/wp-content\/uploads\/2025\/09\/moron-dia-de-la-industria-3.jpeg 1280w\" sizes=\"(max-width: 1024px) 100vw, 1024px\" \/><\/figure>\n\n\n\n<p>Acompa\u00f1aron al jefe comunal la secretaria de Unidad Intendente, Estefan\u00eda Franco; el secretario de Educaci\u00f3n y Desarrollo de la Comunidad, Jos\u00e9 Mar\u00eda Ghi; el secretario de Desarrollo Productivo, Santiago Mu\u00f1iz; la secretaria de Desarrollo Local, Empleo y Econom\u00eda Social, Eugenia Navarro; y el secretario de Econom\u00eda y Finanzas, Guido Napolitano. Tambi\u00e9n estuvieron presentes los subsecretarios provinciales de Desarrollo Comercial y Promoci\u00f3n de Inversiones, Ariel Aguilar; de Industria y PYMES, Mariela Bembi; y de Coordinaci\u00f3n Institucional del Ministerio de Desarrollo de la Comunidad, Adri\u00e1n Grana; junto al presidente de la Uni\u00f3n Industrial del Oeste (UIO), Edgardo G\u00e1mbaro.<\/p>\n","protected":false},"excerpt":{"rendered":"<p>El intendente Lucas Ghi mantuvo una reuni\u00f3n de trabajo con el sector productivo local para acordar una agenda de trabajo en conjunto, fortalecer la producci\u00f3n y la generaci\u00f3n de trabajo en el distrito En el marco del D\u00eda de la Industria, el intendente de Mor\u00f3n, Lucas Ghi, se reuni\u00f3 con empresarios locales para dialogar sobre &#8230;<\/p>\n","protected":false},"author":1,"featured_media":2139,"comment_status":"closed","ping_status":"closed","sticky":false,"template":"","format":"standard","meta":{"loftocean_post_format_gallery":"","loftocean_post_format_gallery_ids":"","loftocean_post_format_gallery_urls":"","loftocean_post_format_video_id":0,"loftocean_post_format_video_url":"","loftocean_post_format_video_type":"","loftocean_post_format_video":"","loftocean_post_format_audio_type":"","loftocean_post_format_audio_url":"","loftocean_post_format_audio_id":0,"loftocean_post_format_audio":"","loftocean-featured-post":"","loftocean-like-count":0,"loftocean-view-count":115,"loftocean_coauthors":"","alpaca_post_content_reading_setting":"","alpaca_reading_speed_per_minute":0,"alpaca_reading_speed_unit":"","alpaca_single_post_template_layout":""},"categories":[4,6,3],"tags":[171,64,63,42],"loftoceanMetas":{"readingTime":"2 minutos de lectura","authorName":"ProduBA","categories":[{"name":"Desarrollo Local","link":"https:\/\/produba.com\/index.php\/category\/desarrollo_local\/","count":199},{"name":"Municipios","link":"https:\/\/produba.com\/index.php\/category\/municipios\/","count":381},{"name":"Producci\u00f3n","link":"https:\/\/produba.com\/index.php\/category\/produccion\/","count":404}],"date":"9 de septiembre de 2025","featuredImageSRC":"https:\/\/produba.com\/wp-content\/uploads\/2025\/09\/moron-dia-de-la-industria-1-150x150.jpeg"},"_links":{"self":[{"href":"https:\/\/produba.com\/index.php\/wp-json\/wp\/v2\/posts\/2134"}],"collection":[{"href":"https:\/\/produba.com\/index.php\/wp-json\/wp\/v2\/posts"}],"about":[{"href":"https:\/\/produba.com\/index.php\/wp-json\/wp\/v2\/types\/post"}],"author":[{"embeddable":true,"href":"https:\/\/produba.com\/index.php\/wp-json\/wp\/v2\/users\/1"}],"replies":[{"embeddable":true,"href":"https:\/\/produba.com\/index.php\/wp-json\/wp\/v2\/comments?post=2134"}],"version-history":[{"count":1,"href":"https:\/\/produba.com\/index.php\/wp-json\/wp\/v2\/posts\/2134\/revisions"}],"predecessor-version":[{"id":2140,"href":"https:\/\/produba.com\/index.php\/wp-json\/wp\/v2\/posts\/2134\/revisions\/2140"}],"wp:featuredmedia":[{"embeddable":true,"href":"https:\/\/produba.com\/index.php\/wp-json\/wp\/v2\/media\/2139"}],"wp:attachment":[{"href":"https:\/\/produba.com\/index.php\/wp-json\/wp\/v2\/media?parent=2134"}],"wp:term":[{"taxonomy":"category","embeddable":true,"href":"https:\/\/produba.com\/index.php\/wp-json\/wp\/v2\/categories?post=2134"},{"taxonomy":"post_tag","embeddable":true,"href":"https:\/\/produba.com\/index.php\/wp-json\/wp\/v2\/tags?post=2134"}],"curies":[{"name":"wp","href":"https:\/\/api.w.org\/{rel}","templated":true}]}}