{"id":2129,"date":"2025-09-08T12:46:00","date_gmt":"2025-09-08T15:46:00","guid":{"rendered":"https:\/\/produba.com\/?p=2129"},"modified":"2025-09-08T12:46:01","modified_gmt":"2025-09-08T15:46:01","slug":"la-plata-entregaron-certificados-a-participantes-de-la-incubadora-de-emprendimientos","status":"publish","type":"post","link":"https:\/\/produba.com\/index.php\/2025\/09\/08\/la-plata-entregaron-certificados-a-participantes-de-la-incubadora-de-emprendimientos\/","title":{"rendered":"La Plata: entregaron certificados a participantes de la Incubadora de Emprendimientos"},"content":{"rendered":"\n<h5>Fue durante el acto de cierre del programa que acompa\u00f1a a proyectos bonaerenses con formaci\u00f3n, asesoramiento y financiamiento productivo<\/h5>\n\n\n\n<p><strong>En el Centro Cultural y de la Memoria Islas Malvinas de la ciudad de La Plata, el pasado s\u00e1bado se llev\u00f3 a cabo el acto de cierre de la Incubadora de Emprendimientos, con la entrega de certificados a quienes completaron el programa. El encuentro reuni\u00f3 a emprendedores, equipos t\u00e9cnicos y autoridades en una jornada que celebr\u00f3 el crecimiento de los proyectos incubados.<\/strong><\/p>\n\n\n\n<p><strong>En esta edici\u00f3n se postularon 19 emprendimientos de la capital bonaerense, de los cuales 16 completaron el programa, accediendo a instancias de formaci\u00f3n, asesoramiento t\u00e9cnico y acompa\u00f1amiento personalizado. Adem\u00e1s, se generaron v\u00ednculos institucionales clave.<\/strong><\/p>\n\n\n\n<p>Como parte del acompa\u00f1amiento integral, tambi\u00e9n se brind\u00f3 asistencia para acceder a herramientas de financiamiento productivo. <strong>Cuatro emprendimientos de la ciudad lograron obtener recursos para impulsar sus iniciativas<\/strong>, mostrando el impacto positivo del asesoramiento t\u00e9cnico brindado durante el proceso.<\/p>\n\n\n\n<figure class=\"wp-block-image size-full\"><img decoding=\"async\" width=\"1024\" height=\"640\" src=\"https:\/\/produba.com\/wp-content\/uploads\/2025\/09\/Incubadora-de-Emprendimientos-en-La-Plata-02.jpeg\" alt=\"\" class=\"wp-image-2131\" srcset=\"https:\/\/produba.com\/wp-content\/uploads\/2025\/09\/Incubadora-de-Emprendimientos-en-La-Plata-02.jpeg 1024w, https:\/\/produba.com\/wp-content\/uploads\/2025\/09\/Incubadora-de-Emprendimientos-en-La-Plata-02-300x188.jpeg 300w, https:\/\/produba.com\/wp-content\/uploads\/2025\/09\/Incubadora-de-Emprendimientos-en-La-Plata-02-768x480.jpeg 768w, https:\/\/produba.com\/wp-content\/uploads\/2025\/09\/Incubadora-de-Emprendimientos-en-La-Plata-02-780x488.jpeg 780w, https:\/\/produba.com\/wp-content\/uploads\/2025\/09\/Incubadora-de-Emprendimientos-en-La-Plata-02-600x375.jpeg 600w, https:\/\/produba.com\/wp-content\/uploads\/2025\/09\/Incubadora-de-Emprendimientos-en-La-Plata-02-550x344.jpeg 550w, https:\/\/produba.com\/wp-content\/uploads\/2025\/09\/Incubadora-de-Emprendimientos-en-La-Plata-02-370x231.jpeg 370w, https:\/\/produba.com\/wp-content\/uploads\/2025\/09\/Incubadora-de-Emprendimientos-en-La-Plata-02-255x159.jpeg 255w\" sizes=\"(max-width: 1024px) 100vw, 1024px\" \/><\/figure>\n\n\n\n<p>La diversidad de propuestas fue otro de los puntos sobresalientes: se incubaron proyectos de rubros que van desde la tecnolog\u00eda y la manufactura hasta la gastronom\u00eda, los servicios y el comercio local, lo que dej\u00f3 en evidencia el dinamismo y la riqueza del ecosistema emprendedor de la zona.<\/p>\n\n\n\n<p>Durante el programa se teste\u00f3 una aplicaci\u00f3n de gesti\u00f3n, dise\u00f1ada en el marco de la Mesa de Emprendedores Platenses, para simplificar la administraci\u00f3n de los emprendimientos. La herramienta permite controlar costos y ventas, organizar proveedores y clientes, planificar la producci\u00f3n y anticipar tendencias de consumo, ofreciendo una soluci\u00f3n accesible y estrat\u00e9gica para el d\u00eda a d\u00eda. <\/p>\n\n\n\n<p>El cierre de la incubadora dise\u00f1ada por el Gobierno provincial fue tambi\u00e9n una oportunidad para proyectar nuevos desaf\u00edos. M\u00e1s all\u00e1 de los logros alcanzados, el objetivo es continuar generando oportunidades para quienes producen, innovan y emprenden, consolidando un entramado productivo m\u00e1s s\u00f3lido y diverso.<\/p>\n","protected":false},"excerpt":{"rendered":"<p>Fue durante el acto de cierre del programa que acompa\u00f1a a proyectos bonaerenses con formaci\u00f3n, asesoramiento y financiamiento productivo En el Centro Cultural y de la Memoria Islas Malvinas de la ciudad de La Plata, el pasado s\u00e1bado se llev\u00f3 a cabo el acto de cierre de la Incubadora de Emprendimientos, con la entrega de &#8230;<\/p>\n","protected":false},"author":1,"featured_media":2130,"comment_status":"closed","ping_status":"closed","sticky":false,"template":"","format":"standard","meta":{"loftocean_post_format_gallery":"","loftocean_post_format_gallery_ids":"","loftocean_post_format_gallery_urls":"","loftocean_post_format_video_id":0,"loftocean_post_format_video_url":"","loftocean_post_format_video_type":"","loftocean_post_format_video":"","loftocean_post_format_audio_type":"","loftocean_post_format_audio_url":"","loftocean_post_format_audio_id":0,"loftocean_post_format_audio":"","loftocean-featured-post":"","loftocean-like-count":0,"loftocean-view-count":126,"loftocean_coauthors":"","alpaca_post_content_reading_setting":"","alpaca_reading_speed_per_minute":0,"alpaca_reading_speed_unit":"","alpaca_single_post_template_layout":""},"categories":[6,3],"tags":[117,443,262],"loftoceanMetas":{"readingTime":"2 minutos de lectura","authorName":"ProduBA","categories":[{"name":"Municipios","link":"https:\/\/produba.com\/index.php\/category\/municipios\/","count":380},{"name":"Producci\u00f3n","link":"https:\/\/produba.com\/index.php\/category\/produccion\/","count":403}],"date":"8 de septiembre de 2025","featuredImageSRC":"https:\/\/produba.com\/wp-content\/uploads\/2025\/09\/Incubadora-de-Emprendimientos-en-La-Plata-01-150x150.jpeg"},"_links":{"self":[{"href":"https:\/\/produba.com\/index.php\/wp-json\/wp\/v2\/posts\/2129"}],"collection":[{"href":"https:\/\/produba.com\/index.php\/wp-json\/wp\/v2\/posts"}],"about":[{"href":"https:\/\/produba.com\/index.php\/wp-json\/wp\/v2\/types\/post"}],"author":[{"embeddable":true,"href":"https:\/\/produba.com\/index.php\/wp-json\/wp\/v2\/users\/1"}],"replies":[{"embeddable":true,"href":"https:\/\/produba.com\/index.php\/wp-json\/wp\/v2\/comments?post=2129"}],"version-history":[{"count":1,"href":"https:\/\/produba.com\/index.php\/wp-json\/wp\/v2\/posts\/2129\/revisions"}],"predecessor-version":[{"id":2132,"href":"https:\/\/produba.com\/index.php\/wp-json\/wp\/v2\/posts\/2129\/revisions\/2132"}],"wp:featuredmedia":[{"embeddable":true,"href":"https:\/\/produba.com\/index.php\/wp-json\/wp\/v2\/media\/2130"}],"wp:attachment":[{"href":"https:\/\/produba.com\/index.php\/wp-json\/wp\/v2\/media?parent=2129"}],"wp:term":[{"taxonomy":"category","embeddable":true,"href":"https:\/\/produba.com\/index.php\/wp-json\/wp\/v2\/categories?post=2129"},{"taxonomy":"post_tag","embeddable":true,"href":"https:\/\/produba.com\/index.php\/wp-json\/wp\/v2\/tags?post=2129"}],"curies":[{"name":"wp","href":"https:\/\/api.w.org\/{rel}","templated":true}]}}