{"id":2123,"date":"2025-09-05T14:44:15","date_gmt":"2025-09-05T17:44:15","guid":{"rendered":"https:\/\/produba.com\/?p=2123"},"modified":"2025-09-05T14:44:15","modified_gmt":"2025-09-05T17:44:15","slug":"pymes-cooperativas-y-empresas-participaron-de-una-ronda-de-negocios-en-avellaneda","status":"publish","type":"post","link":"https:\/\/produba.com\/index.php\/2025\/09\/05\/pymes-cooperativas-y-empresas-participaron-de-una-ronda-de-negocios-en-avellaneda\/","title":{"rendered":"Pymes, cooperativas y empresas participaron de una Ronda de Negocios en Avellaneda"},"content":{"rendered":"\n<h5>El ministro de Producci\u00f3n de la Provincia y el intendente local encabezaron el encuentro que cont\u00f3 con 250 empresas locales inscriptas. Desde 2022, la Provincia ya realiz\u00f3 92 Rondas en las cuales participaron m\u00e1s de 20.000 unidades productivas<\/h5>\n\n\n\n<p><strong>El ministro de Producci\u00f3n, Ciencia e Innovaci\u00f3n Tecnol\u00f3gica de la provincia de Buenos Aires, Augusto Costa, encabez\u00f3 el pasado martes junto al intendente de Avellaneda, Jorge Ferraresi, una nueva Ronda de Negocios, que cont\u00f3 con 250 pymes, cooperativas y grandes empresas de la zona inscriptas y tuvo lugar en el marco de la Expo Avellaneda Productiva 2025<\/strong>, en el Parque Municipal Multiprop\u00f3sito La Estaci\u00f3n, donde los empresarios participantes concretaron m\u00e1s de 1.300 entrevistas de negocios.<\/p>\n\n\n\n<blockquote class=\"instagram-media\" data-instgrm-captioned data-instgrm-permalink=\"https:\/\/www.instagram.com\/p\/DOHAxjQDyeK\/?utm_source=ig_embed&amp;utm_campaign=loading\" data-instgrm-version=\"14\" style=\" background:#FFF; border:0; border-radius:3px; box-shadow:0 0 1px 0 rgba(0,0,0,0.5),0 1px 10px 0 rgba(0,0,0,0.15); margin: 1px; max-width:540px; min-width:326px; padding:0; width:99.375%; width:-webkit-calc(100% - 2px); width:calc(100% - 2px);\"><div style=\"padding:16px;\"> <a href=\"https:\/\/www.instagram.com\/p\/DOHAxjQDyeK\/?utm_source=ig_embed&amp;utm_campaign=loading\" style=\" background:#FFFFFF; line-height:0; padding:0 0; text-align:center; text-decoration:none; width:100%;\" target=\"_blank\" rel=\"noopener\"> <div style=\" display: flex; flex-direction: row; align-items: center;\"> <div style=\"background-color: #F4F4F4; border-radius: 50%; flex-grow: 0; height: 40px; margin-right: 14px; width: 40px;\"><\/div> <div style=\"display: flex; flex-direction: column; flex-grow: 1; justify-content: center;\"> <div style=\" background-color: #F4F4F4; border-radius: 4px; flex-grow: 0; height: 14px; margin-bottom: 6px; width: 100px;\"><\/div> <div style=\" background-color: #F4F4F4; border-radius: 4px; flex-grow: 0; height: 14px; width: 60px;\"><\/div><\/div><\/div><div style=\"padding: 19% 0;\"><\/div> <div style=\"display:block; height:50px; margin:0 auto 12px; width:50px;\"><svg width=\"50px\" height=\"50px\" viewBox=\"0 0 60 60\" version=\"1.1\" xmlns=\"https:\/\/www.w3.org\/2000\/svg\" xmlns:xlink=\"https:\/\/www.w3.org\/1999\/xlink\"><g stroke=\"none\" stroke-width=\"1\" fill=\"none\" fill-rule=\"evenodd\"><g transform=\"translate(-511.000000, -20.000000)\" fill=\"#000000\"><g><path d=\"M556.869,30.41 C554.814,30.41 553.148,32.076 553.148,34.131 C553.148,36.186 554.814,37.852 556.869,37.852 C558.924,37.852 560.59,36.186 560.59,34.131 C560.59,32.076 558.924,30.41 556.869,30.41 M541,60.657 C535.114,60.657 530.342,55.887 530.342,50 C530.342,44.114 535.114,39.342 541,39.342 C546.887,39.342 551.658,44.114 551.658,50 C551.658,55.887 546.887,60.657 541,60.657 M541,33.886 C532.1,33.886 524.886,41.1 524.886,50 C524.886,58.899 532.1,66.113 541,66.113 C549.9,66.113 557.115,58.899 557.115,50 C557.115,41.1 549.9,33.886 541,33.886 M565.378,62.101 C565.244,65.022 564.756,66.606 564.346,67.663 C563.803,69.06 563.154,70.057 562.106,71.106 C561.058,72.155 560.06,72.803 558.662,73.347 C557.607,73.757 556.021,74.244 553.102,74.378 C549.944,74.521 548.997,74.552 541,74.552 C533.003,74.552 532.056,74.521 528.898,74.378 C525.979,74.244 524.393,73.757 523.338,73.347 C521.94,72.803 520.942,72.155 519.894,71.106 C518.846,70.057 518.197,69.06 517.654,67.663 C517.244,66.606 516.755,65.022 516.623,62.101 C516.479,58.943 516.448,57.996 516.448,50 C516.448,42.003 516.479,41.056 516.623,37.899 C516.755,34.978 517.244,33.391 517.654,32.338 C518.197,30.938 518.846,29.942 519.894,28.894 C520.942,27.846 521.94,27.196 523.338,26.654 C524.393,26.244 525.979,25.756 528.898,25.623 C532.057,25.479 533.004,25.448 541,25.448 C548.997,25.448 549.943,25.479 553.102,25.623 C556.021,25.756 557.607,26.244 558.662,26.654 C560.06,27.196 561.058,27.846 562.106,28.894 C563.154,29.942 563.803,30.938 564.346,32.338 C564.756,33.391 565.244,34.978 565.378,37.899 C565.522,41.056 565.552,42.003 565.552,50 C565.552,57.996 565.522,58.943 565.378,62.101 M570.82,37.631 C570.674,34.438 570.167,32.258 569.425,30.349 C568.659,28.377 567.633,26.702 565.965,25.035 C564.297,23.368 562.623,22.342 560.652,21.575 C558.743,20.834 556.562,20.326 553.369,20.18 C550.169,20.033 549.148,20 541,20 C532.853,20 531.831,20.033 528.631,20.18 C525.438,20.326 523.257,20.834 521.349,21.575 C519.376,22.342 517.703,23.368 516.035,25.035 C514.368,26.702 513.342,28.377 512.574,30.349 C511.834,32.258 511.326,34.438 511.181,37.631 C511.035,40.831 511,41.851 511,50 C511,58.147 511.035,59.17 511.181,62.369 C511.326,65.562 511.834,67.743 512.574,69.651 C513.342,71.625 514.368,73.296 516.035,74.965 C517.703,76.634 519.376,77.658 521.349,78.425 C523.257,79.167 525.438,79.673 528.631,79.82 C531.831,79.965 532.853,80.001 541,80.001 C549.148,80.001 550.169,79.965 553.369,79.82 C556.562,79.673 558.743,79.167 560.652,78.425 C562.623,77.658 564.297,76.634 565.965,74.965 C567.633,73.296 568.659,71.625 569.425,69.651 C570.167,67.743 570.674,65.562 570.82,62.369 C570.966,59.17 571,58.147 571,50 C571,41.851 570.966,40.831 570.82,37.631\"><\/path><\/g><\/g><\/g><\/svg><\/div><div style=\"padding-top: 8px;\"> <div style=\" color:#3897f0; font-family:Arial,sans-serif; font-size:14px; font-style:normal; font-weight:550; line-height:18px;\">Ver esta publicaci\u00f3n en Instagram<\/div><\/div><div style=\"padding: 12.5% 0;\"><\/div> <div style=\"display: flex; flex-direction: row; margin-bottom: 14px; align-items: center;\"><div> <div style=\"background-color: #F4F4F4; border-radius: 50%; height: 12.5px; width: 12.5px; transform: translateX(0px) translateY(7px);\"><\/div> <div style=\"background-color: #F4F4F4; height: 12.5px; transform: rotate(-45deg) translateX(3px) translateY(1px); width: 12.5px; flex-grow: 0; margin-right: 14px; margin-left: 2px;\"><\/div> <div style=\"background-color: #F4F4F4; border-radius: 50%; height: 12.5px; width: 12.5px; transform: translateX(9px) translateY(-18px);\"><\/div><\/div><div style=\"margin-left: 8px;\"> <div style=\" background-color: #F4F4F4; border-radius: 50%; flex-grow: 0; height: 20px; width: 20px;\"><\/div> <div style=\" width: 0; height: 0; border-top: 2px solid transparent; border-left: 6px solid #f4f4f4; border-bottom: 2px solid transparent; transform: translateX(16px) translateY(-4px) rotate(30deg)\"><\/div><\/div><div style=\"margin-left: auto;\"> <div style=\" width: 0px; border-top: 8px solid #F4F4F4; border-right: 8px solid transparent; transform: translateY(16px);\"><\/div> <div style=\" background-color: #F4F4F4; flex-grow: 0; height: 12px; width: 16px; transform: translateY(-4px);\"><\/div> <div style=\" width: 0; height: 0; border-top: 8px solid #F4F4F4; border-left: 8px solid transparent; transform: translateY(-4px) translateX(8px);\"><\/div><\/div><\/div> <div style=\"display: flex; flex-direction: column; flex-grow: 1; justify-content: center; margin-bottom: 24px;\"> <div style=\" background-color: #F4F4F4; border-radius: 4px; flex-grow: 0; height: 14px; margin-bottom: 6px; width: 224px;\"><\/div> <div style=\" background-color: #F4F4F4; border-radius: 4px; flex-grow: 0; height: 14px; width: 144px;\"><\/div><\/div><\/a><p style=\" color:#c9c8cd; font-family:Arial,sans-serif; font-size:14px; line-height:17px; margin-bottom:0; margin-top:8px; overflow:hidden; padding:8px 0 7px; text-align:center; text-overflow:ellipsis; white-space:nowrap;\"><a href=\"https:\/\/www.instagram.com\/p\/DOHAxjQDyeK\/?utm_source=ig_embed&amp;utm_campaign=loading\" style=\" color:#c9c8cd; font-family:Arial,sans-serif; font-size:14px; font-style:normal; font-weight:normal; line-height:17px; text-decoration:none;\" target=\"_blank\" rel=\"noopener\">Una publicaci\u00f3n compartida por Ministerio de Producci\u00f3n (@produccionpba)<\/a><\/p><\/div><\/blockquote>\n<script async src=\"\/\/www.instagram.com\/embed.js\"><\/script>\n\n\n\n<p><strong>Desde 2022, la Provincia ha organizado 92 Rondas de Negocios, en una pol\u00edtica que ya ha convocado a m\u00e1s de 20.300 pymes, emprendimientos y cooperativas bonaerenses.<\/strong> Cada empresa participante, adem\u00e1s, puede conocer las distintas pol\u00edticas vigentes en la provincia de Buenos Aires de impulso a la producci\u00f3n y la comercializaci\u00f3n, de apoyo t\u00e9cnico y de financiamiento, entre ellas, la Escuela Productiva Bonaerense, Producci\u00f3n Bonaerense, Cl\u00ednica Tecnol\u00f3gica o las garant\u00edas del Fondo de Garant\u00edas Buenos Aires (FOGABA).<\/p>\n\n\n\n<p>Estos encuentros de trabajo se dan en el marco de las pol\u00edticas productivas que lleva adelante el Gobernador Axel Kicillof y permiten establecer v\u00ednculos comerciales y productivos, generando as\u00ed nuevas oportunidades de negocios, y adem\u00e1s, son un espacio de difusi\u00f3n de las distintas herramientas de financiamiento, asistencia t\u00e9cnica y apoyo a la producci\u00f3n con las que cuenta hoy el Estado bonaerense para asistir a las pymes.<\/p>\n\n\n\n<figure class=\"wp-block-image size-large\"><img decoding=\"async\" width=\"1024\" height=\"683\" src=\"https:\/\/produba.com\/wp-content\/uploads\/2025\/09\/Avellaneda-ronda-de-negocios-1--1024x683.jpg\" alt=\"\" class=\"wp-image-2124\" srcset=\"https:\/\/produba.com\/wp-content\/uploads\/2025\/09\/Avellaneda-ronda-de-negocios-1--1024x683.jpg 1024w, https:\/\/produba.com\/wp-content\/uploads\/2025\/09\/Avellaneda-ronda-de-negocios-1--300x200.jpg 300w, https:\/\/produba.com\/wp-content\/uploads\/2025\/09\/Avellaneda-ronda-de-negocios-1--768x512.jpg 768w, https:\/\/produba.com\/wp-content\/uploads\/2025\/09\/Avellaneda-ronda-de-negocios-1--780x520.jpg 780w, https:\/\/produba.com\/wp-content\/uploads\/2025\/09\/Avellaneda-ronda-de-negocios-1--600x400.jpg 600w, https:\/\/produba.com\/wp-content\/uploads\/2025\/09\/Avellaneda-ronda-de-negocios-1--550x367.jpg 550w, https:\/\/produba.com\/wp-content\/uploads\/2025\/09\/Avellaneda-ronda-de-negocios-1--370x247.jpg 370w, https:\/\/produba.com\/wp-content\/uploads\/2025\/09\/Avellaneda-ronda-de-negocios-1--255x170.jpg 255w, https:\/\/produba.com\/wp-content\/uploads\/2025\/09\/Avellaneda-ronda-de-negocios-1-.jpg 1080w\" sizes=\"(max-width: 1024px) 100vw, 1024px\" \/><\/figure>\n\n\n\n<p>En la Ronda de Negocios de Avellaneda tambi\u00e9n participaron la subsecretaria de Industria y Pymes de la Provincia, Mariela Bembi, y el subsecretario de Desarrollo Comercial y Promoci\u00f3n de Inversiones bonaerense, Ariel Aguilar; as\u00ed como tambi\u00e9n representantes de distintos organismos que acompa\u00f1aron la organizaci\u00f3n del encuentro, como la Uni\u00f3n Industrial de Avellaneda; el consorcio de gesti\u00f3n del Puerto de Dock Sud; y el Frente Productivo Avellaneda conformado por pymes y profesionales del distrito; a los que se sumaron la Comisi\u00f3n de Investigaciones Cient\u00edficas (CIC); el Banco Provincia; el Ministerio de Ambiente de la Provincia; la Autoridad del Agua y Radio Provincia.<\/p>\n\n\n\n<p>La Ronda de Negocios de Avellaneda se dio en el marco de la Expo Avellaneda Productiva 2025, una exposici\u00f3n organizada por el gobierno local que a lo largo de tres jornadas busca visibilizar la producci\u00f3n local, generar v\u00ednculos estrat\u00e9gicos e impulsar el desarrollo industrial sostenible y comprometido con la comunidad.<\/p>\n\n\n\n<figure class=\"wp-block-image size-large\"><img decoding=\"async\" width=\"1024\" height=\"683\" src=\"https:\/\/produba.com\/wp-content\/uploads\/2025\/09\/Avellaneda-ronda-de-negocios-2-1024x683.jpg\" alt=\"\" class=\"wp-image-2125\" srcset=\"https:\/\/produba.com\/wp-content\/uploads\/2025\/09\/Avellaneda-ronda-de-negocios-2-1024x683.jpg 1024w, https:\/\/produba.com\/wp-content\/uploads\/2025\/09\/Avellaneda-ronda-de-negocios-2-300x200.jpg 300w, https:\/\/produba.com\/wp-content\/uploads\/2025\/09\/Avellaneda-ronda-de-negocios-2-768x512.jpg 768w, https:\/\/produba.com\/wp-content\/uploads\/2025\/09\/Avellaneda-ronda-de-negocios-2-780x520.jpg 780w, https:\/\/produba.com\/wp-content\/uploads\/2025\/09\/Avellaneda-ronda-de-negocios-2-600x400.jpg 600w, https:\/\/produba.com\/wp-content\/uploads\/2025\/09\/Avellaneda-ronda-de-negocios-2-550x367.jpg 550w, https:\/\/produba.com\/wp-content\/uploads\/2025\/09\/Avellaneda-ronda-de-negocios-2-370x247.jpg 370w, https:\/\/produba.com\/wp-content\/uploads\/2025\/09\/Avellaneda-ronda-de-negocios-2-255x170.jpg 255w, https:\/\/produba.com\/wp-content\/uploads\/2025\/09\/Avellaneda-ronda-de-negocios-2.jpg 1080w\" sizes=\"(max-width: 1024px) 100vw, 1024px\" \/><\/figure>\n\n\n\n<p>Cabe recordar que en la mencionada exposici\u00f3n productiva emprendedores y grandes empresas de la ciudad fueron parte de la exposici\u00f3n para dar a conocer su producci\u00f3n, intercambiar experiencias y generar oportunidades de negocios. La muestra se desarroll\u00f3 en el predio del Parque Multiprop\u00f3sito La Estaci\u00f3n, entre el 2 al 4 de septiembre, y signific\u00f3 una oportunidad para articular los sectores p\u00fablico y privado, generar uni\u00f3n y promover trabajo digno<\/p>\n\n\n\n<p><strong>Las Rondas de Negocios son una pol\u00edtica p\u00fablica de la cartera productiva provincial que ha demostrado resultados exitosos para que las empresas locales obtengan nuevos proyectos y concreten ventas.<\/strong> El 95 por ciento de las empresas asistentes asegura haber obtenido contactos de utilidad, mientras que una de cada tres logra concretar negocios a partir de su participaci\u00f3n. Para m\u00e1s informaci\u00f3n sobre las Rondas de Negocios que organiza la Provincia, ingresar en:\u00a0\u00a0\u00a0\u00a0\u00a0\u00a0\u00a0\u00a0\u00a0\u00a0\u00a0\u00a0<\/p>\n\n\n\n<p><a href=\"https:\/\/www.gba.gob.ar\/produccion\/ronda_de_negocios\">https:\/\/www.gba.gob.ar\/produccion\/ronda_de_negocios<\/a><\/p>\n","protected":false},"excerpt":{"rendered":"<p>El ministro de Producci\u00f3n de la Provincia y el intendente local encabezaron el encuentro que cont\u00f3 con 250 empresas locales inscriptas. Desde 2022, la Provincia ya realiz\u00f3 92 Rondas en las cuales participaron m\u00e1s de 20.000 unidades productivas El ministro de Producci\u00f3n, Ciencia e Innovaci\u00f3n Tecnol\u00f3gica de la provincia de Buenos Aires, Augusto Costa, encabez\u00f3 &#8230;<\/p>\n","protected":false},"author":1,"featured_media":2126,"comment_status":"closed","ping_status":"closed","sticky":false,"template":"","format":"standard","meta":{"loftocean_post_format_gallery":"","loftocean_post_format_gallery_ids":"","loftocean_post_format_gallery_urls":"","loftocean_post_format_video_id":0,"loftocean_post_format_video_url":"","loftocean_post_format_video_type":"","loftocean_post_format_video":"","loftocean_post_format_audio_type":"","loftocean_post_format_audio_url":"","loftocean_post_format_audio_id":0,"loftocean_post_format_audio":"","loftocean-featured-post":"","loftocean-like-count":0,"loftocean-view-count":112,"loftocean_coauthors":"","alpaca_post_content_reading_setting":"","alpaca_reading_speed_per_minute":0,"alpaca_reading_speed_unit":"","alpaca_single_post_template_layout":""},"categories":[4,6,3],"tags":[68,95,166,233,377,79,41,287],"loftoceanMetas":{"readingTime":"3 minutos de lectura","authorName":"ProduBA","categories":[{"name":"Desarrollo Local","link":"https:\/\/produba.com\/index.php\/category\/desarrollo_local\/","count":199},{"name":"Municipios","link":"https:\/\/produba.com\/index.php\/category\/municipios\/","count":381},{"name":"Producci\u00f3n","link":"https:\/\/produba.com\/index.php\/category\/produccion\/","count":404}],"date":"5 de septiembre de 2025","featuredImageSRC":"https:\/\/produba.com\/wp-content\/uploads\/2025\/09\/Avellaneda-ronda-de-negocios-3-150x150.jpg"},"_links":{"self":[{"href":"https:\/\/produba.com\/index.php\/wp-json\/wp\/v2\/posts\/2123"}],"collection":[{"href":"https:\/\/produba.com\/index.php\/wp-json\/wp\/v2\/posts"}],"about":[{"href":"https:\/\/produba.com\/index.php\/wp-json\/wp\/v2\/types\/post"}],"author":[{"embeddable":true,"href":"https:\/\/produba.com\/index.php\/wp-json\/wp\/v2\/users\/1"}],"replies":[{"embeddable":true,"href":"https:\/\/produba.com\/index.php\/wp-json\/wp\/v2\/comments?post=2123"}],"version-history":[{"count":1,"href":"https:\/\/produba.com\/index.php\/wp-json\/wp\/v2\/posts\/2123\/revisions"}],"predecessor-version":[{"id":2128,"href":"https:\/\/produba.com\/index.php\/wp-json\/wp\/v2\/posts\/2123\/revisions\/2128"}],"wp:featuredmedia":[{"embeddable":true,"href":"https:\/\/produba.com\/index.php\/wp-json\/wp\/v2\/media\/2126"}],"wp:attachment":[{"href":"https:\/\/produba.com\/index.php\/wp-json\/wp\/v2\/media?parent=2123"}],"wp:term":[{"taxonomy":"category","embeddable":true,"href":"https:\/\/produba.com\/index.php\/wp-json\/wp\/v2\/categories?post=2123"},{"taxonomy":"post_tag","embeddable":true,"href":"https:\/\/produba.com\/index.php\/wp-json\/wp\/v2\/tags?post=2123"}],"curies":[{"name":"wp","href":"https:\/\/api.w.org\/{rel}","templated":true}]}}