{"id":2110,"date":"2025-09-03T13:51:03","date_gmt":"2025-09-03T16:51:03","guid":{"rendered":"https:\/\/produba.com\/?p=2110"},"modified":"2025-09-03T13:53:56","modified_gmt":"2025-09-03T16:53:56","slug":"vuelve-a-olavarria-otra-edicion-de-mercados-bonaerenses-2","status":"publish","type":"post","link":"https:\/\/produba.com\/index.php\/2025\/09\/03\/vuelve-a-olavarria-otra-edicion-de-mercados-bonaerenses-2\/","title":{"rendered":"Vuelve a Olavarr\u00eda otra edici\u00f3n de Mercados Bonaerenses"},"content":{"rendered":"\n<h5>El programa impulsado por el gobierno de la provincia de Buenos Aires retorna este viernes al municipio olavarriense. En esta oportunidad, el Cors\u00f3dromo Municipal ser\u00e1 sede de la feria donde los emprendedores locales acercan sus productos a los vecinos del distrito<\/h5>\n\n\n\n<p><strong>El Municipio de Olavarr\u00eda recuerda que este viernes se llevar\u00e1 a cabo una nueva edici\u00f3n del Programa \u201cMercados Bonaerenses\u201d, que es desplegado desde la Secretar\u00eda de Desarrollo Econ\u00f3mico y Productivo del Municipio de Olavarr\u00eda, a trav\u00e9s de la Coordinaci\u00f3n de Econom\u00eda Popular.<\/strong><\/p>\n\n\n\n<p><strong>En esta ocasi\u00f3n la propuesta se desarrollar\u00e1 de 9 a 15 horas en el Cors\u00f3dromo Municipal \u201cGabriel Antonio\u201d (Jun\u00edn y San Mart\u00edn).<\/strong><\/p>\n\n\n\n<figure class=\"wp-block-image size-large\"><img decoding=\"async\" width=\"1024\" height=\"1024\" src=\"https:\/\/produba.com\/wp-content\/uploads\/2025\/09\/Olavarria-flyer-Mercados-Bonaerenses-1024x1024.jpg\" alt=\"\" class=\"wp-image-2115\" srcset=\"https:\/\/produba.com\/wp-content\/uploads\/2025\/09\/Olavarria-flyer-Mercados-Bonaerenses.jpg 1024w, https:\/\/produba.com\/wp-content\/uploads\/2025\/09\/Olavarria-flyer-Mercados-Bonaerenses-300x300.jpg 300w, https:\/\/produba.com\/wp-content\/uploads\/2025\/09\/Olavarria-flyer-Mercados-Bonaerenses-150x150.jpg 150w, https:\/\/produba.com\/wp-content\/uploads\/2025\/09\/Olavarria-flyer-Mercados-Bonaerenses-768x768.jpg 768w, https:\/\/produba.com\/wp-content\/uploads\/2025\/09\/Olavarria-flyer-Mercados-Bonaerenses-780x780.jpg 780w, https:\/\/produba.com\/wp-content\/uploads\/2025\/09\/Olavarria-flyer-Mercados-Bonaerenses-600x600.jpg 600w, https:\/\/produba.com\/wp-content\/uploads\/2025\/09\/Olavarria-flyer-Mercados-Bonaerenses-550x550.jpg 550w, https:\/\/produba.com\/wp-content\/uploads\/2025\/09\/Olavarria-flyer-Mercados-Bonaerenses-370x370.jpg 370w, https:\/\/produba.com\/wp-content\/uploads\/2025\/09\/Olavarria-flyer-Mercados-Bonaerenses-255x255.jpg 255w\" sizes=\"(max-width: 1024px) 100vw, 1024px\" \/><\/figure>\n\n\n\n<p><strong>Contar\u00e1 con la participaci\u00f3n de productores locales entre los cuales se podr\u00e1n encontrar elaboraciones como: panificados dulces y salados, bebidas, plantas y plantines, miel, productos sin TAC, frutas y verduras, alfajores. Adem\u00e1s, participar\u00e1n de la feria los camiones del Ministerio de Desarrollo Agrario bonaerense, que dispondr\u00e1n productos l\u00e1cteos, pastas y pescados, estos \u00faltimos dos rubros 40% de descuento con Cuenta DNI (tope de reintegro $4000).<\/strong><\/p>\n\n\n\n<figure class=\"wp-block-image size-large\"><img decoding=\"async\" width=\"1024\" height=\"681\" src=\"https:\/\/produba.com\/wp-content\/uploads\/2025\/09\/Olavarria-Mercados-Bonaerenses-1-1024x681.jpeg\" alt=\"\" class=\"wp-image-2113\" srcset=\"https:\/\/produba.com\/wp-content\/uploads\/2025\/09\/Olavarria-Mercados-Bonaerenses-1-1024x681.jpeg 1024w, https:\/\/produba.com\/wp-content\/uploads\/2025\/09\/Olavarria-Mercados-Bonaerenses-1-300x200.jpeg 300w, https:\/\/produba.com\/wp-content\/uploads\/2025\/09\/Olavarria-Mercados-Bonaerenses-1-768x511.jpeg 768w, https:\/\/produba.com\/wp-content\/uploads\/2025\/09\/Olavarria-Mercados-Bonaerenses-1-1200x798.jpeg 1200w, https:\/\/produba.com\/wp-content\/uploads\/2025\/09\/Olavarria-Mercados-Bonaerenses-1-780x519.jpeg 780w, https:\/\/produba.com\/wp-content\/uploads\/2025\/09\/Olavarria-Mercados-Bonaerenses-1-600x399.jpeg 600w, https:\/\/produba.com\/wp-content\/uploads\/2025\/09\/Olavarria-Mercados-Bonaerenses-1-550x366.jpeg 550w, https:\/\/produba.com\/wp-content\/uploads\/2025\/09\/Olavarria-Mercados-Bonaerenses-1-370x246.jpeg 370w, https:\/\/produba.com\/wp-content\/uploads\/2025\/09\/Olavarria-Mercados-Bonaerenses-1-255x170.jpeg 255w, https:\/\/produba.com\/wp-content\/uploads\/2025\/09\/Olavarria-Mercados-Bonaerenses-1.jpeg 1400w\" sizes=\"(max-width: 1024px) 100vw, 1024px\" \/><\/figure>\n\n\n\n<p><strong>El Programa \u201cMercados Bonaerenses\u201d es impulsado desde el Ministerio de Desarrollo Agrario de la Provincia de Buenos Aires, promociona la producci\u00f3n y el consumo de Alimentos Bonaerenses acercando a productores, productoras, consumidores y consumidoras a trav\u00e9s de una red de ferias y mercados en toda la provincia de Buenos Aires.<\/strong><\/p>\n\n\n\n<figure class=\"wp-block-image size-full\"><img decoding=\"async\" width=\"1024\" height=\"683\" src=\"https:\/\/produba.com\/wp-content\/uploads\/2025\/09\/Olavarria-Mercados-Bonaerenses-2.jpg\" alt=\"\" class=\"wp-image-2112\" srcset=\"https:\/\/produba.com\/wp-content\/uploads\/2025\/09\/Olavarria-Mercados-Bonaerenses-2.jpg 1024w, https:\/\/produba.com\/wp-content\/uploads\/2025\/09\/Olavarria-Mercados-Bonaerenses-2-300x200.jpg 300w, https:\/\/produba.com\/wp-content\/uploads\/2025\/09\/Olavarria-Mercados-Bonaerenses-2-768x512.jpg 768w, https:\/\/produba.com\/wp-content\/uploads\/2025\/09\/Olavarria-Mercados-Bonaerenses-2-780x520.jpg 780w, https:\/\/produba.com\/wp-content\/uploads\/2025\/09\/Olavarria-Mercados-Bonaerenses-2-600x400.jpg 600w, https:\/\/produba.com\/wp-content\/uploads\/2025\/09\/Olavarria-Mercados-Bonaerenses-2-550x367.jpg 550w, https:\/\/produba.com\/wp-content\/uploads\/2025\/09\/Olavarria-Mercados-Bonaerenses-2-370x247.jpg 370w, https:\/\/produba.com\/wp-content\/uploads\/2025\/09\/Olavarria-Mercados-Bonaerenses-2-255x170.jpg 255w\" sizes=\"(max-width: 1024px) 100vw, 1024px\" \/><\/figure>\n\n\n\n<p>A la par, tiene por objetivo fortalecer y asistir experiencias de producci\u00f3n, comercializaci\u00f3n y abastecimiento local de agroalimentos, que se desarrollen en el \u00e1mbito de la provincia de Buenos Aires; fomentar la producci\u00f3n y el consumo de \u201cAlimentos Bonaerenses\u201d a trav\u00e9s de la asistencia, formalizaci\u00f3n y capacitaci\u00f3n a productores, comercializadores y municipios, para crear, ampliar y fortalecer mercados y ferias de alimentos fijas o itinerantes. <\/p>\n\n\n\n<p>Por \u00faltimo, desde el municipio olavarriense solicitan a la comunidad llevar bolsa.<\/p>\n","protected":false},"excerpt":{"rendered":"<p>El programa impulsado por el gobierno de la provincia de Buenos Aires retorna este viernes al municipio olavarriense. En esta oportunidad, el Cors\u00f3dromo Municipal ser\u00e1 sede de la feria donde los emprendedores locales acercan sus productos a los vecinos del distrito El Municipio de Olavarr\u00eda recuerda que este viernes se llevar\u00e1 a cabo una nueva &#8230;<\/p>\n","protected":false},"author":1,"featured_media":2111,"comment_status":"closed","ping_status":"closed","sticky":false,"template":"","format":"standard","meta":{"loftocean_post_format_gallery":"","loftocean_post_format_gallery_ids":"","loftocean_post_format_gallery_urls":"","loftocean_post_format_video_id":0,"loftocean_post_format_video_url":"","loftocean_post_format_video_type":"","loftocean_post_format_video":"","loftocean_post_format_audio_type":"","loftocean_post_format_audio_url":"","loftocean_post_format_audio_id":0,"loftocean_post_format_audio":"","loftocean-featured-post":"","loftocean-like-count":0,"loftocean-view-count":121,"loftocean_coauthors":"","alpaca_post_content_reading_setting":"","alpaca_reading_speed_per_minute":0,"alpaca_reading_speed_unit":"","alpaca_single_post_template_layout":""},"categories":[7,6,3],"tags":[182,158,58,65,45],"loftoceanMetas":{"readingTime":"2 minutos de lectura","authorName":"ProduBA","categories":[{"name":"Inter\u00e9s General","link":"https:\/\/produba.com\/index.php\/category\/interes_general\/","count":121},{"name":"Municipios","link":"https:\/\/produba.com\/index.php\/category\/municipios\/","count":381},{"name":"Producci\u00f3n","link":"https:\/\/produba.com\/index.php\/category\/produccion\/","count":404}],"date":"3 de septiembre de 2025","featuredImageSRC":"https:\/\/produba.com\/wp-content\/uploads\/2025\/09\/Olavarria-Mercados-Bonaerenses-3-150x150.jpg"},"_links":{"self":[{"href":"https:\/\/produba.com\/index.php\/wp-json\/wp\/v2\/posts\/2110"}],"collection":[{"href":"https:\/\/produba.com\/index.php\/wp-json\/wp\/v2\/posts"}],"about":[{"href":"https:\/\/produba.com\/index.php\/wp-json\/wp\/v2\/types\/post"}],"author":[{"embeddable":true,"href":"https:\/\/produba.com\/index.php\/wp-json\/wp\/v2\/users\/1"}],"replies":[{"embeddable":true,"href":"https:\/\/produba.com\/index.php\/wp-json\/wp\/v2\/comments?post=2110"}],"version-history":[{"count":2,"href":"https:\/\/produba.com\/index.php\/wp-json\/wp\/v2\/posts\/2110\/revisions"}],"predecessor-version":[{"id":2116,"href":"https:\/\/produba.com\/index.php\/wp-json\/wp\/v2\/posts\/2110\/revisions\/2116"}],"wp:featuredmedia":[{"embeddable":true,"href":"https:\/\/produba.com\/index.php\/wp-json\/wp\/v2\/media\/2111"}],"wp:attachment":[{"href":"https:\/\/produba.com\/index.php\/wp-json\/wp\/v2\/media?parent=2110"}],"wp:term":[{"taxonomy":"category","embeddable":true,"href":"https:\/\/produba.com\/index.php\/wp-json\/wp\/v2\/categories?post=2110"},{"taxonomy":"post_tag","embeddable":true,"href":"https:\/\/produba.com\/index.php\/wp-json\/wp\/v2\/tags?post=2110"}],"curies":[{"name":"wp","href":"https:\/\/api.w.org\/{rel}","templated":true}]}}