{"id":2103,"date":"2025-09-02T15:48:13","date_gmt":"2025-09-02T18:48:13","guid":{"rendered":"https:\/\/produba.com\/?p=2103"},"modified":"2025-09-02T15:48:14","modified_gmt":"2025-09-02T18:48:14","slug":"hecho-en-merlo-la-exposicion-que-acerca-a-los-vecinos-la-industria-y-produccion-local","status":"publish","type":"post","link":"https:\/\/produba.com\/index.php\/2025\/09\/02\/hecho-en-merlo-la-exposicion-que-acerca-a-los-vecinos-la-industria-y-produccion-local\/","title":{"rendered":"<em>\u201cHecho en Merlo\u201d<\/em>, la exposici\u00f3n que acerca a los vecinos la industria y producci\u00f3n local"},"content":{"rendered":"\n<h5>Ayer se puso en marcha la 7\u00aa edici\u00f3n de la muestra en la que industrias, pymes y emprendedores locales pueden exhibir lo que, d\u00eda a d\u00eda, generan los productores merlenses<\/h5>\n\n\n\n<p><strong>El d\u00eda de ayer qued\u00f3 inaugurada la 7\u00aa edici\u00f3n de la Expo Hecho en Merlo, un espacio para conocer lo mejor de la industria y la producci\u00f3n local. La exposici\u00f3n se lleva a cabo desde el 1 al 4 de septiembre en el Predio El Remanso<\/strong>, ubicado en Balbastro 2201, en el Parque San Mart\u00edn. <strong>La muestra tiene entrada libre y gratuita.<\/strong>\u00a0<\/p>\n\n\n\n<iframe src=\"https:\/\/www.facebook.com\/plugins\/video.php?height=476&#038;href=https%3A%2F%2Fwww.facebook.com%2Freel%2F4135219893407619%2F&#038;show_text=false&#038;width=267&#038;t=0\" width=\"267\" height=\"476\" style=\"border:none;overflow:hidden\" scrolling=\"no\" frameborder=\"0\" allowfullscreen=\"true\" allow=\"autoplay; clipboard-write; encrypted-media; picture-in-picture; web-share\" allowFullScreen=\"true\"><\/iframe>\n\n\n\n<p><strong>Esta nueva edici\u00f3n cuenta con espacios para industriales, PyMes, emprendedores, viveristas, apicultores, gastron\u00f3micos y presentaciones de proyectos tecnol\u00f3gicos de escuelas t\u00e9cnicas de Merlo.<\/strong><\/p>\n\n\n\n<figure class=\"wp-block-image size-full\"><img decoding=\"async\" width=\"800\" height=\"450\" src=\"https:\/\/produba.com\/wp-content\/uploads\/2025\/09\/HECHO-EN-MERLO-6.jpg\" alt=\"\" class=\"wp-image-2104\" srcset=\"https:\/\/produba.com\/wp-content\/uploads\/2025\/09\/HECHO-EN-MERLO-6.jpg 800w, https:\/\/produba.com\/wp-content\/uploads\/2025\/09\/HECHO-EN-MERLO-6-300x169.jpg 300w, https:\/\/produba.com\/wp-content\/uploads\/2025\/09\/HECHO-EN-MERLO-6-768x432.jpg 768w, https:\/\/produba.com\/wp-content\/uploads\/2025\/09\/HECHO-EN-MERLO-6-780x439.jpg 780w, https:\/\/produba.com\/wp-content\/uploads\/2025\/09\/HECHO-EN-MERLO-6-600x338.jpg 600w, https:\/\/produba.com\/wp-content\/uploads\/2025\/09\/HECHO-EN-MERLO-6-550x309.jpg 550w, https:\/\/produba.com\/wp-content\/uploads\/2025\/09\/HECHO-EN-MERLO-6-370x208.jpg 370w, https:\/\/produba.com\/wp-content\/uploads\/2025\/09\/HECHO-EN-MERLO-6-255x143.jpg 255w\" sizes=\"(max-width: 800px) 100vw, 800px\" \/><\/figure>\n\n\n\n<p><strong>La jornada de apertura cont\u00f3 con la presencia del intendente de Merlo, Gustavo Men\u00e9ndez; el Presidente del Banco de la Provincia de Buenos Aires, Juan Cuattromo; la Diputada Nacional, Roxana Monz\u00f3n; Presidente de Uni\u00f3n Industrial de Merlo, Walter Nupieri, entre otros funcionarios p\u00fablicos.<\/strong><\/p>\n\n\n\n<p><em>\u201cEs un compromiso de honor seguir levantando la bandera de la industria nacional y lo hacemos de esta forma, reuniendo a nuestros industriales, mostr\u00e1ndole a la ciudadan\u00eda de todo lo que se hace aqu\u00ed en el distrito y todo lo que corre riesgo de no existir m\u00e1s, en caso de que se profundicen las pol\u00edticas que est\u00e1 llevando el gobierno nacional\u201d<\/em>, asegur\u00f3 el jefe comunal.<\/p>\n\n\n\n<figure class=\"wp-block-image size-full\"><img decoding=\"async\" width=\"800\" height=\"450\" src=\"https:\/\/produba.com\/wp-content\/uploads\/2025\/09\/HECHO-EN-MERLO-2.jpg\" alt=\"\" class=\"wp-image-2107\" srcset=\"https:\/\/produba.com\/wp-content\/uploads\/2025\/09\/HECHO-EN-MERLO-2.jpg 800w, https:\/\/produba.com\/wp-content\/uploads\/2025\/09\/HECHO-EN-MERLO-2-300x169.jpg 300w, https:\/\/produba.com\/wp-content\/uploads\/2025\/09\/HECHO-EN-MERLO-2-768x432.jpg 768w, https:\/\/produba.com\/wp-content\/uploads\/2025\/09\/HECHO-EN-MERLO-2-780x439.jpg 780w, https:\/\/produba.com\/wp-content\/uploads\/2025\/09\/HECHO-EN-MERLO-2-600x338.jpg 600w, https:\/\/produba.com\/wp-content\/uploads\/2025\/09\/HECHO-EN-MERLO-2-550x309.jpg 550w, https:\/\/produba.com\/wp-content\/uploads\/2025\/09\/HECHO-EN-MERLO-2-370x208.jpg 370w, https:\/\/produba.com\/wp-content\/uploads\/2025\/09\/HECHO-EN-MERLO-2-255x143.jpg 255w\" sizes=\"(max-width: 800px) 100vw, 800px\" \/><\/figure>\n\n\n\n<p>El presidente de Banco de la Provincia, Juan Cuattromo sostuvo <em>\u201cen esta coyuntura tan dif\u00edcil, aqu\u00ed en Merlo no solamente se sostiene esta Expo sino que se hace crecer, porque es mostrar tambi\u00e9n el pa\u00eds que, desde las variables financieras o la discusi\u00f3n de los mercados, a veces no se ve y es donde realmente vive nuestra gente\u201d<\/em>.<\/p>\n\n\n\n<p><em>\u201cNo es solamente una muestra, sino una propuesta de modelo econ\u00f3mico y desarrollo, que est\u00e1 claro que el Estado, las empresas y las escuelas logran una integraci\u00f3n. La integraci\u00f3n con inclusi\u00f3n. Merlo tiene m\u00e1s de 500 industrias, de esas, el 90% son pymes, es el coraz\u00f3n del trabajo merlense, que hoy estamos mostrando con orgullo\u201d<\/em>, asegur\u00f3 la Diputada Nacional Roxana Monz\u00f3n.<\/p>\n\n\n\n<figure class=\"wp-block-image size-full\"><img decoding=\"async\" width=\"800\" height=\"450\" src=\"https:\/\/produba.com\/wp-content\/uploads\/2025\/09\/HECHO-EN-MERLO-3.jpg\" alt=\"\" class=\"wp-image-2106\" srcset=\"https:\/\/produba.com\/wp-content\/uploads\/2025\/09\/HECHO-EN-MERLO-3.jpg 800w, https:\/\/produba.com\/wp-content\/uploads\/2025\/09\/HECHO-EN-MERLO-3-300x169.jpg 300w, https:\/\/produba.com\/wp-content\/uploads\/2025\/09\/HECHO-EN-MERLO-3-768x432.jpg 768w, https:\/\/produba.com\/wp-content\/uploads\/2025\/09\/HECHO-EN-MERLO-3-780x439.jpg 780w, https:\/\/produba.com\/wp-content\/uploads\/2025\/09\/HECHO-EN-MERLO-3-600x338.jpg 600w, https:\/\/produba.com\/wp-content\/uploads\/2025\/09\/HECHO-EN-MERLO-3-550x309.jpg 550w, https:\/\/produba.com\/wp-content\/uploads\/2025\/09\/HECHO-EN-MERLO-3-370x208.jpg 370w, https:\/\/produba.com\/wp-content\/uploads\/2025\/09\/HECHO-EN-MERLO-3-255x143.jpg 255w\" sizes=\"(max-width: 800px) 100vw, 800px\" \/><\/figure>\n\n\n\n<p>Asimismo, Walter Nupieri, expres\u00f3: <em>\u201cAgradezco al Intendente Gustavo Men\u00e9ndez y a la Diputada Roxana Monz\u00f3n, por brindarnos la posibilidad de mostrar por s\u00e9ptima vez todo lo que se produce en Merlo\u201d<\/em>.<\/p>\n\n\n\n<p><strong>La Expo de la Industria \u201cHecho en Merlo\u201d se realiza desde el a\u00f1o 2016. El objetivo es exponer la producci\u00f3n y el trabajo merlense, en l\u00ednea con las pol\u00edticas p\u00fablicas que impulsa el Gobierno Municipal en apoyo a las empresas, comerciantes y escuelas t\u00e9cnicas del distrito.<\/strong><\/p>\n","protected":false},"excerpt":{"rendered":"<p>Ayer se puso en marcha la 7\u00aa edici\u00f3n de la muestra en la que industrias, pymes y emprendedores locales pueden exhibir lo que, d\u00eda a d\u00eda, generan los productores merlenses El d\u00eda de ayer qued\u00f3 inaugurada la 7\u00aa edici\u00f3n de la Expo Hecho en Merlo, un espacio para conocer lo mejor de la industria y &#8230;<\/p>\n","protected":false},"author":1,"featured_media":2108,"comment_status":"closed","ping_status":"closed","sticky":false,"template":"","format":"standard","meta":{"loftocean_post_format_gallery":"","loftocean_post_format_gallery_ids":"","loftocean_post_format_gallery_urls":"","loftocean_post_format_video_id":0,"loftocean_post_format_video_url":"","loftocean_post_format_video_type":"","loftocean_post_format_video":"","loftocean_post_format_audio_type":"","loftocean_post_format_audio_url":"","loftocean_post_format_audio_id":0,"loftocean_post_format_audio":"","loftocean-featured-post":"","loftocean-like-count":0,"loftocean-view-count":116,"loftocean_coauthors":"","alpaca_post_content_reading_setting":"","alpaca_reading_speed_per_minute":0,"alpaca_reading_speed_unit":"","alpaca_single_post_template_layout":""},"categories":[4,6,3],"tags":[373,117,233,441,440,65,41],"loftoceanMetas":{"readingTime":"2 minutos de lectura","authorName":"ProduBA","categories":[{"name":"Desarrollo Local","link":"https:\/\/produba.com\/index.php\/category\/desarrollo_local\/","count":196},{"name":"Municipios","link":"https:\/\/produba.com\/index.php\/category\/municipios\/","count":379},{"name":"Producci\u00f3n","link":"https:\/\/produba.com\/index.php\/category\/produccion\/","count":401}],"date":"2 de septiembre de 2025","featuredImageSRC":"https:\/\/produba.com\/wp-content\/uploads\/2025\/09\/HECHO-EN-MERLO-1-150x150.jpg"},"_links":{"self":[{"href":"https:\/\/produba.com\/index.php\/wp-json\/wp\/v2\/posts\/2103"}],"collection":[{"href":"https:\/\/produba.com\/index.php\/wp-json\/wp\/v2\/posts"}],"about":[{"href":"https:\/\/produba.com\/index.php\/wp-json\/wp\/v2\/types\/post"}],"author":[{"embeddable":true,"href":"https:\/\/produba.com\/index.php\/wp-json\/wp\/v2\/users\/1"}],"replies":[{"embeddable":true,"href":"https:\/\/produba.com\/index.php\/wp-json\/wp\/v2\/comments?post=2103"}],"version-history":[{"count":1,"href":"https:\/\/produba.com\/index.php\/wp-json\/wp\/v2\/posts\/2103\/revisions"}],"predecessor-version":[{"id":2109,"href":"https:\/\/produba.com\/index.php\/wp-json\/wp\/v2\/posts\/2103\/revisions\/2109"}],"wp:featuredmedia":[{"embeddable":true,"href":"https:\/\/produba.com\/index.php\/wp-json\/wp\/v2\/media\/2108"}],"wp:attachment":[{"href":"https:\/\/produba.com\/index.php\/wp-json\/wp\/v2\/media?parent=2103"}],"wp:term":[{"taxonomy":"category","embeddable":true,"href":"https:\/\/produba.com\/index.php\/wp-json\/wp\/v2\/categories?post=2103"},{"taxonomy":"post_tag","embeddable":true,"href":"https:\/\/produba.com\/index.php\/wp-json\/wp\/v2\/tags?post=2103"}],"curies":[{"name":"wp","href":"https:\/\/api.w.org\/{rel}","templated":true}]}}