{"id":2094,"date":"2025-09-01T13:49:07","date_gmt":"2025-09-01T16:49:07","guid":{"rendered":"https:\/\/produba.com\/?p=2094"},"modified":"2025-09-01T13:50:19","modified_gmt":"2025-09-01T16:50:19","slug":"mas-de-300-pymes-participaron-de-una-ronda-de-negocios-en-berazategui","status":"publish","type":"post","link":"https:\/\/produba.com\/index.php\/2025\/09\/01\/mas-de-300-pymes-participaron-de-una-ronda-de-negocios-en-berazategui\/","title":{"rendered":"M\u00e1s de 300 pymes participaron de una nueva Ronda de Negocios en Berazategui"},"content":{"rendered":"\n<h5>La Expo Bera Productiva 2025 fue sede del encuentro en el cual participaron peque\u00f1as y medianas empresas, cooperativas y grandes firmas de 40 distritos bonaerenses. El evento tuvo como objetivo promover las pol\u00edticas productivas y comerciales que lleva adelante la Provincia<\/h5>\n\n\n\n<p><strong>El Ministerio de Producci\u00f3n, Ciencia e Innovaci\u00f3n Tecnol\u00f3gica de la provincia de Buenos Aires organiz\u00f3 este viernes en Berazategui<\/strong>, con participaci\u00f3n del intendente Juan Jos\u00e9 Mussi, <strong>una nueva Ronda de Negocios<\/strong>, donde por primera vez se realizaron de manera simult\u00e1nea la ronda de negocios de Producci\u00f3n Bonaerense y la Multisectorial, generando un espacio de encuentro y oportunidades para las pymes bonaerenses. <strong>El encuentro cont\u00f3 con m\u00e1s de 300 pymes, cooperativas y grandes empresas inscriptas, adem\u00e1s de representantes de cadenas de supermercados, hipermercados y c\u00e1maras de autoservicios chinos.<\/strong><\/p>\n\n\n\n<figure class=\"wp-block-image size-large\"><img decoding=\"async\" width=\"1024\" height=\"684\" src=\"https:\/\/produba.com\/wp-content\/uploads\/2025\/09\/Expo-Bera-Productiva-2025.5-1024x684.webp\" alt=\"\" class=\"wp-image-2099\" srcset=\"https:\/\/produba.com\/wp-content\/uploads\/2025\/09\/Expo-Bera-Productiva-2025.5-1024x684.webp 1024w, https:\/\/produba.com\/wp-content\/uploads\/2025\/09\/Expo-Bera-Productiva-2025.5-300x200.webp 300w, https:\/\/produba.com\/wp-content\/uploads\/2025\/09\/Expo-Bera-Productiva-2025.5-768x513.webp 768w, https:\/\/produba.com\/wp-content\/uploads\/2025\/09\/Expo-Bera-Productiva-2025.5-780x521.webp 780w, https:\/\/produba.com\/wp-content\/uploads\/2025\/09\/Expo-Bera-Productiva-2025.5-600x401.webp 600w, https:\/\/produba.com\/wp-content\/uploads\/2025\/09\/Expo-Bera-Productiva-2025.5-550x367.webp 550w, https:\/\/produba.com\/wp-content\/uploads\/2025\/09\/Expo-Bera-Productiva-2025.5-370x247.webp 370w, https:\/\/produba.com\/wp-content\/uploads\/2025\/09\/Expo-Bera-Productiva-2025.5-255x170.webp 255w, https:\/\/produba.com\/wp-content\/uploads\/2025\/09\/Expo-Bera-Productiva-2025.5.webp 1080w\" sizes=\"(max-width: 1024px) 100vw, 1024px\" \/><\/figure>\n\n\n\n<p>Desde el programa Producci\u00f3n Bonaerense, se busca visibilizar a las pymes locales y brindarles apoyo t\u00e9cnico y comercial para que accedan a las g\u00f3ndolas de supermercados, mayoristas y autoservicios.<\/p>\n\n\n\n<p>Por otro lado, en las Rondas Multisectoriales confluyen tanto la industria como el comercio y los proveedores de servicios, posibilitando el intercambio y el inicio de contratos comerciales y\/o institucionales.<\/p>\n\n\n\n<p><strong>Las Rondas de Negocios se dan en el marco de las pol\u00edticas productivas que lleva adelante el gobernador Axel Kicillof y permiten establecer v\u00ednculos comerciales y productivos, generando as\u00ed nuevas oportunidades de negocios, y, adem\u00e1s, son un espacio de difusi\u00f3n de las distintas herramientas de financiamiento, asistencia t\u00e9cnica y apoyo a la producci\u00f3n con las que cuenta hoy el Estado bonaerense para asistir a las pymes.<\/strong> Se trata de una pol\u00edtica p\u00fablica de la cartera productiva provincial que encabeza el ministro Augusto Costa y que ha demostrado resultados exitosos para que las empresas locales obtengan nuevos contactos y concreten ventas.<\/p>\n\n\n\n<figure class=\"wp-block-image size-large\"><img decoding=\"async\" width=\"1024\" height=\"683\" src=\"https:\/\/produba.com\/wp-content\/uploads\/2025\/09\/Expo-Bera-Productiva-2025.2-1024x683.webp\" alt=\"\" class=\"wp-image-2096\" srcset=\"https:\/\/produba.com\/wp-content\/uploads\/2025\/09\/Expo-Bera-Productiva-2025.2-1024x683.webp 1024w, https:\/\/produba.com\/wp-content\/uploads\/2025\/09\/Expo-Bera-Productiva-2025.2-300x200.webp 300w, https:\/\/produba.com\/wp-content\/uploads\/2025\/09\/Expo-Bera-Productiva-2025.2-768x512.webp 768w, https:\/\/produba.com\/wp-content\/uploads\/2025\/09\/Expo-Bera-Productiva-2025.2-780x520.webp 780w, https:\/\/produba.com\/wp-content\/uploads\/2025\/09\/Expo-Bera-Productiva-2025.2-600x400.webp 600w, https:\/\/produba.com\/wp-content\/uploads\/2025\/09\/Expo-Bera-Productiva-2025.2-550x367.webp 550w, https:\/\/produba.com\/wp-content\/uploads\/2025\/09\/Expo-Bera-Productiva-2025.2-370x247.webp 370w, https:\/\/produba.com\/wp-content\/uploads\/2025\/09\/Expo-Bera-Productiva-2025.2-255x170.webp 255w, https:\/\/produba.com\/wp-content\/uploads\/2025\/09\/Expo-Bera-Productiva-2025.2.webp 1080w\" sizes=\"(max-width: 1024px) 100vw, 1024px\" \/><\/figure>\n\n\n\n<p><strong>El encuentro de Producci\u00f3n Bonaerense tuvo inscriptas m\u00e1s de 150 empresas fabricantes de productos finales para g\u00f3ndola y cont\u00f3 con 20 compradores representantes de diferentes supermercados locales y cadenas nacionales, autoservicios y grupos de compras de toda la provincia, con quienes se generaron m\u00e1s de 350 reuniones de negocios.&nbsp;<\/strong><\/p>\n\n\n\n<p>Por su parte, en la Ronda Multisectorial se inscribieron 160 pymes industriales de distintos rubros y proveedoras de servicios, que mantuvieron encuentros con potenciales socios estrat\u00e9gicos y clientes de la provincia. En este espacio se concretaron 500 reuniones orientadas a promover nuevas cadenas de valor, potenciar la complementariedad entre sectores y abrir oportunidades de negocios para fortalecer la producci\u00f3n local.<\/p>\n\n\n\n<figure class=\"wp-block-image size-large\"><img decoding=\"async\" width=\"1024\" height=\"683\" src=\"https:\/\/produba.com\/wp-content\/uploads\/2025\/09\/Expo-Bera-Productiva-2025.4-1024x683.webp\" alt=\"\" class=\"wp-image-2098\" srcset=\"https:\/\/produba.com\/wp-content\/uploads\/2025\/09\/Expo-Bera-Productiva-2025.4-1024x683.webp 1024w, https:\/\/produba.com\/wp-content\/uploads\/2025\/09\/Expo-Bera-Productiva-2025.4-300x200.webp 300w, https:\/\/produba.com\/wp-content\/uploads\/2025\/09\/Expo-Bera-Productiva-2025.4-768x512.webp 768w, https:\/\/produba.com\/wp-content\/uploads\/2025\/09\/Expo-Bera-Productiva-2025.4-780x520.webp 780w, https:\/\/produba.com\/wp-content\/uploads\/2025\/09\/Expo-Bera-Productiva-2025.4-600x400.webp 600w, https:\/\/produba.com\/wp-content\/uploads\/2025\/09\/Expo-Bera-Productiva-2025.4-550x367.webp 550w, https:\/\/produba.com\/wp-content\/uploads\/2025\/09\/Expo-Bera-Productiva-2025.4-370x247.webp 370w, https:\/\/produba.com\/wp-content\/uploads\/2025\/09\/Expo-Bera-Productiva-2025.4-255x170.webp 255w, https:\/\/produba.com\/wp-content\/uploads\/2025\/09\/Expo-Bera-Productiva-2025.4.webp 1080w\" sizes=\"(max-width: 1024px) 100vw, 1024px\" \/><\/figure>\n\n\n\n<p>La articulaci\u00f3n entre la Ronda de Negocios de Producci\u00f3n Bonaerense y la Ronda de Negocios Multisectorial fortaleci\u00f3 la pol\u00edtica provincial de apoyo a las empresas locales, ya que potenci\u00f3 los v\u00ednculos comerciales, gener\u00f3 nuevos contactos productivos y permiti\u00f3 difundir de manera integral las herramientas de financiamiento, asistencia t\u00e9cnica y promoci\u00f3n que el Estado bonaerense pone a disposici\u00f3n del entramado productivo.<\/p>\n\n\n\n<p><strong><em>\u201cUna de cada cuatro pymes que participa en las rondas de Producci\u00f3n Bonaerense y se re\u00fane con autoservicios, supermercados y grupos de compra, logra ingresar como proveedor a alg\u00fan nuevo punto de venta\u201d<\/em>, destac\u00f3 el subsecretario de Desarrollo Comercial y Promoci\u00f3n de Inversiones de la Provincia, Ariel Aguilar<\/strong>. Por su parte, <strong>Mariela Bembi, la subsecretaria de Industria y Pymes bonaerense<\/strong>, agreg\u00f3 que <strong>\u201c<em>una de cada tres empresas que asiste a las Rondas logra concretar negocios a partir de su participaci\u00f3n\u201d<\/em>.<\/strong><\/p>\n\n\n\n<p><strong>Desde 2022, m\u00e1s de 20.000 empresas ya han participado en las Rondas de Negocios que organiza la Provincia: el 95 por ciento de quienes asisten afirma haber sumado contactos de utilidad.<\/strong><\/p>\n\n\n\n<figure class=\"wp-block-image size-large\"><img decoding=\"async\" width=\"1024\" height=\"683\" src=\"https:\/\/produba.com\/wp-content\/uploads\/2025\/09\/Expo-Bera-Productiva-2025.-1-1024x683.webp\" alt=\"\" class=\"wp-image-2095\" srcset=\"https:\/\/produba.com\/wp-content\/uploads\/2025\/09\/Expo-Bera-Productiva-2025.-1-1024x683.webp 1024w, https:\/\/produba.com\/wp-content\/uploads\/2025\/09\/Expo-Bera-Productiva-2025.-1-300x200.webp 300w, https:\/\/produba.com\/wp-content\/uploads\/2025\/09\/Expo-Bera-Productiva-2025.-1-768x512.webp 768w, https:\/\/produba.com\/wp-content\/uploads\/2025\/09\/Expo-Bera-Productiva-2025.-1-780x520.webp 780w, https:\/\/produba.com\/wp-content\/uploads\/2025\/09\/Expo-Bera-Productiva-2025.-1-600x400.webp 600w, https:\/\/produba.com\/wp-content\/uploads\/2025\/09\/Expo-Bera-Productiva-2025.-1-550x367.webp 550w, https:\/\/produba.com\/wp-content\/uploads\/2025\/09\/Expo-Bera-Productiva-2025.-1-370x247.webp 370w, https:\/\/produba.com\/wp-content\/uploads\/2025\/09\/Expo-Bera-Productiva-2025.-1-255x170.webp 255w, https:\/\/produba.com\/wp-content\/uploads\/2025\/09\/Expo-Bera-Productiva-2025.-1.webp 1080w\" sizes=\"(max-width: 1024px) 100vw, 1024px\" \/><\/figure>\n\n\n\n<p>Durante la jornada estuvieron presentes representantes del ministerio de Ambiente, la Autoridad del Agua de la provincia de Buenos Aires, el Banco Provincia; as\u00ed como de la Comisi\u00f3n de Investigaciones Cient\u00edficas (CIC), y del Fondo de Garant\u00edas Buenos Aires (FoGaBA). Tambi\u00e9n formaron parte representantes de La C\u00e1mara Argentina de Supermercados (CAS) y La Federaci\u00f3n Argentina de Supermercados y Autoservicios (FASA) y de otras instituciones p\u00fablicas de la Provincia y el municipio. <\/p>\n\n\n\n<p>La pr\u00f3xima Ronda de Negocios organizada por el Estado provincial ser\u00e1 en Avellaneda (2\/9). Para acceder a m\u00e1s informaci\u00f3n o inscribirse en pr\u00f3ximas Rondas, ingresar en <a href=\"https:\/\/www.gba.gob.ar\/produccion\/ronda_de_negocios\">https:\/\/www.gba.gob.ar\/produccion\/ronda_de_negocios<\/a><\/p>\n","protected":false},"excerpt":{"rendered":"<p>La Expo Bera Productiva 2025 fue sede del encuentro en el cual participaron peque\u00f1as y medianas empresas, cooperativas y grandes firmas de 40 distritos bonaerenses. El evento tuvo como objetivo promover las pol\u00edticas productivas y comerciales que lleva adelante la Provincia El Ministerio de Producci\u00f3n, Ciencia e Innovaci\u00f3n Tecnol\u00f3gica de la provincia de Buenos Aires &#8230;<\/p>\n","protected":false},"author":1,"featured_media":2097,"comment_status":"closed","ping_status":"closed","sticky":false,"template":"","format":"standard","meta":{"loftocean_post_format_gallery":"","loftocean_post_format_gallery_ids":"","loftocean_post_format_gallery_urls":"","loftocean_post_format_video_id":0,"loftocean_post_format_video_url":"","loftocean_post_format_video_type":"","loftocean_post_format_video":"","loftocean_post_format_audio_type":"","loftocean_post_format_audio_url":"","loftocean_post_format_audio_id":0,"loftocean_post_format_audio":"","loftocean-featured-post":"","loftocean-like-count":0,"loftocean-view-count":109,"loftocean_coauthors":"","alpaca_post_content_reading_setting":"","alpaca_reading_speed_per_minute":0,"alpaca_reading_speed_unit":"","alpaca_single_post_template_layout":""},"categories":[4,6,3],"tags":[29,166,233,439,79,41,287],"loftoceanMetas":{"readingTime":"3 minutos de lectura","authorName":"ProduBA","categories":[{"name":"Desarrollo Local","link":"https:\/\/produba.com\/index.php\/category\/desarrollo_local\/","count":196},{"name":"Municipios","link":"https:\/\/produba.com\/index.php\/category\/municipios\/","count":379},{"name":"Producci\u00f3n","link":"https:\/\/produba.com\/index.php\/category\/produccion\/","count":401}],"date":"1 de septiembre de 2025","featuredImageSRC":"https:\/\/produba.com\/wp-content\/uploads\/2025\/09\/Expo-Bera-Productiva-2025.3-150x150.webp"},"_links":{"self":[{"href":"https:\/\/produba.com\/index.php\/wp-json\/wp\/v2\/posts\/2094"}],"collection":[{"href":"https:\/\/produba.com\/index.php\/wp-json\/wp\/v2\/posts"}],"about":[{"href":"https:\/\/produba.com\/index.php\/wp-json\/wp\/v2\/types\/post"}],"author":[{"embeddable":true,"href":"https:\/\/produba.com\/index.php\/wp-json\/wp\/v2\/users\/1"}],"replies":[{"embeddable":true,"href":"https:\/\/produba.com\/index.php\/wp-json\/wp\/v2\/comments?post=2094"}],"version-history":[{"count":3,"href":"https:\/\/produba.com\/index.php\/wp-json\/wp\/v2\/posts\/2094\/revisions"}],"predecessor-version":[{"id":2102,"href":"https:\/\/produba.com\/index.php\/wp-json\/wp\/v2\/posts\/2094\/revisions\/2102"}],"wp:featuredmedia":[{"embeddable":true,"href":"https:\/\/produba.com\/index.php\/wp-json\/wp\/v2\/media\/2097"}],"wp:attachment":[{"href":"https:\/\/produba.com\/index.php\/wp-json\/wp\/v2\/media?parent=2094"}],"wp:term":[{"taxonomy":"category","embeddable":true,"href":"https:\/\/produba.com\/index.php\/wp-json\/wp\/v2\/categories?post=2094"},{"taxonomy":"post_tag","embeddable":true,"href":"https:\/\/produba.com\/index.php\/wp-json\/wp\/v2\/tags?post=2094"}],"curies":[{"name":"wp","href":"https:\/\/api.w.org\/{rel}","templated":true}]}}