{"id":2000,"date":"2025-08-08T15:25:58","date_gmt":"2025-08-08T18:25:58","guid":{"rendered":"https:\/\/produba.com\/?p=2000"},"modified":"2025-08-08T15:25:59","modified_gmt":"2025-08-08T18:25:59","slug":"san-martin-se-inauguro-la-expo-ciudad-pyme-2025","status":"publish","type":"post","link":"https:\/\/produba.com\/index.php\/2025\/08\/08\/san-martin-se-inauguro-la-expo-ciudad-pyme-2025\/","title":{"rendered":"San Mart\u00edn: se inaugur\u00f3 la Expo Ciudad PyME 2025"},"content":{"rendered":"\n<h5>El intendente Moreira puso en marcha la segunda edici\u00f3n de la gran muestra industrial de la ciudad, con la participaci\u00f3n de m\u00e1s de 150 peque\u00f1as y medianas empresas locales e instituciones como la UNSAM, el INTI y la CNEA<\/h5>\n\n\n\n<p><strong>El intendente de San Mart\u00edn, Fernando Moreira, encabez\u00f3 la apertura de la Expo Ciudad PyME 2025<\/strong>, que comenz\u00f3 el d\u00eda de ayer en el Parque Yrigoyen y el Centro de Exposiciones Miguelete.<\/p>\n\n\n\n<blockquote class=\"instagram-media\" data-instgrm-captioned data-instgrm-permalink=\"https:\/\/www.instagram.com\/reel\/DNE_CZUsW8S\/?utm_source=ig_embed&amp;utm_campaign=loading\" data-instgrm-version=\"14\" style=\" background:#FFF; border:0; border-radius:3px; box-shadow:0 0 1px 0 rgba(0,0,0,0.5),0 1px 10px 0 rgba(0,0,0,0.15); margin: 1px; max-width:540px; min-width:326px; padding:0; width:99.375%; width:-webkit-calc(100% - 2px); width:calc(100% - 2px);\"><div style=\"padding:16px;\"> <a href=\"https:\/\/www.instagram.com\/reel\/DNE_CZUsW8S\/?utm_source=ig_embed&amp;utm_campaign=loading\" style=\" background:#FFFFFF; line-height:0; padding:0 0; text-align:center; text-decoration:none; width:100%;\" target=\"_blank\" rel=\"noopener\"> <div style=\" display: flex; flex-direction: row; align-items: center;\"> <div style=\"background-color: #F4F4F4; border-radius: 50%; flex-grow: 0; height: 40px; margin-right: 14px; width: 40px;\"><\/div> <div style=\"display: flex; flex-direction: column; flex-grow: 1; justify-content: center;\"> <div style=\" background-color: #F4F4F4; border-radius: 4px; flex-grow: 0; height: 14px; margin-bottom: 6px; width: 100px;\"><\/div> <div style=\" background-color: #F4F4F4; border-radius: 4px; flex-grow: 0; height: 14px; width: 60px;\"><\/div><\/div><\/div><div style=\"padding: 19% 0;\"><\/div> <div style=\"display:block; height:50px; margin:0 auto 12px; width:50px;\"><svg width=\"50px\" height=\"50px\" viewBox=\"0 0 60 60\" version=\"1.1\" xmlns=\"https:\/\/www.w3.org\/2000\/svg\" xmlns:xlink=\"https:\/\/www.w3.org\/1999\/xlink\"><g stroke=\"none\" stroke-width=\"1\" fill=\"none\" fill-rule=\"evenodd\"><g transform=\"translate(-511.000000, -20.000000)\" fill=\"#000000\"><g><path d=\"M556.869,30.41 C554.814,30.41 553.148,32.076 553.148,34.131 C553.148,36.186 554.814,37.852 556.869,37.852 C558.924,37.852 560.59,36.186 560.59,34.131 C560.59,32.076 558.924,30.41 556.869,30.41 M541,60.657 C535.114,60.657 530.342,55.887 530.342,50 C530.342,44.114 535.114,39.342 541,39.342 C546.887,39.342 551.658,44.114 551.658,50 C551.658,55.887 546.887,60.657 541,60.657 M541,33.886 C532.1,33.886 524.886,41.1 524.886,50 C524.886,58.899 532.1,66.113 541,66.113 C549.9,66.113 557.115,58.899 557.115,50 C557.115,41.1 549.9,33.886 541,33.886 M565.378,62.101 C565.244,65.022 564.756,66.606 564.346,67.663 C563.803,69.06 563.154,70.057 562.106,71.106 C561.058,72.155 560.06,72.803 558.662,73.347 C557.607,73.757 556.021,74.244 553.102,74.378 C549.944,74.521 548.997,74.552 541,74.552 C533.003,74.552 532.056,74.521 528.898,74.378 C525.979,74.244 524.393,73.757 523.338,73.347 C521.94,72.803 520.942,72.155 519.894,71.106 C518.846,70.057 518.197,69.06 517.654,67.663 C517.244,66.606 516.755,65.022 516.623,62.101 C516.479,58.943 516.448,57.996 516.448,50 C516.448,42.003 516.479,41.056 516.623,37.899 C516.755,34.978 517.244,33.391 517.654,32.338 C518.197,30.938 518.846,29.942 519.894,28.894 C520.942,27.846 521.94,27.196 523.338,26.654 C524.393,26.244 525.979,25.756 528.898,25.623 C532.057,25.479 533.004,25.448 541,25.448 C548.997,25.448 549.943,25.479 553.102,25.623 C556.021,25.756 557.607,26.244 558.662,26.654 C560.06,27.196 561.058,27.846 562.106,28.894 C563.154,29.942 563.803,30.938 564.346,32.338 C564.756,33.391 565.244,34.978 565.378,37.899 C565.522,41.056 565.552,42.003 565.552,50 C565.552,57.996 565.522,58.943 565.378,62.101 M570.82,37.631 C570.674,34.438 570.167,32.258 569.425,30.349 C568.659,28.377 567.633,26.702 565.965,25.035 C564.297,23.368 562.623,22.342 560.652,21.575 C558.743,20.834 556.562,20.326 553.369,20.18 C550.169,20.033 549.148,20 541,20 C532.853,20 531.831,20.033 528.631,20.18 C525.438,20.326 523.257,20.834 521.349,21.575 C519.376,22.342 517.703,23.368 516.035,25.035 C514.368,26.702 513.342,28.377 512.574,30.349 C511.834,32.258 511.326,34.438 511.181,37.631 C511.035,40.831 511,41.851 511,50 C511,58.147 511.035,59.17 511.181,62.369 C511.326,65.562 511.834,67.743 512.574,69.651 C513.342,71.625 514.368,73.296 516.035,74.965 C517.703,76.634 519.376,77.658 521.349,78.425 C523.257,79.167 525.438,79.673 528.631,79.82 C531.831,79.965 532.853,80.001 541,80.001 C549.148,80.001 550.169,79.965 553.369,79.82 C556.562,79.673 558.743,79.167 560.652,78.425 C562.623,77.658 564.297,76.634 565.965,74.965 C567.633,73.296 568.659,71.625 569.425,69.651 C570.167,67.743 570.674,65.562 570.82,62.369 C570.966,59.17 571,58.147 571,50 C571,41.851 570.966,40.831 570.82,37.631\"><\/path><\/g><\/g><\/g><\/svg><\/div><div style=\"padding-top: 8px;\"> <div style=\" color:#3897f0; font-family:Arial,sans-serif; font-size:14px; font-style:normal; font-weight:550; line-height:18px;\">Ver esta publicaci\u00f3n en Instagram<\/div><\/div><div style=\"padding: 12.5% 0;\"><\/div> <div style=\"display: flex; flex-direction: row; margin-bottom: 14px; align-items: center;\"><div> <div style=\"background-color: #F4F4F4; border-radius: 50%; height: 12.5px; width: 12.5px; transform: translateX(0px) translateY(7px);\"><\/div> <div style=\"background-color: #F4F4F4; height: 12.5px; transform: rotate(-45deg) translateX(3px) translateY(1px); width: 12.5px; flex-grow: 0; margin-right: 14px; margin-left: 2px;\"><\/div> <div style=\"background-color: #F4F4F4; border-radius: 50%; height: 12.5px; width: 12.5px; transform: translateX(9px) translateY(-18px);\"><\/div><\/div><div style=\"margin-left: 8px;\"> <div style=\" background-color: #F4F4F4; border-radius: 50%; flex-grow: 0; height: 20px; width: 20px;\"><\/div> <div style=\" width: 0; height: 0; border-top: 2px solid transparent; border-left: 6px solid #f4f4f4; border-bottom: 2px solid transparent; transform: translateX(16px) translateY(-4px) rotate(30deg)\"><\/div><\/div><div style=\"margin-left: auto;\"> <div style=\" width: 0px; border-top: 8px solid #F4F4F4; border-right: 8px solid transparent; transform: translateY(16px);\"><\/div> <div style=\" background-color: #F4F4F4; flex-grow: 0; height: 12px; width: 16px; transform: translateY(-4px);\"><\/div> <div style=\" width: 0; height: 0; border-top: 8px solid #F4F4F4; border-left: 8px solid transparent; transform: translateY(-4px) translateX(8px);\"><\/div><\/div><\/div> <div style=\"display: flex; flex-direction: column; flex-grow: 1; justify-content: center; margin-bottom: 24px;\"> <div style=\" background-color: #F4F4F4; border-radius: 4px; flex-grow: 0; height: 14px; margin-bottom: 6px; width: 224px;\"><\/div> <div style=\" background-color: #F4F4F4; border-radius: 4px; flex-grow: 0; height: 14px; width: 144px;\"><\/div><\/div><\/a><p style=\" color:#c9c8cd; font-family:Arial,sans-serif; font-size:14px; line-height:17px; margin-bottom:0; margin-top:8px; overflow:hidden; padding:8px 0 7px; text-align:center; text-overflow:ellipsis; white-space:nowrap;\"><a href=\"https:\/\/www.instagram.com\/reel\/DNE_CZUsW8S\/?utm_source=ig_embed&amp;utm_campaign=loading\" style=\" color:#c9c8cd; font-family:Arial,sans-serif; font-size:14px; font-style:normal; font-weight:normal; line-height:17px; text-decoration:none;\" target=\"_blank\" rel=\"noopener\">Una publicaci\u00f3n compartida por Municipalidad de San Marti\u0301n (@sanmartingob)<\/a><\/p><\/div><\/blockquote>\n<script async src=\"\/\/www.instagram.com\/embed.js\"><\/script>\n\n\n\n<p><strong><em>\u201cEn San Mart\u00edn sentimos orgullo de ser una ciudad industrial y hacemos esta exposici\u00f3n porque queremos mostrar todo el desarrollo y el potencial productivo de nuestras PyMEs, que hoy est\u00e1n pasando un momento muy dif\u00edcil por las pol\u00edticas del gobierno nacional\u201d<\/em>, resalt\u00f3 el Jefe Comunal durante la inauguraci\u00f3n.<\/strong><\/p>\n\n\n\n<figure class=\"wp-block-image size-large\"><img decoding=\"async\" width=\"819\" height=\"1024\" src=\"https:\/\/produba.com\/wp-content\/uploads\/2025\/08\/Expo-Ciudad-PyME-2025-5-819x1024.jpg\" alt=\"\" class=\"wp-image-2001\" srcset=\"https:\/\/produba.com\/wp-content\/uploads\/2025\/08\/Expo-Ciudad-PyME-2025-5-819x1024.jpg 819w, https:\/\/produba.com\/wp-content\/uploads\/2025\/08\/Expo-Ciudad-PyME-2025-5-240x300.jpg 240w, https:\/\/produba.com\/wp-content\/uploads\/2025\/08\/Expo-Ciudad-PyME-2025-5-768x960.jpg 768w, https:\/\/produba.com\/wp-content\/uploads\/2025\/08\/Expo-Ciudad-PyME-2025-5-780x975.jpg 780w, https:\/\/produba.com\/wp-content\/uploads\/2025\/08\/Expo-Ciudad-PyME-2025-5-600x750.jpg 600w, https:\/\/produba.com\/wp-content\/uploads\/2025\/08\/Expo-Ciudad-PyME-2025-5-550x688.jpg 550w, https:\/\/produba.com\/wp-content\/uploads\/2025\/08\/Expo-Ciudad-PyME-2025-5-370x463.jpg 370w, https:\/\/produba.com\/wp-content\/uploads\/2025\/08\/Expo-Ciudad-PyME-2025-5-255x319.jpg 255w, https:\/\/produba.com\/wp-content\/uploads\/2025\/08\/Expo-Ciudad-PyME-2025-5.jpg 1080w\" sizes=\"(max-width: 819px) 100vw, 819px\" \/><\/figure>\n\n\n\n<p>Y agreg\u00f3: <em>\u201cComo ciudad que es Capital Nacional de la PyME Industrial vemos con much\u00edsima preocupaci\u00f3n la apertura indiscriminada de importaciones y el ajuste de Milei, que sigue golpeando la producci\u00f3n de nuestras empresas, provocando despidos y cierres de f\u00e1bricas\u201d.<\/em><\/p>\n\n\n\n<p>Tambi\u00e9n participaron de la apertura el presidente de la C\u00e1mara Econ\u00f3mica Sanmartinense, Juan Ciolli, la subsecretaria de Industria y PyMEs de la Provincia, Mariela Bembi, la subsecretaria de Priorizaci\u00f3n y Seguimiento Econ\u00f3mico y Productivo bonaerense, Ayel\u00e9n Borda, y el secretario de Producci\u00f3n y Desarrollo Econ\u00f3mico del Municipio, Alejandro Tsolis, junto a empresarias, empresarios y representantes de distintas instituciones como la UNSAM, el INTI, cooperativas, sindicatos, escuelas t\u00e9cnicas, c\u00e1maras empresarias y la Comisi\u00f3n Nacional de Energ\u00eda At\u00f3mica.<\/p>\n\n\n\n<figure class=\"wp-block-image size-large\"><img decoding=\"async\" width=\"819\" height=\"1024\" src=\"https:\/\/produba.com\/wp-content\/uploads\/2025\/08\/Expo-Ciudad-PyME-2025-2-819x1024.jpg\" alt=\"\" class=\"wp-image-2004\" srcset=\"https:\/\/produba.com\/wp-content\/uploads\/2025\/08\/Expo-Ciudad-PyME-2025-2-819x1024.jpg 819w, https:\/\/produba.com\/wp-content\/uploads\/2025\/08\/Expo-Ciudad-PyME-2025-2-240x300.jpg 240w, https:\/\/produba.com\/wp-content\/uploads\/2025\/08\/Expo-Ciudad-PyME-2025-2-768x960.jpg 768w, https:\/\/produba.com\/wp-content\/uploads\/2025\/08\/Expo-Ciudad-PyME-2025-2-780x975.jpg 780w, https:\/\/produba.com\/wp-content\/uploads\/2025\/08\/Expo-Ciudad-PyME-2025-2-600x750.jpg 600w, https:\/\/produba.com\/wp-content\/uploads\/2025\/08\/Expo-Ciudad-PyME-2025-2-550x688.jpg 550w, https:\/\/produba.com\/wp-content\/uploads\/2025\/08\/Expo-Ciudad-PyME-2025-2-370x463.jpg 370w, https:\/\/produba.com\/wp-content\/uploads\/2025\/08\/Expo-Ciudad-PyME-2025-2-255x319.jpg 255w, https:\/\/produba.com\/wp-content\/uploads\/2025\/08\/Expo-Ciudad-PyME-2025-2.jpg 1080w\" sizes=\"(max-width: 819px) 100vw, 819px\" \/><\/figure>\n\n\n\n<p>La muestra industrial continuar\u00e1 ma\u00f1ana, de 10 a 18, y el s\u00e1bado y domingo de 12 a 21, con m\u00e1s de 150 stands de empresas e instituciones locales y nacionales, rondas de negocios, la Feria Conexi\u00f3n Empleo, demostraciones de \u00faltima tecnolog\u00eda y actividades al aire libre, todo con entrada gratuita.<\/p>\n\n\n\n<p>Adem\u00e1s, hay shows en vivo y zona gastron\u00f3mica de comercios locales. La agenda completa est\u00e1 disponible en la web municipal.<\/p>\n\n\n\n<figure class=\"wp-block-image size-large\"><img decoding=\"async\" width=\"819\" height=\"1024\" src=\"https:\/\/produba.com\/wp-content\/uploads\/2025\/08\/Expo-Ciudad-PyME-2025-4-819x1024.jpg\" alt=\"\" class=\"wp-image-2002\" srcset=\"https:\/\/produba.com\/wp-content\/uploads\/2025\/08\/Expo-Ciudad-PyME-2025-4-819x1024.jpg 819w, https:\/\/produba.com\/wp-content\/uploads\/2025\/08\/Expo-Ciudad-PyME-2025-4-240x300.jpg 240w, https:\/\/produba.com\/wp-content\/uploads\/2025\/08\/Expo-Ciudad-PyME-2025-4-768x960.jpg 768w, https:\/\/produba.com\/wp-content\/uploads\/2025\/08\/Expo-Ciudad-PyME-2025-4-780x975.jpg 780w, https:\/\/produba.com\/wp-content\/uploads\/2025\/08\/Expo-Ciudad-PyME-2025-4-600x750.jpg 600w, https:\/\/produba.com\/wp-content\/uploads\/2025\/08\/Expo-Ciudad-PyME-2025-4-550x688.jpg 550w, https:\/\/produba.com\/wp-content\/uploads\/2025\/08\/Expo-Ciudad-PyME-2025-4-370x463.jpg 370w, https:\/\/produba.com\/wp-content\/uploads\/2025\/08\/Expo-Ciudad-PyME-2025-4-255x319.jpg 255w, https:\/\/produba.com\/wp-content\/uploads\/2025\/08\/Expo-Ciudad-PyME-2025-4.jpg 1080w\" sizes=\"(max-width: 819px) 100vw, 819px\" \/><\/figure>\n\n\n\n<p>El evento busca generar intercambios y oportunidades entre las PyMES, vincular las opciones de formaci\u00f3n, las ofertas laborales y las demandas de empleo, impulsar negocios para fortalecer la agenda industrial y comercial local, entre otros objetivos. <\/p>\n\n\n\n<p><strong>En la primera edici\u00f3n de la Expo Ciudad PyME participaron m\u00e1s de 30 mil personas, 150 empresas, 500 empresarias y empresarios, 1.200 estudiantes y hubo 1.500 reuniones de vinculaci\u00f3n.<\/strong><\/p>\n","protected":false},"excerpt":{"rendered":"<p>El intendente Moreira puso en marcha la segunda edici\u00f3n de la gran muestra industrial de la ciudad, con la participaci\u00f3n de m\u00e1s de 150 peque\u00f1as y medianas empresas locales e instituciones como la UNSAM, el INTI y la CNEA El intendente de San Mart\u00edn, Fernando Moreira, encabez\u00f3 la apertura de la Expo Ciudad PyME 2025, &#8230;<\/p>\n","protected":false},"author":1,"featured_media":2005,"comment_status":"closed","ping_status":"closed","sticky":false,"template":"","format":"standard","meta":{"loftocean_post_format_gallery":"","loftocean_post_format_gallery_ids":"","loftocean_post_format_gallery_urls":"","loftocean_post_format_video_id":0,"loftocean_post_format_video_url":"","loftocean_post_format_video_type":"","loftocean_post_format_video":"","loftocean_post_format_audio_type":"","loftocean_post_format_audio_url":"","loftocean_post_format_audio_id":0,"loftocean_post_format_audio":"","loftocean-featured-post":"","loftocean-like-count":0,"loftocean-view-count":126,"loftocean_coauthors":"","alpaca_post_content_reading_setting":"","alpaca_reading_speed_per_minute":0,"alpaca_reading_speed_unit":"","alpaca_single_post_template_layout":""},"categories":[7],"tags":[352,353,41,243],"loftoceanMetas":{"readingTime":"2 minutos de lectura","authorName":"ProduBA","categories":[{"name":"Inter\u00e9s General","link":"https:\/\/produba.com\/index.php\/category\/interes_general\/","count":121}],"date":"8 de agosto de 2025","featuredImageSRC":"https:\/\/produba.com\/wp-content\/uploads\/2025\/08\/Expo-Ciudad-PyME-2025-150x150.jpg"},"_links":{"self":[{"href":"https:\/\/produba.com\/index.php\/wp-json\/wp\/v2\/posts\/2000"}],"collection":[{"href":"https:\/\/produba.com\/index.php\/wp-json\/wp\/v2\/posts"}],"about":[{"href":"https:\/\/produba.com\/index.php\/wp-json\/wp\/v2\/types\/post"}],"author":[{"embeddable":true,"href":"https:\/\/produba.com\/index.php\/wp-json\/wp\/v2\/users\/1"}],"replies":[{"embeddable":true,"href":"https:\/\/produba.com\/index.php\/wp-json\/wp\/v2\/comments?post=2000"}],"version-history":[{"count":1,"href":"https:\/\/produba.com\/index.php\/wp-json\/wp\/v2\/posts\/2000\/revisions"}],"predecessor-version":[{"id":2006,"href":"https:\/\/produba.com\/index.php\/wp-json\/wp\/v2\/posts\/2000\/revisions\/2006"}],"wp:featuredmedia":[{"embeddable":true,"href":"https:\/\/produba.com\/index.php\/wp-json\/wp\/v2\/media\/2005"}],"wp:attachment":[{"href":"https:\/\/produba.com\/index.php\/wp-json\/wp\/v2\/media?parent=2000"}],"wp:term":[{"taxonomy":"category","embeddable":true,"href":"https:\/\/produba.com\/index.php\/wp-json\/wp\/v2\/categories?post=2000"},{"taxonomy":"post_tag","embeddable":true,"href":"https:\/\/produba.com\/index.php\/wp-json\/wp\/v2\/tags?post=2000"}],"curies":[{"name":"wp","href":"https:\/\/api.w.org\/{rel}","templated":true}]}}