{"id":1911,"date":"2025-07-16T14:57:17","date_gmt":"2025-07-16T17:57:17","guid":{"rendered":"https:\/\/produba.com\/?p=1911"},"modified":"2025-07-16T14:57:19","modified_gmt":"2025-07-16T17:57:19","slug":"olavarria-el-municipio-brindo-un-taller-para-emprendedores-y-trabajadores-de-la-economia-popular","status":"publish","type":"post","link":"https:\/\/produba.com\/index.php\/2025\/07\/16\/olavarria-el-municipio-brindo-un-taller-para-emprendedores-y-trabajadores-de-la-economia-popular\/","title":{"rendered":"Olavarr\u00eda: el municipio brind\u00f3 un taller para emprendedores y trabajadores de la Econom\u00eda Popular"},"content":{"rendered":"\n<h5>El gobierno olavarriense incentiva los espacios de formaci\u00f3n y capacitaci\u00f3n para que los interesados puedan desarrollar y potenciar sus emprendimientos y proyectos productivos<\/h5>\n\n\n\n<p><strong>En la ma\u00f1ana de ayer, el Municipio de Olavarr\u00eda<\/strong>, a trav\u00e9s de la Coordinaci\u00f3n de Econom\u00eda Popular, \u00e1rea que depende de la Secretar\u00eda de Desarrollo Econ\u00f3mico y Productivo, <strong>realiz\u00f3 el taller <em>\u201cFormalizaci\u00f3n para el Desarrollo Emprendedor\u201d<\/em>.<\/strong><\/p>\n\n\n\n<p><strong>El encuentro, dirigido a emprendedores y trabajadores de la Econom\u00eda Popular<\/strong>, tuvo lugar en el CIIT (Centro Interdisciplinario de Innovaci\u00f3n Tecnol\u00f3gica) ubicado en el Polo Educativo y Recreativo \u201cLa M\u00e1xima\u201d.&nbsp;<\/p>\n\n\n\n<figure class=\"wp-block-image size-large\"><img decoding=\"async\" width=\"1024\" height=\"683\" src=\"https:\/\/produba.com\/wp-content\/uploads\/2025\/07\/Olavarria-Taller-Emprendedores-3-1024x683.jpg\" alt=\"\" class=\"wp-image-1912\" srcset=\"https:\/\/produba.com\/wp-content\/uploads\/2025\/07\/Olavarria-Taller-Emprendedores-3-1024x683.jpg 1024w, https:\/\/produba.com\/wp-content\/uploads\/2025\/07\/Olavarria-Taller-Emprendedores-3-300x200.jpg 300w, https:\/\/produba.com\/wp-content\/uploads\/2025\/07\/Olavarria-Taller-Emprendedores-3-768x512.jpg 768w, https:\/\/produba.com\/wp-content\/uploads\/2025\/07\/Olavarria-Taller-Emprendedores-3-1536x1024.jpg 1536w, https:\/\/produba.com\/wp-content\/uploads\/2025\/07\/Olavarria-Taller-Emprendedores-3-2048x1366.jpg 2048w, https:\/\/produba.com\/wp-content\/uploads\/2025\/07\/Olavarria-Taller-Emprendedores-3-1920x1280.jpg 1920w, https:\/\/produba.com\/wp-content\/uploads\/2025\/07\/Olavarria-Taller-Emprendedores-3-1440x960.jpg 1440w, https:\/\/produba.com\/wp-content\/uploads\/2025\/07\/Olavarria-Taller-Emprendedores-3-1200x800.jpg 1200w, https:\/\/produba.com\/wp-content\/uploads\/2025\/07\/Olavarria-Taller-Emprendedores-3-780x520.jpg 780w, https:\/\/produba.com\/wp-content\/uploads\/2025\/07\/Olavarria-Taller-Emprendedores-3-600x400.jpg 600w, https:\/\/produba.com\/wp-content\/uploads\/2025\/07\/Olavarria-Taller-Emprendedores-3-550x367.jpg 550w, https:\/\/produba.com\/wp-content\/uploads\/2025\/07\/Olavarria-Taller-Emprendedores-3-370x247.jpg 370w, https:\/\/produba.com\/wp-content\/uploads\/2025\/07\/Olavarria-Taller-Emprendedores-3-255x170.jpg 255w\" sizes=\"(max-width: 1024px) 100vw, 1024px\" \/><\/figure>\n\n\n\n<p>Algunos de los ejes abordados fueron:<\/p>\n\n\n\n<ul>\n<li><em>\u00bfPara qu\u00e9 y porqu\u00e9 formalizar un emprendimiento?&nbsp;<\/em><\/li>\n\n\n\n<li><em>\u00bfC\u00f3mo Formalizar mi proyecto?<\/em><\/li>\n\n\n\n<li><em>Ventajas y desventajas de la formalizaci\u00f3n&nbsp;<\/em><\/li>\n\n\n\n<li><em>Formalizaci\u00f3n legal e impositiva&nbsp;<\/em><\/li>\n\n\n\n<li><em>Metodolog\u00eda&nbsp;<\/em><\/li>\n\n\n\n<li><em>Peque\u00f1os versus grandes contribuyentes&nbsp;<\/em><\/li>\n\n\n\n<li><em>R\u00e9gimen actual para peque\u00f1os contribuyentes&nbsp;<\/em><\/li>\n\n\n\n<li><em>Introducci\u00f3n para la inscripci\u00f3n y gesti\u00f3n en los organismos intervinientes, seguimiento y control.&nbsp;<\/em><\/li>\n\n\n\n<li><em>Programas sociales o de exenci\u00f3n impositiva vigentes.<\/em><\/li>\n<\/ul>\n\n\n\n<p>Esta iniciativa forma parte del acompa\u00f1amiento y asesoramiento que el Municipio ofrece a emprendedores locales, motor esencial de nuestro desarrollo econ\u00f3mico, a trav\u00e9s de espacios de formaci\u00f3n, capacitaci\u00f3n e intercambio con el objetivo de potenciar proyectos y pensar estrat\u00e9gicamente el desarrollo de cada sector.<\/p>\n\n\n\n<figure class=\"wp-block-image size-large\"><img decoding=\"async\" width=\"1024\" height=\"683\" src=\"https:\/\/produba.com\/wp-content\/uploads\/2025\/07\/Olavarria-Taller-Emprendedores-2-1024x683.jpg\" alt=\"\" class=\"wp-image-1913\" srcset=\"https:\/\/produba.com\/wp-content\/uploads\/2025\/07\/Olavarria-Taller-Emprendedores-2-1024x683.jpg 1024w, https:\/\/produba.com\/wp-content\/uploads\/2025\/07\/Olavarria-Taller-Emprendedores-2-300x200.jpg 300w, https:\/\/produba.com\/wp-content\/uploads\/2025\/07\/Olavarria-Taller-Emprendedores-2-768x512.jpg 768w, https:\/\/produba.com\/wp-content\/uploads\/2025\/07\/Olavarria-Taller-Emprendedores-2-1536x1024.jpg 1536w, https:\/\/produba.com\/wp-content\/uploads\/2025\/07\/Olavarria-Taller-Emprendedores-2-2048x1366.jpg 2048w, https:\/\/produba.com\/wp-content\/uploads\/2025\/07\/Olavarria-Taller-Emprendedores-2-1920x1280.jpg 1920w, https:\/\/produba.com\/wp-content\/uploads\/2025\/07\/Olavarria-Taller-Emprendedores-2-1440x960.jpg 1440w, https:\/\/produba.com\/wp-content\/uploads\/2025\/07\/Olavarria-Taller-Emprendedores-2-1200x800.jpg 1200w, https:\/\/produba.com\/wp-content\/uploads\/2025\/07\/Olavarria-Taller-Emprendedores-2-780x520.jpg 780w, https:\/\/produba.com\/wp-content\/uploads\/2025\/07\/Olavarria-Taller-Emprendedores-2-600x400.jpg 600w, https:\/\/produba.com\/wp-content\/uploads\/2025\/07\/Olavarria-Taller-Emprendedores-2-550x367.jpg 550w, https:\/\/produba.com\/wp-content\/uploads\/2025\/07\/Olavarria-Taller-Emprendedores-2-370x247.jpg 370w, https:\/\/produba.com\/wp-content\/uploads\/2025\/07\/Olavarria-Taller-Emprendedores-2-255x170.jpg 255w\" sizes=\"(max-width: 1024px) 100vw, 1024px\" \/><\/figure>\n\n\n\n<p>En esta l\u00ednea, en las pr\u00f3ximas semanas se brindar\u00e1 adem\u00e1s un taller de herramientas para la gesti\u00f3n econ\u00f3mica y financiera, que se prolongar\u00e1 desde mediados de agosto hasta el 16 de septiembre.<\/p>\n","protected":false},"excerpt":{"rendered":"<p>El gobierno olavarriense incentiva los espacios de formaci\u00f3n y capacitaci\u00f3n para que los interesados puedan desarrollar y potenciar sus emprendimientos y proyectos productivos En la ma\u00f1ana de ayer, el Municipio de Olavarr\u00eda, a trav\u00e9s de la Coordinaci\u00f3n de Econom\u00eda Popular, \u00e1rea que depende de la Secretar\u00eda de Desarrollo Econ\u00f3mico y Productivo, realiz\u00f3 el taller \u201cFormalizaci\u00f3n &#8230;<\/p>\n","protected":false},"author":1,"featured_media":1914,"comment_status":"closed","ping_status":"closed","sticky":false,"template":"","format":"standard","meta":{"loftocean_post_format_gallery":"","loftocean_post_format_gallery_ids":"","loftocean_post_format_gallery_urls":"","loftocean_post_format_video_id":0,"loftocean_post_format_video_url":"","loftocean_post_format_video_type":"","loftocean_post_format_video":"","loftocean_post_format_audio_type":"","loftocean_post_format_audio_url":"","loftocean_post_format_audio_id":0,"loftocean_post_format_audio":"","loftocean-featured-post":"","loftocean-like-count":0,"loftocean-view-count":133,"loftocean_coauthors":"","alpaca_post_content_reading_setting":"","alpaca_reading_speed_per_minute":0,"alpaca_reading_speed_unit":"","alpaca_single_post_template_layout":""},"categories":[6,3],"tags":[267,117,58,411],"loftoceanMetas":{"readingTime":"&lt; 1 minuto de lectura","authorName":"ProduBA","categories":[{"name":"Municipios","link":"https:\/\/produba.com\/index.php\/category\/municipios\/","count":380},{"name":"Producci\u00f3n","link":"https:\/\/produba.com\/index.php\/category\/produccion\/","count":403}],"date":"16 de julio de 2025","featuredImageSRC":"https:\/\/produba.com\/wp-content\/uploads\/2025\/07\/Olavarria-Taller-Emprendedores-1-150x150.jpg"},"_links":{"self":[{"href":"https:\/\/produba.com\/index.php\/wp-json\/wp\/v2\/posts\/1911"}],"collection":[{"href":"https:\/\/produba.com\/index.php\/wp-json\/wp\/v2\/posts"}],"about":[{"href":"https:\/\/produba.com\/index.php\/wp-json\/wp\/v2\/types\/post"}],"author":[{"embeddable":true,"href":"https:\/\/produba.com\/index.php\/wp-json\/wp\/v2\/users\/1"}],"replies":[{"embeddable":true,"href":"https:\/\/produba.com\/index.php\/wp-json\/wp\/v2\/comments?post=1911"}],"version-history":[{"count":2,"href":"https:\/\/produba.com\/index.php\/wp-json\/wp\/v2\/posts\/1911\/revisions"}],"predecessor-version":[{"id":1916,"href":"https:\/\/produba.com\/index.php\/wp-json\/wp\/v2\/posts\/1911\/revisions\/1916"}],"wp:featuredmedia":[{"embeddable":true,"href":"https:\/\/produba.com\/index.php\/wp-json\/wp\/v2\/media\/1914"}],"wp:attachment":[{"href":"https:\/\/produba.com\/index.php\/wp-json\/wp\/v2\/media?parent=1911"}],"wp:term":[{"taxonomy":"category","embeddable":true,"href":"https:\/\/produba.com\/index.php\/wp-json\/wp\/v2\/categories?post=1911"},{"taxonomy":"post_tag","embeddable":true,"href":"https:\/\/produba.com\/index.php\/wp-json\/wp\/v2\/tags?post=1911"}],"curies":[{"name":"wp","href":"https:\/\/api.w.org\/{rel}","templated":true}]}}