{"id":1873,"date":"2025-07-08T14:53:03","date_gmt":"2025-07-08T17:53:03","guid":{"rendered":"https:\/\/produba.com\/?p=1873"},"modified":"2025-07-08T14:53:04","modified_gmt":"2025-07-08T17:53:04","slug":"el-parque-industrial-de-moreno-fue-sede-de-la-expo-empleo-2025","status":"publish","type":"post","link":"https:\/\/produba.com\/index.php\/2025\/07\/08\/el-parque-industrial-de-moreno-fue-sede-de-la-expo-empleo-2025\/","title":{"rendered":"El Parque Industrial de Moreno fue sede de la Expo Empleo 2025"},"content":{"rendered":"\n<h5>Se llev\u00f3 a cabo la iniciativa de promoci\u00f3n industrial que establece contacto directo entre personas en b\u00fasqueda de empleo y empresas, comercios e industrias locales<\/h5>\n\n\n\n<p>La intendenta de Moreno, Mariel Fern\u00e1ndez, encabez\u00f3 la apertura de la 4\u00b0 edici\u00f3n de la Expo Empleo 2025 que tuvo lugar en el Parque Industrial Municipal II, ubicado sobre Ruta 24, entre Bernardi y Moli\u00e9re, en la localidad de Cuartel V, del partido morenense. El evento cont\u00f3 con la participaci\u00f3n de miles de personas, la mayor\u00eda j\u00f3venes y m\u00e1s de 45 empresas, comercios, instituciones y cooperativas locales.<\/p>\n\n\n\n<blockquote class=\"instagram-media\" data-instgrm-captioned data-instgrm-permalink=\"https:\/\/www.instagram.com\/p\/DLsmfz_yzb4\/?utm_source=ig_embed&amp;utm_campaign=loading\" data-instgrm-version=\"14\" style=\" background:#FFF; border:0; border-radius:3px; box-shadow:0 0 1px 0 rgba(0,0,0,0.5),0 1px 10px 0 rgba(0,0,0,0.15); margin: 1px; max-width:540px; min-width:326px; padding:0; width:99.375%; width:-webkit-calc(100% - 2px); width:calc(100% - 2px);\"><div style=\"padding:16px;\"> <a href=\"https:\/\/www.instagram.com\/p\/DLsmfz_yzb4\/?utm_source=ig_embed&amp;utm_campaign=loading\" style=\" background:#FFFFFF; line-height:0; padding:0 0; text-align:center; text-decoration:none; width:100%;\" target=\"_blank\" rel=\"noopener\"> <div style=\" display: flex; flex-direction: row; align-items: center;\"> <div style=\"background-color: #F4F4F4; border-radius: 50%; flex-grow: 0; height: 40px; margin-right: 14px; width: 40px;\"><\/div> <div style=\"display: flex; flex-direction: column; flex-grow: 1; justify-content: center;\"> <div style=\" background-color: #F4F4F4; border-radius: 4px; flex-grow: 0; height: 14px; margin-bottom: 6px; width: 100px;\"><\/div> <div style=\" background-color: #F4F4F4; border-radius: 4px; flex-grow: 0; height: 14px; width: 60px;\"><\/div><\/div><\/div><div style=\"padding: 19% 0;\"><\/div> <div style=\"display:block; height:50px; margin:0 auto 12px; width:50px;\"><svg width=\"50px\" height=\"50px\" viewBox=\"0 0 60 60\" version=\"1.1\" xmlns=\"https:\/\/www.w3.org\/2000\/svg\" xmlns:xlink=\"https:\/\/www.w3.org\/1999\/xlink\"><g stroke=\"none\" stroke-width=\"1\" fill=\"none\" fill-rule=\"evenodd\"><g transform=\"translate(-511.000000, -20.000000)\" fill=\"#000000\"><g><path d=\"M556.869,30.41 C554.814,30.41 553.148,32.076 553.148,34.131 C553.148,36.186 554.814,37.852 556.869,37.852 C558.924,37.852 560.59,36.186 560.59,34.131 C560.59,32.076 558.924,30.41 556.869,30.41 M541,60.657 C535.114,60.657 530.342,55.887 530.342,50 C530.342,44.114 535.114,39.342 541,39.342 C546.887,39.342 551.658,44.114 551.658,50 C551.658,55.887 546.887,60.657 541,60.657 M541,33.886 C532.1,33.886 524.886,41.1 524.886,50 C524.886,58.899 532.1,66.113 541,66.113 C549.9,66.113 557.115,58.899 557.115,50 C557.115,41.1 549.9,33.886 541,33.886 M565.378,62.101 C565.244,65.022 564.756,66.606 564.346,67.663 C563.803,69.06 563.154,70.057 562.106,71.106 C561.058,72.155 560.06,72.803 558.662,73.347 C557.607,73.757 556.021,74.244 553.102,74.378 C549.944,74.521 548.997,74.552 541,74.552 C533.003,74.552 532.056,74.521 528.898,74.378 C525.979,74.244 524.393,73.757 523.338,73.347 C521.94,72.803 520.942,72.155 519.894,71.106 C518.846,70.057 518.197,69.06 517.654,67.663 C517.244,66.606 516.755,65.022 516.623,62.101 C516.479,58.943 516.448,57.996 516.448,50 C516.448,42.003 516.479,41.056 516.623,37.899 C516.755,34.978 517.244,33.391 517.654,32.338 C518.197,30.938 518.846,29.942 519.894,28.894 C520.942,27.846 521.94,27.196 523.338,26.654 C524.393,26.244 525.979,25.756 528.898,25.623 C532.057,25.479 533.004,25.448 541,25.448 C548.997,25.448 549.943,25.479 553.102,25.623 C556.021,25.756 557.607,26.244 558.662,26.654 C560.06,27.196 561.058,27.846 562.106,28.894 C563.154,29.942 563.803,30.938 564.346,32.338 C564.756,33.391 565.244,34.978 565.378,37.899 C565.522,41.056 565.552,42.003 565.552,50 C565.552,57.996 565.522,58.943 565.378,62.101 M570.82,37.631 C570.674,34.438 570.167,32.258 569.425,30.349 C568.659,28.377 567.633,26.702 565.965,25.035 C564.297,23.368 562.623,22.342 560.652,21.575 C558.743,20.834 556.562,20.326 553.369,20.18 C550.169,20.033 549.148,20 541,20 C532.853,20 531.831,20.033 528.631,20.18 C525.438,20.326 523.257,20.834 521.349,21.575 C519.376,22.342 517.703,23.368 516.035,25.035 C514.368,26.702 513.342,28.377 512.574,30.349 C511.834,32.258 511.326,34.438 511.181,37.631 C511.035,40.831 511,41.851 511,50 C511,58.147 511.035,59.17 511.181,62.369 C511.326,65.562 511.834,67.743 512.574,69.651 C513.342,71.625 514.368,73.296 516.035,74.965 C517.703,76.634 519.376,77.658 521.349,78.425 C523.257,79.167 525.438,79.673 528.631,79.82 C531.831,79.965 532.853,80.001 541,80.001 C549.148,80.001 550.169,79.965 553.369,79.82 C556.562,79.673 558.743,79.167 560.652,78.425 C562.623,77.658 564.297,76.634 565.965,74.965 C567.633,73.296 568.659,71.625 569.425,69.651 C570.167,67.743 570.674,65.562 570.82,62.369 C570.966,59.17 571,58.147 571,50 C571,41.851 570.966,40.831 570.82,37.631\"><\/path><\/g><\/g><\/g><\/svg><\/div><div style=\"padding-top: 8px;\"> <div style=\" color:#3897f0; font-family:Arial,sans-serif; font-size:14px; font-style:normal; font-weight:550; line-height:18px;\">Ver esta publicaci\u00f3n en Instagram<\/div><\/div><div style=\"padding: 12.5% 0;\"><\/div> <div style=\"display: flex; flex-direction: row; margin-bottom: 14px; align-items: center;\"><div> <div style=\"background-color: #F4F4F4; border-radius: 50%; height: 12.5px; width: 12.5px; transform: translateX(0px) translateY(7px);\"><\/div> <div style=\"background-color: #F4F4F4; height: 12.5px; transform: rotate(-45deg) translateX(3px) translateY(1px); width: 12.5px; flex-grow: 0; margin-right: 14px; margin-left: 2px;\"><\/div> <div style=\"background-color: #F4F4F4; border-radius: 50%; height: 12.5px; width: 12.5px; transform: translateX(9px) translateY(-18px);\"><\/div><\/div><div style=\"margin-left: 8px;\"> <div style=\" background-color: #F4F4F4; border-radius: 50%; flex-grow: 0; height: 20px; width: 20px;\"><\/div> <div style=\" width: 0; height: 0; border-top: 2px solid transparent; border-left: 6px solid #f4f4f4; border-bottom: 2px solid transparent; transform: translateX(16px) translateY(-4px) rotate(30deg)\"><\/div><\/div><div style=\"margin-left: auto;\"> <div style=\" width: 0px; border-top: 8px solid #F4F4F4; border-right: 8px solid transparent; transform: translateY(16px);\"><\/div> <div style=\" background-color: #F4F4F4; flex-grow: 0; height: 12px; width: 16px; transform: translateY(-4px);\"><\/div> <div style=\" width: 0; height: 0; border-top: 8px solid #F4F4F4; border-left: 8px solid transparent; transform: translateY(-4px) translateX(8px);\"><\/div><\/div><\/div> <div style=\"display: flex; flex-direction: column; flex-grow: 1; justify-content: center; margin-bottom: 24px;\"> <div style=\" background-color: #F4F4F4; border-radius: 4px; flex-grow: 0; height: 14px; margin-bottom: 6px; width: 224px;\"><\/div> <div style=\" background-color: #F4F4F4; border-radius: 4px; flex-grow: 0; height: 14px; width: 144px;\"><\/div><\/div><\/a><p style=\" color:#c9c8cd; font-family:Arial,sans-serif; font-size:14px; line-height:17px; margin-bottom:0; margin-top:8px; overflow:hidden; padding:8px 0 7px; text-align:center; text-overflow:ellipsis; white-space:nowrap;\"><a href=\"https:\/\/www.instagram.com\/p\/DLsmfz_yzb4\/?utm_source=ig_embed&amp;utm_campaign=loading\" style=\" color:#c9c8cd; font-family:Arial,sans-serif; font-size:14px; font-style:normal; font-weight:normal; line-height:17px; text-decoration:none;\" target=\"_blank\" rel=\"noopener\">Una publicaci\u00f3n compartida por Mariel Fern\u00e1ndez (@marielfernandezmoreno)<\/a><\/p><\/div><\/blockquote>\n<script async src=\"\/\/www.instagram.com\/embed.js\"><\/script>\n\n\n\n<p>Durante el encuentro, la jefa comunal, expres\u00f3: <em>\u201cGracias a toda la pol\u00edtica de promoci\u00f3n industrial, en estos cinco a\u00f1os Moreno se convirti\u00f3 en el Municipio con m\u00e1s industria PyME de la provincia, lo que nos permiti\u00f3 hacer esta cuarta edici\u00f3n de la Expo. Pese a la dif\u00edcil situaci\u00f3n que vivimos, hay empresas que siguen eligiendo Moreno para radicarse y tienen b\u00fasquedas de empleo activas\u201d<\/em>.<\/p>\n\n\n\n<figure class=\"wp-block-image size-large\"><img decoding=\"async\" width=\"1024\" height=\"576\" src=\"https:\/\/produba.com\/wp-content\/uploads\/2025\/07\/EXPO-EMPLEO-2025-PI-Moreno-2-1024x576.jpg\" alt=\"\" class=\"wp-image-1876\" srcset=\"https:\/\/produba.com\/wp-content\/uploads\/2025\/07\/EXPO-EMPLEO-2025-PI-Moreno-2-1024x576.jpg 1024w, https:\/\/produba.com\/wp-content\/uploads\/2025\/07\/EXPO-EMPLEO-2025-PI-Moreno-2-300x169.jpg 300w, https:\/\/produba.com\/wp-content\/uploads\/2025\/07\/EXPO-EMPLEO-2025-PI-Moreno-2-768x432.jpg 768w, https:\/\/produba.com\/wp-content\/uploads\/2025\/07\/EXPO-EMPLEO-2025-PI-Moreno-2-1536x864.jpg 1536w, https:\/\/produba.com\/wp-content\/uploads\/2025\/07\/EXPO-EMPLEO-2025-PI-Moreno-2-2048x1152.jpg 2048w, https:\/\/produba.com\/wp-content\/uploads\/2025\/07\/EXPO-EMPLEO-2025-PI-Moreno-2-1920x1080.jpg 1920w, https:\/\/produba.com\/wp-content\/uploads\/2025\/07\/EXPO-EMPLEO-2025-PI-Moreno-2-1440x810.jpg 1440w, https:\/\/produba.com\/wp-content\/uploads\/2025\/07\/EXPO-EMPLEO-2025-PI-Moreno-2-1200x675.jpg 1200w, https:\/\/produba.com\/wp-content\/uploads\/2025\/07\/EXPO-EMPLEO-2025-PI-Moreno-2-780x439.jpg 780w, https:\/\/produba.com\/wp-content\/uploads\/2025\/07\/EXPO-EMPLEO-2025-PI-Moreno-2-600x338.jpg 600w, https:\/\/produba.com\/wp-content\/uploads\/2025\/07\/EXPO-EMPLEO-2025-PI-Moreno-2-550x309.jpg 550w, https:\/\/produba.com\/wp-content\/uploads\/2025\/07\/EXPO-EMPLEO-2025-PI-Moreno-2-370x208.jpg 370w, https:\/\/produba.com\/wp-content\/uploads\/2025\/07\/EXPO-EMPLEO-2025-PI-Moreno-2-255x143.jpg 255w\" sizes=\"(max-width: 1024px) 100vw, 1024px\" \/><\/figure>\n\n\n\n<p>Asimismo, Fern\u00e1ndez, destac\u00f3 que: <em>\u201cLa Expo Empleo es un espacio de formaci\u00f3n para aquellos j\u00f3venes que van a tener su primer empleo. Se les ense\u00f1a a c\u00f3mo hacer un curr\u00edculum, c\u00f3mo presentarse cuando uno va a tener su primera entrevista de trabajo. Son todas cosas importantes en la formaci\u00f3n para el primer trabajo. Y tambi\u00e9n para que vean que hay oferta de trabajo formal, y para que ustedes puedan ver experiencias de organizaci\u00f3n cooperativa del trabajo\u201d<\/em>.<\/p>\n\n\n\n<figure class=\"wp-block-image size-large\"><img decoding=\"async\" width=\"1024\" height=\"576\" src=\"https:\/\/produba.com\/wp-content\/uploads\/2025\/07\/EXPO-EMPLEO-2025-PI-Moreno-3-1024x576.jpg\" alt=\"\" class=\"wp-image-1875\" srcset=\"https:\/\/produba.com\/wp-content\/uploads\/2025\/07\/EXPO-EMPLEO-2025-PI-Moreno-3-1024x576.jpg 1024w, https:\/\/produba.com\/wp-content\/uploads\/2025\/07\/EXPO-EMPLEO-2025-PI-Moreno-3-300x169.jpg 300w, https:\/\/produba.com\/wp-content\/uploads\/2025\/07\/EXPO-EMPLEO-2025-PI-Moreno-3-768x432.jpg 768w, https:\/\/produba.com\/wp-content\/uploads\/2025\/07\/EXPO-EMPLEO-2025-PI-Moreno-3-1536x864.jpg 1536w, https:\/\/produba.com\/wp-content\/uploads\/2025\/07\/EXPO-EMPLEO-2025-PI-Moreno-3-2048x1152.jpg 2048w, https:\/\/produba.com\/wp-content\/uploads\/2025\/07\/EXPO-EMPLEO-2025-PI-Moreno-3-1920x1080.jpg 1920w, https:\/\/produba.com\/wp-content\/uploads\/2025\/07\/EXPO-EMPLEO-2025-PI-Moreno-3-1440x810.jpg 1440w, https:\/\/produba.com\/wp-content\/uploads\/2025\/07\/EXPO-EMPLEO-2025-PI-Moreno-3-1200x675.jpg 1200w, https:\/\/produba.com\/wp-content\/uploads\/2025\/07\/EXPO-EMPLEO-2025-PI-Moreno-3-780x439.jpg 780w, https:\/\/produba.com\/wp-content\/uploads\/2025\/07\/EXPO-EMPLEO-2025-PI-Moreno-3-600x337.jpg 600w, https:\/\/produba.com\/wp-content\/uploads\/2025\/07\/EXPO-EMPLEO-2025-PI-Moreno-3-550x309.jpg 550w, https:\/\/produba.com\/wp-content\/uploads\/2025\/07\/EXPO-EMPLEO-2025-PI-Moreno-3-370x208.jpg 370w, https:\/\/produba.com\/wp-content\/uploads\/2025\/07\/EXPO-EMPLEO-2025-PI-Moreno-3-255x143.jpg 255w\" sizes=\"(max-width: 1024px) 100vw, 1024px\" \/><\/figure>\n\n\n\n<p>En la Expo Empleo se brind\u00f3 asesoramiento para el armado de CV, entrenamiento para entrevistas laborales, charlas y workshops gratuitos. Tambi\u00e9n, hubo stands de empresas, cooperativas e instituciones educativas, espacio gastron\u00f3mico, feria de econom\u00eda popular, espacios de juegos tem\u00e1ticos para conocer distintos aspectos del mundo laboral. Adem\u00e1s, se brindaron talleres sobre el trabajo y la Inteligencia Artificial IA a cargo del \u00e1rea de Juventudes local.<\/p>\n\n\n\n<p>El Municipio organiz\u00f3 esta edici\u00f3n especialmente dedicada a las y los j\u00f3venes que van a tener su primer trabajo. Desde el IMDEL se promueve esta iniciativa que pone en valor la oferta laboral, la formaci\u00f3n local y el trabajo local como motor para el desarrollo econ\u00f3mico.<\/p>\n\n\n\n<figure class=\"wp-block-image size-large\"><img decoding=\"async\" width=\"1024\" height=\"576\" src=\"https:\/\/produba.com\/wp-content\/uploads\/2025\/07\/EXPO-EMPLEO-2025-PI-Moreno-4-1024x576.jpg\" alt=\"\" class=\"wp-image-1874\" srcset=\"https:\/\/produba.com\/wp-content\/uploads\/2025\/07\/EXPO-EMPLEO-2025-PI-Moreno-4-1024x576.jpg 1024w, https:\/\/produba.com\/wp-content\/uploads\/2025\/07\/EXPO-EMPLEO-2025-PI-Moreno-4-300x169.jpg 300w, https:\/\/produba.com\/wp-content\/uploads\/2025\/07\/EXPO-EMPLEO-2025-PI-Moreno-4-768x432.jpg 768w, https:\/\/produba.com\/wp-content\/uploads\/2025\/07\/EXPO-EMPLEO-2025-PI-Moreno-4-1536x864.jpg 1536w, https:\/\/produba.com\/wp-content\/uploads\/2025\/07\/EXPO-EMPLEO-2025-PI-Moreno-4-2048x1152.jpg 2048w, https:\/\/produba.com\/wp-content\/uploads\/2025\/07\/EXPO-EMPLEO-2025-PI-Moreno-4-1920x1080.jpg 1920w, https:\/\/produba.com\/wp-content\/uploads\/2025\/07\/EXPO-EMPLEO-2025-PI-Moreno-4-1440x810.jpg 1440w, https:\/\/produba.com\/wp-content\/uploads\/2025\/07\/EXPO-EMPLEO-2025-PI-Moreno-4-1200x675.jpg 1200w, https:\/\/produba.com\/wp-content\/uploads\/2025\/07\/EXPO-EMPLEO-2025-PI-Moreno-4-780x439.jpg 780w, https:\/\/produba.com\/wp-content\/uploads\/2025\/07\/EXPO-EMPLEO-2025-PI-Moreno-4-600x338.jpg 600w, https:\/\/produba.com\/wp-content\/uploads\/2025\/07\/EXPO-EMPLEO-2025-PI-Moreno-4-550x309.jpg 550w, https:\/\/produba.com\/wp-content\/uploads\/2025\/07\/EXPO-EMPLEO-2025-PI-Moreno-4-370x208.jpg 370w, https:\/\/produba.com\/wp-content\/uploads\/2025\/07\/EXPO-EMPLEO-2025-PI-Moreno-4-255x143.jpg 255w\" sizes=\"(max-width: 1024px) 100vw, 1024px\" \/><\/figure>\n\n\n\n<p>Tambi\u00e9n se comparti\u00f3 informaci\u00f3n sobre la oferta de cursos de formaci\u00f3n profesional que lleva adelante el organismo para conciliar la necesidad de las empresas de contar con trabajadoras y trabajadores formados y calificados.<\/p>\n\n\n\n<p>Estuvieron presentes, la subsecretaria de Industria y Comercio municipal, Vanesa Villar, el administrador general de IMDEL, Santiago Burrone y autoridades municipales.<\/p>\n","protected":false},"excerpt":{"rendered":"<p>Se llev\u00f3 a cabo la iniciativa de promoci\u00f3n industrial que establece contacto directo entre personas en b\u00fasqueda de empleo y empresas, comercios e industrias locales La intendenta de Moreno, Mariel Fern\u00e1ndez, encabez\u00f3 la apertura de la 4\u00b0 edici\u00f3n de la Expo Empleo 2025 que tuvo lugar en el Parque Industrial Municipal II, ubicado sobre Ruta &#8230;<\/p>\n","protected":false},"author":1,"featured_media":1877,"comment_status":"closed","ping_status":"closed","sticky":false,"template":"","format":"standard","meta":{"loftocean_post_format_gallery":"","loftocean_post_format_gallery_ids":"","loftocean_post_format_gallery_urls":"","loftocean_post_format_video_id":0,"loftocean_post_format_video_url":"","loftocean_post_format_video_type":"","loftocean_post_format_video":"","loftocean_post_format_audio_type":"","loftocean_post_format_audio_url":"","loftocean_post_format_audio_id":0,"loftocean_post_format_audio":"","loftocean-featured-post":"","loftocean-like-count":0,"loftocean-view-count":134,"loftocean_coauthors":"","alpaca_post_content_reading_setting":"","alpaca_reading_speed_per_minute":0,"alpaca_reading_speed_unit":"","alpaca_single_post_template_layout":""},"categories":[6,3],"tags":[371,405,399,400],"loftoceanMetas":{"readingTime":"2 minutos de lectura","authorName":"ProduBA","categories":[{"name":"Municipios","link":"https:\/\/produba.com\/index.php\/category\/municipios\/","count":381},{"name":"Producci\u00f3n","link":"https:\/\/produba.com\/index.php\/category\/produccion\/","count":404}],"date":"8 de julio de 2025","featuredImageSRC":"https:\/\/produba.com\/wp-content\/uploads\/2025\/07\/EXPO-EMPLEO-2025-PI-Moreno-1-150x150.jpg"},"_links":{"self":[{"href":"https:\/\/produba.com\/index.php\/wp-json\/wp\/v2\/posts\/1873"}],"collection":[{"href":"https:\/\/produba.com\/index.php\/wp-json\/wp\/v2\/posts"}],"about":[{"href":"https:\/\/produba.com\/index.php\/wp-json\/wp\/v2\/types\/post"}],"author":[{"embeddable":true,"href":"https:\/\/produba.com\/index.php\/wp-json\/wp\/v2\/users\/1"}],"replies":[{"embeddable":true,"href":"https:\/\/produba.com\/index.php\/wp-json\/wp\/v2\/comments?post=1873"}],"version-history":[{"count":1,"href":"https:\/\/produba.com\/index.php\/wp-json\/wp\/v2\/posts\/1873\/revisions"}],"predecessor-version":[{"id":1878,"href":"https:\/\/produba.com\/index.php\/wp-json\/wp\/v2\/posts\/1873\/revisions\/1878"}],"wp:featuredmedia":[{"embeddable":true,"href":"https:\/\/produba.com\/index.php\/wp-json\/wp\/v2\/media\/1877"}],"wp:attachment":[{"href":"https:\/\/produba.com\/index.php\/wp-json\/wp\/v2\/media?parent=1873"}],"wp:term":[{"taxonomy":"category","embeddable":true,"href":"https:\/\/produba.com\/index.php\/wp-json\/wp\/v2\/categories?post=1873"},{"taxonomy":"post_tag","embeddable":true,"href":"https:\/\/produba.com\/index.php\/wp-json\/wp\/v2\/tags?post=1873"}],"curies":[{"name":"wp","href":"https:\/\/api.w.org\/{rel}","templated":true}]}}