{"id":1769,"date":"2025-06-13T15:41:27","date_gmt":"2025-06-13T18:41:27","guid":{"rendered":"https:\/\/produba.com\/?p=1769"},"modified":"2025-06-13T15:41:28","modified_gmt":"2025-06-13T18:41:28","slug":"carhue-fue-sede-de-una-jornada-de-actualizacion-para-potenciar-parques-industriales","status":"publish","type":"post","link":"https:\/\/produba.com\/index.php\/2025\/06\/13\/carhue-fue-sede-de-una-jornada-de-actualizacion-para-potenciar-parques-industriales\/","title":{"rendered":"Carhu\u00e9 fue sede de una jornada de actualizaci\u00f3n para potenciar parques industriales"},"content":{"rendered":"\n<h5>Organizado por la Subsecretar\u00eda de Pol\u00edtica Industrial de la Naci\u00f3n, se realiz\u00f3 un encuentro donde se brindaron herramientas para fortalecer la identidad y competitividad de los agrupamientos industriales. Tambi\u00e9n buscan impulsar una red de servicios de parques industriales organizada por regiones<\/h5>\n\n\n\n<p>El director de Producci\u00f3n del Municipio de Adolfo Alsina, Guillermo Besagonill, particip\u00f3 de una nueva jornada virtual en el marco del Ciclo de Actualizaci\u00f3n para Parques Industriales, organizada por la Subsecretar\u00eda de Pol\u00edtica Industrial de la Naci\u00f3n.<\/p>\n\n\n\n<p>Bajo el eje \u201cComunicar para crecer: claves para posicionar a tu parque industrial y atraer inversiones\u201d, se abordaron herramientas para fortalecer la identidad, la proyecci\u00f3n y la competitividad de los parques industriales en distintos territorios del pa\u00eds.<\/p>\n\n\n\n<figure class=\"wp-block-image size-full\"><img decoding=\"async\" width=\"567\" height=\"247\" src=\"https:\/\/produba.com\/wp-content\/uploads\/2025\/06\/Carhue-Jornada-Virtual.jpeg\" alt=\"\" class=\"wp-image-1771\" srcset=\"https:\/\/produba.com\/wp-content\/uploads\/2025\/06\/Carhue-Jornada-Virtual.jpeg 567w, https:\/\/produba.com\/wp-content\/uploads\/2025\/06\/Carhue-Jornada-Virtual-300x131.jpeg 300w, https:\/\/produba.com\/wp-content\/uploads\/2025\/06\/Carhue-Jornada-Virtual-550x240.jpeg 550w, https:\/\/produba.com\/wp-content\/uploads\/2025\/06\/Carhue-Jornada-Virtual-370x161.jpeg 370w, https:\/\/produba.com\/wp-content\/uploads\/2025\/06\/Carhue-Jornada-Virtual-255x111.jpeg 255w\" sizes=\"(max-width: 567px) 100vw, 567px\" \/><figcaption class=\"wp-element-caption\">Imagen del encuentro virtual realizado<\/figcaption><\/figure>\n\n\n\n<p>Durante su intervenci\u00f3n, Besagonill propuso la conformaci\u00f3n de una Red de Servicios de Parques Industriales organizados por regiones, remarcando la importancia estrat\u00e9gica de los accesos por rutas nacionales y provinciales para el desarrollo log\u00edstico y productivo del sudoeste bonaerense.<\/p>\n\n\n\n<p>Desde la Direcci\u00f3n de Producci\u00f3n se invita a empresas y empresarios locales a acercarse y conocer las potencialidades del Parque Industrial Planificado de Carhu\u00e9, as\u00ed como las oportunidades de crecimiento y vinculaci\u00f3n que se proyectan en conjunto con organismos nacionales y provinciales. <\/p>\n\n\n\n<p>El municipio brind\u00f3 un contacto de mail para poder inscribirse: <a href=\"mailto:produccion@adolfoalsina.gov.ar\">produccion@adolfoalsina.gov.ar<\/a>. En tanto, aquellos que deseen acercarse personalmente pueden dirigirse a la siguiente direcci\u00f3n: Avda. Col\u00f3n y Belgrano, en la localidad de Carhu\u00e9.<\/p>\n","protected":false},"excerpt":{"rendered":"<p>Organizado por la Subsecretar\u00eda de Pol\u00edtica Industrial de la Naci\u00f3n, se realiz\u00f3 un encuentro donde se brindaron herramientas para fortalecer la identidad y competitividad de los agrupamientos industriales. Tambi\u00e9n buscan impulsar una red de servicios de parques industriales organizada por regiones El director de Producci\u00f3n del Municipio de Adolfo Alsina, Guillermo Besagonill, particip\u00f3 de una &#8230;<\/p>\n","protected":false},"author":1,"featured_media":1770,"comment_status":"closed","ping_status":"closed","sticky":false,"template":"","format":"standard","meta":{"loftocean_post_format_gallery":"","loftocean_post_format_gallery_ids":"","loftocean_post_format_gallery_urls":"","loftocean_post_format_video_id":0,"loftocean_post_format_video_url":"","loftocean_post_format_video_type":"","loftocean_post_format_video":"","loftocean_post_format_audio_type":"","loftocean_post_format_audio_url":"","loftocean_post_format_audio_id":0,"loftocean_post_format_audio":"","loftocean-featured-post":"","loftocean-like-count":0,"loftocean-view-count":146,"loftocean_coauthors":"","alpaca_post_content_reading_setting":"","alpaca_reading_speed_per_minute":0,"alpaca_reading_speed_unit":"","alpaca_single_post_template_layout":""},"categories":[6,3],"tags":[383,32,384,38],"loftoceanMetas":{"readingTime":"&lt; 1 minuto de lectura","authorName":"ProduBA","categories":[{"name":"Municipios","link":"https:\/\/produba.com\/index.php\/category\/municipios\/","count":380},{"name":"Producci\u00f3n","link":"https:\/\/produba.com\/index.php\/category\/produccion\/","count":403}],"date":"13 de junio de 2025","featuredImageSRC":"https:\/\/produba.com\/wp-content\/uploads\/2025\/06\/parque-industrial-carhue-150x150.jpg"},"_links":{"self":[{"href":"https:\/\/produba.com\/index.php\/wp-json\/wp\/v2\/posts\/1769"}],"collection":[{"href":"https:\/\/produba.com\/index.php\/wp-json\/wp\/v2\/posts"}],"about":[{"href":"https:\/\/produba.com\/index.php\/wp-json\/wp\/v2\/types\/post"}],"author":[{"embeddable":true,"href":"https:\/\/produba.com\/index.php\/wp-json\/wp\/v2\/users\/1"}],"replies":[{"embeddable":true,"href":"https:\/\/produba.com\/index.php\/wp-json\/wp\/v2\/comments?post=1769"}],"version-history":[{"count":1,"href":"https:\/\/produba.com\/index.php\/wp-json\/wp\/v2\/posts\/1769\/revisions"}],"predecessor-version":[{"id":1772,"href":"https:\/\/produba.com\/index.php\/wp-json\/wp\/v2\/posts\/1769\/revisions\/1772"}],"wp:featuredmedia":[{"embeddable":true,"href":"https:\/\/produba.com\/index.php\/wp-json\/wp\/v2\/media\/1770"}],"wp:attachment":[{"href":"https:\/\/produba.com\/index.php\/wp-json\/wp\/v2\/media?parent=1769"}],"wp:term":[{"taxonomy":"category","embeddable":true,"href":"https:\/\/produba.com\/index.php\/wp-json\/wp\/v2\/categories?post=1769"},{"taxonomy":"post_tag","embeddable":true,"href":"https:\/\/produba.com\/index.php\/wp-json\/wp\/v2\/tags?post=1769"}],"curies":[{"name":"wp","href":"https:\/\/api.w.org\/{rel}","templated":true}]}}