{"id":1765,"date":"2025-06-10T11:27:19","date_gmt":"2025-06-10T14:27:19","guid":{"rendered":"https:\/\/produba.com\/?p=1765"},"modified":"2025-06-10T11:27:19","modified_gmt":"2025-06-10T14:27:19","slug":"pergamino-impulsa-la-energia-limpia-firman-un-convenio-para-construir-un-parque-solar","status":"publish","type":"post","link":"https:\/\/produba.com\/index.php\/2025\/06\/10\/pergamino-impulsa-la-energia-limpia-firman-un-convenio-para-construir-un-parque-solar\/","title":{"rendered":"Pergamino impulsa la energ\u00eda limpia: firman un convenio para construir un Parque Solar"},"content":{"rendered":"\n<h5>La iniciativa, de car\u00e1cter p\u00fablico-privado, tendr\u00e1 una inversi\u00f3n cercana a los 9.000 millones de pesos. Se estima que el parque genere energ\u00eda para lograr el equivalente al consumo de 12.000 hogares y cubrir la demanda del sector industrial local<\/h5>\n\n\n\n<p>D\u00edas atr\u00e1s, <strong>se firm\u00f3 en la ciudad de Pergamino, el convenio para la instalaci\u00f3n del primer Parque Solar de la ciudad<\/strong>, una obra de <strong>energ\u00eda limpia que aportar\u00e1 10 megavatios de potencia al sistema el\u00e9ctrico local<\/strong> y marcar\u00e1 un antes y un despu\u00e9s en la matriz energ\u00e9tica de la regi\u00f3n.<\/p>\n\n\n\n<p>El acuerdo se realiz\u00f3 entre la Cooperativa El\u00e9ctrica Limitada de Pergamino (CELP) y la empresa Sociedad de Abastecimiento y Servicios S.A., con la presencia del intendente Javier Mart\u00ednez, funcionarios municipales y autoridades del Consejo de Administraci\u00f3n de la CELP.<\/p>\n\n\n\n<p><strong>Con una inversi\u00f3n estimada de 9.000 millones de pesos, esta iniciativa representa la mayor inversi\u00f3n privada en coordinaci\u00f3n con una estrategia p\u00fablica en la historia reciente de la ciudad<\/strong>, y se enmarca en una visi\u00f3n de desarrollo sostenible que articula los sectores p\u00fablico, privado y cooperativo.<\/p>\n\n\n\n<p><em>\u201cHoy es un d\u00eda bisagra para la cooperativa el\u00e9ctrica y para Pergamino. Este parque solar nos pone a la vanguardia en materia energ\u00e9tica y demuestra que, trabajando juntos, podemos dar respuestas reales a los desaf\u00edos del futuro\u201d<\/em>, afirm\u00f3 Lucio Tez\u00f3n, presidente del Consejo de Administraci\u00f3n de la CELP.<\/p>\n\n\n\n<p>El parque se conectar\u00e1 a la l\u00ednea de media tensi\u00f3n de 33 kV de la cooperativa y la CELP comprar\u00e1 el 100% de la energ\u00eda generada, lo que permitir\u00e1 aliviar la demanda durante los picos de consumo (principalmente en verano) y mejorar la calidad del servicio para todos los usuarios.<\/p>\n\n\n\n<p>Este salto en la generaci\u00f3n local de energ\u00eda tiene un impacto concreto: <strong>el parque podr\u00e1 abastecer el equivalente al consumo de 12.000 hogares y cubrir la demanda energ\u00e9tica del sector industrial de la ciudad<\/strong>. Adem\u00e1s, generar\u00e1 trabajo local durante su construcci\u00f3n y requerir\u00e1 servicios de mantenimiento y seguridad durante al menos una d\u00e9cada.<\/p>\n\n\n\n<figure class=\"wp-block-image size-large\"><img decoding=\"async\" width=\"1024\" height=\"576\" src=\"https:\/\/produba.com\/wp-content\/uploads\/2025\/06\/parque-solar-pergamino-2-1024x576.jpg\" alt=\"\" class=\"wp-image-1766\" srcset=\"https:\/\/produba.com\/wp-content\/uploads\/2025\/06\/parque-solar-pergamino-2-1024x576.jpg 1024w, https:\/\/produba.com\/wp-content\/uploads\/2025\/06\/parque-solar-pergamino-2-300x169.jpg 300w, https:\/\/produba.com\/wp-content\/uploads\/2025\/06\/parque-solar-pergamino-2-768x432.jpg 768w, https:\/\/produba.com\/wp-content\/uploads\/2025\/06\/parque-solar-pergamino-2-1440x810.jpg 1440w, https:\/\/produba.com\/wp-content\/uploads\/2025\/06\/parque-solar-pergamino-2-1200x675.jpg 1200w, https:\/\/produba.com\/wp-content\/uploads\/2025\/06\/parque-solar-pergamino-2-780x439.jpg 780w, https:\/\/produba.com\/wp-content\/uploads\/2025\/06\/parque-solar-pergamino-2-600x338.jpg 600w, https:\/\/produba.com\/wp-content\/uploads\/2025\/06\/parque-solar-pergamino-2-550x309.jpg 550w, https:\/\/produba.com\/wp-content\/uploads\/2025\/06\/parque-solar-pergamino-2-370x208.jpg 370w, https:\/\/produba.com\/wp-content\/uploads\/2025\/06\/parque-solar-pergamino-2-255x143.jpg 255w, https:\/\/produba.com\/wp-content\/uploads\/2025\/06\/parque-solar-pergamino-2.jpg 1536w\" sizes=\"(max-width: 1024px) 100vw, 1024px\" \/><\/figure>\n\n\n\n<p><em>\u201cEsta inversi\u00f3n podr\u00eda haberse hecho en cualquier otra ciudad, pero eligieron Pergamino por nuestra organizaci\u00f3n, por nuestra calidad de vida, por la articulaci\u00f3n p\u00fablico-privada que venimos construyendo. Hoy estamos resolviendo con visi\u00f3n estrat\u00e9gica un problema productivo, como hicimos con tantos otros en el pasado\u201d<\/em>, expres\u00f3 el intendente Javier Mart\u00ednez.<\/p>\n\n\n\n<p>El predio donde se instalar\u00e1 el parque solar comprende 21 hect\u00e1reas, de las cuales 10 ser\u00e1n destinadas al desarrollo inicial. La obra comenzar\u00e1 formalmente en los pr\u00f3ximos meses y se espera que en un plazo de 12 meses est\u00e9 operativa.<\/p>\n\n\n\n<p>Desde la empresa desarrolladora destacaron el car\u00e1cter in\u00e9dito del acuerdo a nivel nacional: <em>\u201cNo hay experiencias similares en el pa\u00eds donde una empresa genere energ\u00eda solar para venderle directamente a una distribuidora cooperativa. Esto es un modelo que puede inspirar a otras localidades\u201d<\/em>, subray\u00f3 Guillermo del Giorgio, representante de la firma.<\/p>\n\n\n\n<p>El Parque Solar forma parte de los grandes hitos que marcar\u00e1n el cierre de la actual gesti\u00f3n municipal.<\/p>\n\n\n\n<p><em>\u201cPergamino productivo y Pergamino sustentable son dos ejes que hoy se hacen realidad. M\u00e1s energ\u00eda es m\u00e1s industria, m\u00e1s empleo y m\u00e1s futuro\u201d<\/em>, concluy\u00f3 Mart\u00ednez.<\/p>\n","protected":false},"excerpt":{"rendered":"<p>La iniciativa, de car\u00e1cter p\u00fablico-privado, tendr\u00e1 una inversi\u00f3n cercana a los 9.000 millones de pesos. Se estima que el parque genere energ\u00eda para lograr el equivalente al consumo de 12.000 hogares y cubrir la demanda del sector industrial local D\u00edas atr\u00e1s, se firm\u00f3 en la ciudad de Pergamino, el convenio para la instalaci\u00f3n del primer &#8230;<\/p>\n","protected":false},"author":1,"featured_media":1767,"comment_status":"closed","ping_status":"closed","sticky":false,"template":"","format":"standard","meta":{"loftocean_post_format_gallery":"","loftocean_post_format_gallery_ids":"","loftocean_post_format_gallery_urls":"","loftocean_post_format_video_id":0,"loftocean_post_format_video_url":"","loftocean_post_format_video_type":"","loftocean_post_format_video":"","loftocean_post_format_audio_type":"","loftocean_post_format_audio_url":"","loftocean_post_format_audio_id":0,"loftocean_post_format_audio":"","loftocean-featured-post":"","loftocean-like-count":0,"loftocean-view-count":163,"loftocean_coauthors":"","alpaca_post_content_reading_setting":"","alpaca_reading_speed_per_minute":0,"alpaca_reading_speed_unit":"","alpaca_single_post_template_layout":""},"categories":[4,5,6],"tags":[59,381,382,380],"loftoceanMetas":{"readingTime":"2 minutos de lectura","authorName":"ProduBA","categories":[{"name":"Desarrollo Local","link":"https:\/\/produba.com\/index.php\/category\/desarrollo_local\/","count":198},{"name":"Energ\u00eda","link":"https:\/\/produba.com\/index.php\/category\/energia\/","count":10},{"name":"Municipios","link":"https:\/\/produba.com\/index.php\/category\/municipios\/","count":380}],"date":"10 de junio de 2025","featuredImageSRC":"https:\/\/produba.com\/wp-content\/uploads\/2025\/06\/parque-solar-pergamino-150x150.jpg"},"_links":{"self":[{"href":"https:\/\/produba.com\/index.php\/wp-json\/wp\/v2\/posts\/1765"}],"collection":[{"href":"https:\/\/produba.com\/index.php\/wp-json\/wp\/v2\/posts"}],"about":[{"href":"https:\/\/produba.com\/index.php\/wp-json\/wp\/v2\/types\/post"}],"author":[{"embeddable":true,"href":"https:\/\/produba.com\/index.php\/wp-json\/wp\/v2\/users\/1"}],"replies":[{"embeddable":true,"href":"https:\/\/produba.com\/index.php\/wp-json\/wp\/v2\/comments?post=1765"}],"version-history":[{"count":1,"href":"https:\/\/produba.com\/index.php\/wp-json\/wp\/v2\/posts\/1765\/revisions"}],"predecessor-version":[{"id":1768,"href":"https:\/\/produba.com\/index.php\/wp-json\/wp\/v2\/posts\/1765\/revisions\/1768"}],"wp:featuredmedia":[{"embeddable":true,"href":"https:\/\/produba.com\/index.php\/wp-json\/wp\/v2\/media\/1767"}],"wp:attachment":[{"href":"https:\/\/produba.com\/index.php\/wp-json\/wp\/v2\/media?parent=1765"}],"wp:term":[{"taxonomy":"category","embeddable":true,"href":"https:\/\/produba.com\/index.php\/wp-json\/wp\/v2\/categories?post=1765"},{"taxonomy":"post_tag","embeddable":true,"href":"https:\/\/produba.com\/index.php\/wp-json\/wp\/v2\/tags?post=1765"}],"curies":[{"name":"wp","href":"https:\/\/api.w.org\/{rel}","templated":true}]}}