{"id":1753,"date":"2025-06-06T16:25:46","date_gmt":"2025-06-06T19:25:46","guid":{"rendered":"https:\/\/produba.com\/?p=1753"},"modified":"2025-06-06T16:25:47","modified_gmt":"2025-06-06T19:25:47","slug":"llega-a-san-pedro-una-nueva-edicion-de-mercados-bonaerenses","status":"publish","type":"post","link":"https:\/\/produba.com\/index.php\/2025\/06\/06\/llega-a-san-pedro-una-nueva-edicion-de-mercados-bonaerenses\/","title":{"rendered":"Llega a San Pedro una nueva edici\u00f3n de Mercados Bonaerenses"},"content":{"rendered":"\n<h5>La feria que acerca a productores locales y vecinos del distrito se realizar\u00e1 este s\u00e1bado en la Plaza Constituci\u00f3n del municipio sampedrino. La actividad es impulsada por la cartera de Desarrollo Agrario provincial y el municipio local<\/h5>\n\n\n\n<p>Este s\u00e1bado 7 de junio se realizar\u00e1 una nueva edici\u00f3n del programa que lleva adelante el Ministerio de Desarrollo Agrario bonaerense y coordinado por la Secretar\u00eda de Producci\u00f3n, Industria y Comercio de la Municipalidad de San Pedro.<\/p>\n\n\n\n<figure class=\"wp-block-image size-full\"><img decoding=\"async\" width=\"940\" height=\"788\" src=\"https:\/\/produba.com\/wp-content\/uploads\/2025\/06\/flyer-mercados-bonaerenses-san-pedro.jpg\" alt=\"\" class=\"wp-image-1756\" srcset=\"https:\/\/produba.com\/wp-content\/uploads\/2025\/06\/flyer-mercados-bonaerenses-san-pedro.jpg 940w, https:\/\/produba.com\/wp-content\/uploads\/2025\/06\/flyer-mercados-bonaerenses-san-pedro-300x251.jpg 300w, https:\/\/produba.com\/wp-content\/uploads\/2025\/06\/flyer-mercados-bonaerenses-san-pedro-768x644.jpg 768w, https:\/\/produba.com\/wp-content\/uploads\/2025\/06\/flyer-mercados-bonaerenses-san-pedro-780x654.jpg 780w, https:\/\/produba.com\/wp-content\/uploads\/2025\/06\/flyer-mercados-bonaerenses-san-pedro-600x503.jpg 600w, https:\/\/produba.com\/wp-content\/uploads\/2025\/06\/flyer-mercados-bonaerenses-san-pedro-550x461.jpg 550w, https:\/\/produba.com\/wp-content\/uploads\/2025\/06\/flyer-mercados-bonaerenses-san-pedro-370x310.jpg 370w, https:\/\/produba.com\/wp-content\/uploads\/2025\/06\/flyer-mercados-bonaerenses-san-pedro-255x214.jpg 255w\" sizes=\"(max-width: 940px) 100vw, 940px\" \/><\/figure>\n\n\n\n<p>La feria se desarrollar\u00e1 desde las 9 de la ma\u00f1ana en Plaza Constituci\u00f3n (Hip\u00f3lito Yrigoyen entre Pellegrini y Mitre), con la participaci\u00f3n de productores locales que ofrecer\u00e1n mermeladas caseras, panificaci\u00f3n dulce y salada, cereales y frutos secos, conservas de vegetales y una amplia variedad de productos sin TACC, veganos, aptos SIBO y org\u00e1nicos.<\/p>\n\n\n\n<p>Del 1 al 7 de junio, las compras realizadas podr\u00e1n acceder a un 40% de descuento abonando con Cuenta DNI, con un tope de reintegro de $5.000 por semana y por persona.<\/p>\n\n\n\n<figure class=\"wp-block-image size-large\"><img decoding=\"async\" width=\"1024\" height=\"576\" src=\"https:\/\/produba.com\/wp-content\/uploads\/2025\/06\/san-pedro-mercado-bonaerense-2-1024x576.jpg\" alt=\"\" class=\"wp-image-1754\" srcset=\"https:\/\/produba.com\/wp-content\/uploads\/2025\/06\/san-pedro-mercado-bonaerense-2-1024x576.jpg 1024w, https:\/\/produba.com\/wp-content\/uploads\/2025\/06\/san-pedro-mercado-bonaerense-2-300x169.jpg 300w, https:\/\/produba.com\/wp-content\/uploads\/2025\/06\/san-pedro-mercado-bonaerense-2-768x432.jpg 768w, https:\/\/produba.com\/wp-content\/uploads\/2025\/06\/san-pedro-mercado-bonaerense-2-780x439.jpg 780w, https:\/\/produba.com\/wp-content\/uploads\/2025\/06\/san-pedro-mercado-bonaerense-2-600x338.jpg 600w, https:\/\/produba.com\/wp-content\/uploads\/2025\/06\/san-pedro-mercado-bonaerense-2-550x310.jpg 550w, https:\/\/produba.com\/wp-content\/uploads\/2025\/06\/san-pedro-mercado-bonaerense-2-370x208.jpg 370w, https:\/\/produba.com\/wp-content\/uploads\/2025\/06\/san-pedro-mercado-bonaerense-2-255x144.jpg 255w, https:\/\/produba.com\/wp-content\/uploads\/2025\/06\/san-pedro-mercado-bonaerense-2.jpg 1080w\" sizes=\"(max-width: 1024px) 100vw, 1024px\" \/><\/figure>\n\n\n\n<p>Quienes deseen participar como productores en futuras ediciones pueden inscribirse a trav\u00e9s del siguiente enlace: <a href=\"https:\/\/bit.ly\/3Lyx0O6\">https:\/\/bit.ly\/3Lyx0O6<\/a> <\/p>\n\n\n\n<p>Por consultas, pueden comunicarse con la Secretar\u00eda de Producci\u00f3n, Industria y Comercio al WhatsApp 3329 648530, de lunes a viernes de 8 a 14 horas.<\/p>\n","protected":false},"excerpt":{"rendered":"<p>La feria que acerca a productores locales y vecinos del distrito se realizar\u00e1 este s\u00e1bado en la Plaza Constituci\u00f3n del municipio sampedrino. La actividad es impulsada por la cartera de Desarrollo Agrario provincial y el municipio local Este s\u00e1bado 7 de junio se realizar\u00e1 una nueva edici\u00f3n del programa que lleva adelante el Ministerio de &#8230;<\/p>\n","protected":false},"author":1,"featured_media":1755,"comment_status":"closed","ping_status":"closed","sticky":false,"template":"","format":"standard","meta":{"loftocean_post_format_gallery":"","loftocean_post_format_gallery_ids":"","loftocean_post_format_gallery_urls":"","loftocean_post_format_video_id":0,"loftocean_post_format_video_url":"","loftocean_post_format_video_type":"","loftocean_post_format_video":"","loftocean_post_format_audio_type":"","loftocean_post_format_audio_url":"","loftocean_post_format_audio_id":0,"loftocean_post_format_audio":"","loftocean-featured-post":"","loftocean-like-count":0,"loftocean-view-count":202,"loftocean_coauthors":"","alpaca_post_content_reading_setting":"","alpaca_reading_speed_per_minute":0,"alpaca_reading_speed_unit":"","alpaca_single_post_template_layout":""},"categories":[6,3],"tags":[182,158,376],"loftoceanMetas":{"readingTime":"&lt; 1 minuto de lectura","authorName":"ProduBA","categories":[{"name":"Municipios","link":"https:\/\/produba.com\/index.php\/category\/municipios\/","count":383},{"name":"Producci\u00f3n","link":"https:\/\/produba.com\/index.php\/category\/produccion\/","count":406}],"date":"6 de junio de 2025","featuredImageSRC":"https:\/\/produba.com\/wp-content\/uploads\/2025\/06\/san-pedro-mercado-bonaerense-1-150x150.jpg"},"_links":{"self":[{"href":"https:\/\/produba.com\/index.php\/wp-json\/wp\/v2\/posts\/1753"}],"collection":[{"href":"https:\/\/produba.com\/index.php\/wp-json\/wp\/v2\/posts"}],"about":[{"href":"https:\/\/produba.com\/index.php\/wp-json\/wp\/v2\/types\/post"}],"author":[{"embeddable":true,"href":"https:\/\/produba.com\/index.php\/wp-json\/wp\/v2\/users\/1"}],"replies":[{"embeddable":true,"href":"https:\/\/produba.com\/index.php\/wp-json\/wp\/v2\/comments?post=1753"}],"version-history":[{"count":1,"href":"https:\/\/produba.com\/index.php\/wp-json\/wp\/v2\/posts\/1753\/revisions"}],"predecessor-version":[{"id":1757,"href":"https:\/\/produba.com\/index.php\/wp-json\/wp\/v2\/posts\/1753\/revisions\/1757"}],"wp:featuredmedia":[{"embeddable":true,"href":"https:\/\/produba.com\/index.php\/wp-json\/wp\/v2\/media\/1755"}],"wp:attachment":[{"href":"https:\/\/produba.com\/index.php\/wp-json\/wp\/v2\/media?parent=1753"}],"wp:term":[{"taxonomy":"category","embeddable":true,"href":"https:\/\/produba.com\/index.php\/wp-json\/wp\/v2\/categories?post=1753"},{"taxonomy":"post_tag","embeddable":true,"href":"https:\/\/produba.com\/index.php\/wp-json\/wp\/v2\/tags?post=1753"}],"curies":[{"name":"wp","href":"https:\/\/api.w.org\/{rel}","templated":true}]}}