{"id":1718,"date":"2025-05-26T15:25:46","date_gmt":"2025-05-26T18:25:46","guid":{"rendered":"https:\/\/produba.com\/?p=1718"},"modified":"2025-05-26T15:25:46","modified_gmt":"2025-05-26T18:25:46","slug":"tres-arroyos-productores-de-miel-participaron-de-la-4-expo-apicola","status":"publish","type":"post","link":"https:\/\/produba.com\/index.php\/2025\/05\/26\/tres-arroyos-productores-de-miel-participaron-de-la-4-expo-apicola\/","title":{"rendered":"Tres Arroyos: productores de miel participaron de la 4\u00b0 Expo Ap\u00edcola"},"content":{"rendered":"\n<h5>Organizado por la C\u00e1mara de Apicultores tresarroyense y el Ministerio de Desarrollo Agrario bonaerense, el viernes y s\u00e1bado pasado se desarroll\u00f3 el encuentro de apicultores en la Sociedad Rural local, donde los productores pudieron participar de charlas t\u00e9cnicas y una exposici\u00f3n comercial<\/h5>\n\n\n\n<p>La Sociedad Rural de Tres Arroyos fue sede de la cuarta edici\u00f3n de Expo Ap\u00edcola Tres Arroyos. Durante el viernes y s\u00e1bado pasado, productores y proveedores ap\u00edcolas participaron charlas t\u00e9cnicas y se llev\u00f3 a cabo una exposici\u00f3n comercial, donde apicultores del distrito y la regi\u00f3n compartieron miradas y fortalecieron lazos, adem\u00e1s de analizar la particular situaci\u00f3n del sector.<\/p>\n\n\n\n<p>El encuentro fue organizado por la C\u00e1mara de Apicultores de Tres Arroyos y el Ministerio de Desarrollo Agrario de la provincia de Buenos Aires. \u00a0Del acto de inauguraci\u00f3n del evento participaron Pablo Garate, intendente de Tres Arroyos; Carla Seain, subsecretaria de Agricultura y Ganader\u00eda del Ministerio de Desarrollo Agrario bonaerense; Ariel Rodr\u00edguez, director provincial de Apicultura; Natalia Carrasco, directora de la Chacra Experimental Integrada Barrow; Pablo Juli\u00e1n, presidente de la C\u00e1mara de Apicultores local; Lucas Mart\u00ednez, presidente de la Sociedad Argentina de Apicultura; y Eugenio Simonetti, presidente de la Sociedad Rural de Tres Arroyos. Adem\u00e1s, estuvo representada la Chacra Experimental Caba\u00f1a Apiario Pedro J. Bover, de General Belgrano.<\/p>\n\n\n\n<blockquote class=\"instagram-media\" data-instgrm-captioned data-instgrm-permalink=\"https:\/\/www.instagram.com\/reel\/DKH4PIoMc9H\/?utm_source=ig_embed&amp;utm_campaign=loading\" data-instgrm-version=\"14\" style=\" background:#FFF; border:0; border-radius:3px; box-shadow:0 0 1px 0 rgba(0,0,0,0.5),0 1px 10px 0 rgba(0,0,0,0.15); margin: 1px; max-width:540px; min-width:326px; padding:0; width:99.375%; width:-webkit-calc(100% - 2px); width:calc(100% - 2px);\"><div style=\"padding:16px;\"> <a href=\"https:\/\/www.instagram.com\/reel\/DKH4PIoMc9H\/?utm_source=ig_embed&amp;utm_campaign=loading\" style=\" background:#FFFFFF; line-height:0; padding:0 0; text-align:center; text-decoration:none; width:100%;\" target=\"_blank\" rel=\"noopener\"> <div style=\" display: flex; flex-direction: row; align-items: center;\"> <div style=\"background-color: #F4F4F4; border-radius: 50%; flex-grow: 0; height: 40px; margin-right: 14px; width: 40px;\"><\/div> <div style=\"display: flex; flex-direction: column; flex-grow: 1; justify-content: center;\"> <div style=\" background-color: #F4F4F4; border-radius: 4px; flex-grow: 0; height: 14px; margin-bottom: 6px; width: 100px;\"><\/div> <div style=\" background-color: #F4F4F4; border-radius: 4px; flex-grow: 0; height: 14px; width: 60px;\"><\/div><\/div><\/div><div style=\"padding: 19% 0;\"><\/div> <div style=\"display:block; height:50px; margin:0 auto 12px; width:50px;\"><svg width=\"50px\" height=\"50px\" viewBox=\"0 0 60 60\" version=\"1.1\" xmlns=\"https:\/\/www.w3.org\/2000\/svg\" xmlns:xlink=\"https:\/\/www.w3.org\/1999\/xlink\"><g stroke=\"none\" stroke-width=\"1\" fill=\"none\" fill-rule=\"evenodd\"><g transform=\"translate(-511.000000, -20.000000)\" fill=\"#000000\"><g><path d=\"M556.869,30.41 C554.814,30.41 553.148,32.076 553.148,34.131 C553.148,36.186 554.814,37.852 556.869,37.852 C558.924,37.852 560.59,36.186 560.59,34.131 C560.59,32.076 558.924,30.41 556.869,30.41 M541,60.657 C535.114,60.657 530.342,55.887 530.342,50 C530.342,44.114 535.114,39.342 541,39.342 C546.887,39.342 551.658,44.114 551.658,50 C551.658,55.887 546.887,60.657 541,60.657 M541,33.886 C532.1,33.886 524.886,41.1 524.886,50 C524.886,58.899 532.1,66.113 541,66.113 C549.9,66.113 557.115,58.899 557.115,50 C557.115,41.1 549.9,33.886 541,33.886 M565.378,62.101 C565.244,65.022 564.756,66.606 564.346,67.663 C563.803,69.06 563.154,70.057 562.106,71.106 C561.058,72.155 560.06,72.803 558.662,73.347 C557.607,73.757 556.021,74.244 553.102,74.378 C549.944,74.521 548.997,74.552 541,74.552 C533.003,74.552 532.056,74.521 528.898,74.378 C525.979,74.244 524.393,73.757 523.338,73.347 C521.94,72.803 520.942,72.155 519.894,71.106 C518.846,70.057 518.197,69.06 517.654,67.663 C517.244,66.606 516.755,65.022 516.623,62.101 C516.479,58.943 516.448,57.996 516.448,50 C516.448,42.003 516.479,41.056 516.623,37.899 C516.755,34.978 517.244,33.391 517.654,32.338 C518.197,30.938 518.846,29.942 519.894,28.894 C520.942,27.846 521.94,27.196 523.338,26.654 C524.393,26.244 525.979,25.756 528.898,25.623 C532.057,25.479 533.004,25.448 541,25.448 C548.997,25.448 549.943,25.479 553.102,25.623 C556.021,25.756 557.607,26.244 558.662,26.654 C560.06,27.196 561.058,27.846 562.106,28.894 C563.154,29.942 563.803,30.938 564.346,32.338 C564.756,33.391 565.244,34.978 565.378,37.899 C565.522,41.056 565.552,42.003 565.552,50 C565.552,57.996 565.522,58.943 565.378,62.101 M570.82,37.631 C570.674,34.438 570.167,32.258 569.425,30.349 C568.659,28.377 567.633,26.702 565.965,25.035 C564.297,23.368 562.623,22.342 560.652,21.575 C558.743,20.834 556.562,20.326 553.369,20.18 C550.169,20.033 549.148,20 541,20 C532.853,20 531.831,20.033 528.631,20.18 C525.438,20.326 523.257,20.834 521.349,21.575 C519.376,22.342 517.703,23.368 516.035,25.035 C514.368,26.702 513.342,28.377 512.574,30.349 C511.834,32.258 511.326,34.438 511.181,37.631 C511.035,40.831 511,41.851 511,50 C511,58.147 511.035,59.17 511.181,62.369 C511.326,65.562 511.834,67.743 512.574,69.651 C513.342,71.625 514.368,73.296 516.035,74.965 C517.703,76.634 519.376,77.658 521.349,78.425 C523.257,79.167 525.438,79.673 528.631,79.82 C531.831,79.965 532.853,80.001 541,80.001 C549.148,80.001 550.169,79.965 553.369,79.82 C556.562,79.673 558.743,79.167 560.652,78.425 C562.623,77.658 564.297,76.634 565.965,74.965 C567.633,73.296 568.659,71.625 569.425,69.651 C570.167,67.743 570.674,65.562 570.82,62.369 C570.966,59.17 571,58.147 571,50 C571,41.851 570.966,40.831 570.82,37.631\"><\/path><\/g><\/g><\/g><\/svg><\/div><div style=\"padding-top: 8px;\"> <div style=\" color:#3897f0; font-family:Arial,sans-serif; font-size:14px; font-style:normal; font-weight:550; line-height:18px;\">Ver esta publicaci\u00f3n en Instagram<\/div><\/div><div style=\"padding: 12.5% 0;\"><\/div> <div style=\"display: flex; flex-direction: row; margin-bottom: 14px; align-items: center;\"><div> <div style=\"background-color: #F4F4F4; border-radius: 50%; height: 12.5px; width: 12.5px; transform: translateX(0px) translateY(7px);\"><\/div> <div style=\"background-color: #F4F4F4; height: 12.5px; transform: rotate(-45deg) translateX(3px) translateY(1px); width: 12.5px; flex-grow: 0; margin-right: 14px; margin-left: 2px;\"><\/div> <div style=\"background-color: #F4F4F4; border-radius: 50%; height: 12.5px; width: 12.5px; transform: translateX(9px) translateY(-18px);\"><\/div><\/div><div style=\"margin-left: 8px;\"> <div style=\" background-color: #F4F4F4; border-radius: 50%; flex-grow: 0; height: 20px; width: 20px;\"><\/div> <div style=\" width: 0; height: 0; border-top: 2px solid transparent; border-left: 6px solid #f4f4f4; border-bottom: 2px solid transparent; transform: translateX(16px) translateY(-4px) rotate(30deg)\"><\/div><\/div><div style=\"margin-left: auto;\"> <div style=\" width: 0px; border-top: 8px solid #F4F4F4; border-right: 8px solid transparent; transform: translateY(16px);\"><\/div> <div style=\" background-color: #F4F4F4; flex-grow: 0; height: 12px; width: 16px; transform: translateY(-4px);\"><\/div> <div style=\" width: 0; height: 0; border-top: 8px solid #F4F4F4; border-left: 8px solid transparent; transform: translateY(-4px) translateX(8px);\"><\/div><\/div><\/div> <div style=\"display: flex; flex-direction: column; flex-grow: 1; justify-content: center; margin-bottom: 24px;\"> <div style=\" background-color: #F4F4F4; border-radius: 4px; flex-grow: 0; height: 14px; margin-bottom: 6px; width: 224px;\"><\/div> <div style=\" background-color: #F4F4F4; border-radius: 4px; flex-grow: 0; height: 14px; width: 144px;\"><\/div><\/div><\/a><p style=\" color:#c9c8cd; font-family:Arial,sans-serif; font-size:14px; line-height:17px; margin-bottom:0; margin-top:8px; overflow:hidden; padding:8px 0 7px; text-align:center; text-overflow:ellipsis; white-space:nowrap;\"><a href=\"https:\/\/www.instagram.com\/reel\/DKH4PIoMc9H\/?utm_source=ig_embed&amp;utm_campaign=loading\" style=\" color:#c9c8cd; font-family:Arial,sans-serif; font-size:14px; font-style:normal; font-weight:normal; line-height:17px; text-decoration:none;\" target=\"_blank\" rel=\"noopener\">Una publicaci\u00f3n compartida por Pablo Garate (@pablo.garate)<\/a><\/p><\/div><\/blockquote>\n<script async src=\"\/\/www.instagram.com\/embed.js\"><\/script>\n\n\n\n<p>Adem\u00e1s de la cuarta Expo Ap\u00edcola Tres Arroyos, se realiz\u00f3 la vig\u00e9sima primera jornada de t\u00e9cnicas Regionales sobre Apicultura. Susana Bruno, vicepresidenta de la C\u00e1mara de Apicultores en Tres Arroyos, le dio m\u00e1s detalles a LU 24: <em>\u201cpara esta ocasi\u00f3n, contamos con un gran n\u00famero de apicultores de la zona y de los distintos partidos, a trav\u00e9s de diferentes reuniones queremos sumar nuevos expositores y productos\u201d<\/em>.<\/p>\n\n\n\n<p><em>\u201cTratamos de abastecer a cada apicultor, de esa manera, mejorar la fuente de trabajo, ense\u00f1\u00e1ndoles como se hace cada actividad y les demostramos que para ser parte debe gustarte estar en contacto con las abejas\u201d<\/em>, afirm\u00f3 Bruno.<\/p>\n\n\n\n<figure class=\"wp-block-image size-large\"><img decoding=\"async\" width=\"1024\" height=\"768\" src=\"https:\/\/produba.com\/wp-content\/uploads\/2025\/05\/feria-apicultores-tres-arroyos-3-1024x768.webp\" alt=\"\" class=\"wp-image-1720\" srcset=\"https:\/\/produba.com\/wp-content\/uploads\/2025\/05\/feria-apicultores-tres-arroyos-3-1024x768.webp 1024w, https:\/\/produba.com\/wp-content\/uploads\/2025\/05\/feria-apicultores-tres-arroyos-3-300x225.webp 300w, https:\/\/produba.com\/wp-content\/uploads\/2025\/05\/feria-apicultores-tres-arroyos-3-768x576.webp 768w, https:\/\/produba.com\/wp-content\/uploads\/2025\/05\/feria-apicultores-tres-arroyos-3-780x585.webp 780w, https:\/\/produba.com\/wp-content\/uploads\/2025\/05\/feria-apicultores-tres-arroyos-3-600x450.webp 600w, https:\/\/produba.com\/wp-content\/uploads\/2025\/05\/feria-apicultores-tres-arroyos-3-550x413.webp 550w, https:\/\/produba.com\/wp-content\/uploads\/2025\/05\/feria-apicultores-tres-arroyos-3-370x278.webp 370w, https:\/\/produba.com\/wp-content\/uploads\/2025\/05\/feria-apicultores-tres-arroyos-3-255x191.webp 255w, https:\/\/produba.com\/wp-content\/uploads\/2025\/05\/feria-apicultores-tres-arroyos-3.webp 1040w\" sizes=\"(max-width: 1024px) 100vw, 1024px\" \/><\/figure>\n\n\n\n<p>Sobre la comercializaci\u00f3n local asegur\u00f3 <em>\u201cel precio de la miel est\u00e1 estancado hace dos a\u00f1os, el valor de los insumos aumento, siendo un problema para los apicultores y esperamos que en un futro la situaci\u00f3n cambi\u00e9\u201d<\/em>.<\/p>\n\n\n\n<p>El presidente de la C\u00e1mara de Apicultores, Pablo Juli\u00e1n, dio la bienvenida a los presentes y agradeci\u00f3 a la Sociedad Rural de Tres Arroyos: <em>\u201chemos podido ponernos de acuerdo con el productor agropecuario y el manejo de los agroqu\u00edmicos, a los expositores que llegan desde tantos puntos del pa\u00eds, y la enorme oportunidad que tiene el productor de miel de nuestra zona\u201d<\/em>.<\/p>\n\n\n\n<figure class=\"wp-block-image size-large\"><img decoding=\"async\" width=\"1024\" height=\"768\" src=\"https:\/\/produba.com\/wp-content\/uploads\/2025\/05\/feria-apicultores-tres-arroyos-4-1024x768.jpeg\" alt=\"\" class=\"wp-image-1719\" srcset=\"https:\/\/produba.com\/wp-content\/uploads\/2025\/05\/feria-apicultores-tres-arroyos-4-1024x768.jpeg 1024w, https:\/\/produba.com\/wp-content\/uploads\/2025\/05\/feria-apicultores-tres-arroyos-4-300x225.jpeg 300w, https:\/\/produba.com\/wp-content\/uploads\/2025\/05\/feria-apicultores-tres-arroyos-4-768x576.jpeg 768w, https:\/\/produba.com\/wp-content\/uploads\/2025\/05\/feria-apicultores-tres-arroyos-4-780x585.jpeg 780w, https:\/\/produba.com\/wp-content\/uploads\/2025\/05\/feria-apicultores-tres-arroyos-4-600x450.jpeg 600w, https:\/\/produba.com\/wp-content\/uploads\/2025\/05\/feria-apicultores-tres-arroyos-4-550x413.jpeg 550w, https:\/\/produba.com\/wp-content\/uploads\/2025\/05\/feria-apicultores-tres-arroyos-4-370x278.jpeg 370w, https:\/\/produba.com\/wp-content\/uploads\/2025\/05\/feria-apicultores-tres-arroyos-4-255x191.jpeg 255w, https:\/\/produba.com\/wp-content\/uploads\/2025\/05\/feria-apicultores-tres-arroyos-4.jpeg 1040w\" sizes=\"(max-width: 1024px) 100vw, 1024px\" \/><\/figure>\n\n\n\n<p>Tambi\u00e9n habl\u00f3 en el acto el presidente de la Sociedad Argentina Lucas Mart\u00ednez que expres\u00f3 <em>\u201cestamos en una situaci\u00f3n cr\u00edtica, pero quiero destacar a la C\u00e1mara de Apicultores y a la Sociedad Rural que son ONG, y una muestra como esta est\u00e1 organizada por gente del sector, los gobiernos pasan, pero las instituciones tienen que continuar\u201d<\/em>.<\/p>\n\n\n\n<p>Luego fue el turno del presidente de la Sociedad Rural Tres Arroyos, Eugenio Simonetti, qui\u00e9n destac\u00f3 el di\u00e1logo que pudieron tener y llegar a buen puerto con los apicultores y resalt\u00f3 que los veterinarios e ingenieros agr\u00f3nomos est\u00e1n funcionando dentro de la Rural.<\/p>\n\n\n\n<p>La representante del Ministerio de Asuntos Agrarios bonaerense, Carla Seain, dej\u00f3 los saludos enviados por el gobernador Axel Kicillof y el ministro Javier Rodr\u00edguez, adem\u00e1s resalt\u00f3 que las entidades se sigan involucrando en realizaciones como esta exposici\u00f3n.<\/p>\n\n\n\n<figure class=\"wp-block-image size-large\"><img decoding=\"async\" width=\"1024\" height=\"768\" src=\"https:\/\/produba.com\/wp-content\/uploads\/2025\/05\/feria-apicultores-tres-arroyos-2-1024x768.webp\" alt=\"\" class=\"wp-image-1721\" srcset=\"https:\/\/produba.com\/wp-content\/uploads\/2025\/05\/feria-apicultores-tres-arroyos-2-1024x768.webp 1024w, https:\/\/produba.com\/wp-content\/uploads\/2025\/05\/feria-apicultores-tres-arroyos-2-300x225.webp 300w, https:\/\/produba.com\/wp-content\/uploads\/2025\/05\/feria-apicultores-tres-arroyos-2-768x576.webp 768w, https:\/\/produba.com\/wp-content\/uploads\/2025\/05\/feria-apicultores-tres-arroyos-2-780x585.webp 780w, https:\/\/produba.com\/wp-content\/uploads\/2025\/05\/feria-apicultores-tres-arroyos-2-600x450.webp 600w, https:\/\/produba.com\/wp-content\/uploads\/2025\/05\/feria-apicultores-tres-arroyos-2-550x413.webp 550w, https:\/\/produba.com\/wp-content\/uploads\/2025\/05\/feria-apicultores-tres-arroyos-2-370x278.webp 370w, https:\/\/produba.com\/wp-content\/uploads\/2025\/05\/feria-apicultores-tres-arroyos-2-255x191.webp 255w, https:\/\/produba.com\/wp-content\/uploads\/2025\/05\/feria-apicultores-tres-arroyos-2.webp 1040w\" sizes=\"(max-width: 1024px) 100vw, 1024px\" \/><\/figure>\n\n\n\n<p>Por \u00faltimo, el intendente local, Pablo Garate, sostuvo que: <em>\u201cesta Expo muestra permite actualizaciones en elemento necesarios para la producci\u00f3n ap\u00edcola y tambi\u00e9n permite la comercializaci\u00f3n, tenemos 9 productores en el Parque Industrial, unos 150 productores en total, desde el municipio estamos promocionando el consumo de miel y quedan muchas cosas por delante, el municipio tiene la actitud de acompa\u00f1ar\u201d<\/em>.<\/p>\n\n\n\n<p>En sus redes sociales, Garate sostuvo que <em>\u201ccada productor es parte del desarrollo tresarroyense. Por eso, este evento nos reuni\u00f3 para mejorar, para ampliar los horizontes y pensar en el presente y el futuro del desarrollo econ\u00f3mico y productivo en el distrito de Tres Arroyos\u201d<\/em>.<\/p>\n\n\n\n\n","protected":false},"excerpt":{"rendered":"<p>Organizado por la C\u00e1mara de Apicultores tresarroyense y el Ministerio de Desarrollo Agrario bonaerense, el viernes y s\u00e1bado pasado se desarroll\u00f3 el encuentro de apicultores en la Sociedad Rural local, donde los productores pudieron participar de charlas t\u00e9cnicas y una exposici\u00f3n comercial La Sociedad Rural de Tres Arroyos fue sede de la cuarta edici\u00f3n de &#8230;<\/p>\n","protected":false},"author":1,"featured_media":1722,"comment_status":"closed","ping_status":"closed","sticky":false,"template":"","format":"standard","meta":{"loftocean_post_format_gallery":"","loftocean_post_format_gallery_ids":"","loftocean_post_format_gallery_urls":"","loftocean_post_format_video_id":0,"loftocean_post_format_video_url":"","loftocean_post_format_video_type":"","loftocean_post_format_video":"","loftocean_post_format_audio_type":"","loftocean_post_format_audio_url":"","loftocean_post_format_audio_id":0,"loftocean_post_format_audio":"","loftocean-featured-post":"","loftocean-like-count":0,"loftocean-view-count":185,"loftocean_coauthors":"","alpaca_post_content_reading_setting":"","alpaca_reading_speed_per_minute":0,"alpaca_reading_speed_unit":"","alpaca_single_post_template_layout":""},"categories":[6,3],"tags":[368,191,83,65,189],"loftoceanMetas":{"readingTime":"3 minutos de lectura","authorName":"ProduBA","categories":[{"name":"Municipios","link":"https:\/\/produba.com\/index.php\/category\/municipios\/","count":380},{"name":"Producci\u00f3n","link":"https:\/\/produba.com\/index.php\/category\/produccion\/","count":403}],"date":"26 de mayo de 2025","featuredImageSRC":"https:\/\/produba.com\/wp-content\/uploads\/2025\/05\/feria-apicultores-tres-arroyos-1-150x150.webp"},"_links":{"self":[{"href":"https:\/\/produba.com\/index.php\/wp-json\/wp\/v2\/posts\/1718"}],"collection":[{"href":"https:\/\/produba.com\/index.php\/wp-json\/wp\/v2\/posts"}],"about":[{"href":"https:\/\/produba.com\/index.php\/wp-json\/wp\/v2\/types\/post"}],"author":[{"embeddable":true,"href":"https:\/\/produba.com\/index.php\/wp-json\/wp\/v2\/users\/1"}],"replies":[{"embeddable":true,"href":"https:\/\/produba.com\/index.php\/wp-json\/wp\/v2\/comments?post=1718"}],"version-history":[{"count":1,"href":"https:\/\/produba.com\/index.php\/wp-json\/wp\/v2\/posts\/1718\/revisions"}],"predecessor-version":[{"id":1723,"href":"https:\/\/produba.com\/index.php\/wp-json\/wp\/v2\/posts\/1718\/revisions\/1723"}],"wp:featuredmedia":[{"embeddable":true,"href":"https:\/\/produba.com\/index.php\/wp-json\/wp\/v2\/media\/1722"}],"wp:attachment":[{"href":"https:\/\/produba.com\/index.php\/wp-json\/wp\/v2\/media?parent=1718"}],"wp:term":[{"taxonomy":"category","embeddable":true,"href":"https:\/\/produba.com\/index.php\/wp-json\/wp\/v2\/categories?post=1718"},{"taxonomy":"post_tag","embeddable":true,"href":"https:\/\/produba.com\/index.php\/wp-json\/wp\/v2\/tags?post=1718"}],"curies":[{"name":"wp","href":"https:\/\/api.w.org\/{rel}","templated":true}]}}