{"id":1662,"date":"2025-05-13T14:16:46","date_gmt":"2025-05-13T17:16:46","guid":{"rendered":"https:\/\/produba.com\/?p=1662"},"modified":"2025-05-13T14:16:46","modified_gmt":"2025-05-13T17:16:46","slug":"mas-de-120-pymes-participaron-de-una-ronda-de-negocios-en-almirante-brown","status":"publish","type":"post","link":"https:\/\/produba.com\/index.php\/2025\/05\/13\/mas-de-120-pymes-participaron-de-una-ronda-de-negocios-en-almirante-brown\/","title":{"rendered":"M\u00e1s de 120 pymes participaron de una Ronda de Negocios en Almirante Brown"},"content":{"rendered":"\n<h5>El quinto encuentro realizado en el Parque Industrial de Burzaco, tuvo objetivo potenciar a las peque\u00f1as y medianas industrias, comerciales y de servicio del distrito. Durante el evento se concretaron m\u00e1s de 600 reuniones de trabajo<\/h5>\n\n\n\n<p>En el Parque Industrial de Burzaco se llev\u00f3 a cabo una jornada de trabajo donde participaron representantes de m\u00e1s de 120 peque\u00f1as y medianas empresas (PyMES) del partido de Almirante Brown. Del encuentro particip\u00f3 el intendente browniense, Mariano Cascallares.<\/p>\n\n\n\n<p>Se trata de la quinta Ronda de Negocios de Almirante Brown, la cual se llev\u00f3 adelante en el CEFIP de Burzaco, situado en Jun\u00edn y Tom\u00e1s Guido, en el marco de un espacio integral pensado para promover el intercambio de experiencias, iniciar nuevos v\u00ednculos comerciales o institucionales, y contribuir al crecimiento de las PyMEs y grandes empresas productivas y de servicios.<\/p>\n\n\n\n<p>En este sentido, a lo largo de toda la jornada dijeron presente representantes de m\u00e1s de 120 empresas del distrito, tanto industriales, como comerciales y de servicio, y se concretaron m\u00e1s de 600 reuniones de trabajo, con el objetivo de potenciar su desarrollo y productividad.<\/p>\n\n\n\n<figure class=\"wp-block-image size-large\"><img decoding=\"async\" width=\"1024\" height=\"683\" src=\"https:\/\/produba.com\/wp-content\/uploads\/2025\/05\/ronda-de-negocios-almirante-brown-2-1024x683.webp\" alt=\"\" class=\"wp-image-1664\" srcset=\"https:\/\/produba.com\/wp-content\/uploads\/2025\/05\/ronda-de-negocios-almirante-brown-2-1024x683.webp 1024w, https:\/\/produba.com\/wp-content\/uploads\/2025\/05\/ronda-de-negocios-almirante-brown-2-300x200.webp 300w, https:\/\/produba.com\/wp-content\/uploads\/2025\/05\/ronda-de-negocios-almirante-brown-2-768x512.webp 768w, https:\/\/produba.com\/wp-content\/uploads\/2025\/05\/ronda-de-negocios-almirante-brown-2-780x520.webp 780w, https:\/\/produba.com\/wp-content\/uploads\/2025\/05\/ronda-de-negocios-almirante-brown-2-600x400.webp 600w, https:\/\/produba.com\/wp-content\/uploads\/2025\/05\/ronda-de-negocios-almirante-brown-2-550x367.webp 550w, https:\/\/produba.com\/wp-content\/uploads\/2025\/05\/ronda-de-negocios-almirante-brown-2-370x247.webp 370w, https:\/\/produba.com\/wp-content\/uploads\/2025\/05\/ronda-de-negocios-almirante-brown-2-255x170.webp 255w, https:\/\/produba.com\/wp-content\/uploads\/2025\/05\/ronda-de-negocios-almirante-brown-2.webp 1140w\" sizes=\"(max-width: 1024px) 100vw, 1024px\" \/><\/figure>\n\n\n\n<p><em>\u201cEn Almirante Brown siempre tenemos como objetivo el desarrollo de nuestras peque\u00f1as y medianas empresas, por eso como cada a\u00f1o llevamos adelante una jornada de trabajo pensada para el intercambio de ideas, experiencias, la generaci\u00f3n de nuevos v\u00ednculos comerciales y el fortalecimiento de las cadenas de valor regionales\u201d<\/em>, remarc\u00f3 Mariano Cascallares.<\/p>\n\n\n\n<p>En esa l\u00ednea, el jefe comunal remarc\u00f3 que <em>\u201cseguir acompa\u00f1ando al desarrollo de nuestro Parque Industrial, con sus m\u00e1s de 300 pymes, es uno de nuestros principales objetivos como gesti\u00f3n, ya que son el motor del trabajo y fuente fundamental del crecimiento econ\u00f3mico\u201d<\/em>. Y tambi\u00e9n destac\u00f3 el rol central y el acompa\u00f1amiento de la Uni\u00f3n Industrial local y de la Comisi\u00f3n Mixta del Sector Industrial Planificado browniano.<\/p>\n\n\n\n<p>Participaron, adem\u00e1s, el secretario de Desarrollo Econ\u00f3mico y Hacienda local, Pablo Pernicone; la subsecretaria de Industria y Pymes bonaerense, Mariela Bembi; el subsecretario de Desarrollo Comercial y Promovi\u00f3n de Inversiones del Ministerio de Producci\u00f3n, Ciencia e Innovaci\u00f3n Tecnol\u00f3gica de la Provincia de Buenos Aires, Ariel Aguilar;&nbsp;el subsecretario de la Agencia de Desarrollo Productivo y Empleo local, Leandro Gavioli, y la directora de Desarrollo Industrial, Gabriela Pellegrini, entre otras autoridades locales y provinciales.<\/p>\n","protected":false},"excerpt":{"rendered":"<p>El quinto encuentro realizado en el Parque Industrial de Burzaco, tuvo objetivo potenciar a las peque\u00f1as y medianas industrias, comerciales y de servicio del distrito. Durante el evento se concretaron m\u00e1s de 600 reuniones de trabajo En el Parque Industrial de Burzaco se llev\u00f3 a cabo una jornada de trabajo donde participaron representantes de m\u00e1s &#8230;<\/p>\n","protected":false},"author":1,"featured_media":1663,"comment_status":"closed","ping_status":"closed","sticky":false,"template":"","format":"standard","meta":{"loftocean_post_format_gallery":"","loftocean_post_format_gallery_ids":"","loftocean_post_format_gallery_urls":"","loftocean_post_format_video_id":0,"loftocean_post_format_video_url":"","loftocean_post_format_video_type":"","loftocean_post_format_video":"","loftocean_post_format_audio_type":"","loftocean_post_format_audio_url":"","loftocean_post_format_audio_id":0,"loftocean_post_format_audio":"","loftocean-featured-post":"","loftocean-like-count":0,"loftocean-view-count":118,"loftocean_coauthors":"","alpaca_post_content_reading_setting":"","alpaca_reading_speed_per_minute":0,"alpaca_reading_speed_unit":"","alpaca_single_post_template_layout":""},"categories":[6,3],"tags":[132,134,41,287],"loftoceanMetas":{"readingTime":"2 minutos de lectura","authorName":"ProduBA","categories":[{"name":"Municipios","link":"https:\/\/produba.com\/index.php\/category\/municipios\/","count":383},{"name":"Producci\u00f3n","link":"https:\/\/produba.com\/index.php\/category\/produccion\/","count":406}],"date":"13 de mayo de 2025","featuredImageSRC":"https:\/\/produba.com\/wp-content\/uploads\/2025\/05\/ronda-de-negocios-almirante-brown-150x150.jpg"},"_links":{"self":[{"href":"https:\/\/produba.com\/index.php\/wp-json\/wp\/v2\/posts\/1662"}],"collection":[{"href":"https:\/\/produba.com\/index.php\/wp-json\/wp\/v2\/posts"}],"about":[{"href":"https:\/\/produba.com\/index.php\/wp-json\/wp\/v2\/types\/post"}],"author":[{"embeddable":true,"href":"https:\/\/produba.com\/index.php\/wp-json\/wp\/v2\/users\/1"}],"replies":[{"embeddable":true,"href":"https:\/\/produba.com\/index.php\/wp-json\/wp\/v2\/comments?post=1662"}],"version-history":[{"count":1,"href":"https:\/\/produba.com\/index.php\/wp-json\/wp\/v2\/posts\/1662\/revisions"}],"predecessor-version":[{"id":1665,"href":"https:\/\/produba.com\/index.php\/wp-json\/wp\/v2\/posts\/1662\/revisions\/1665"}],"wp:featuredmedia":[{"embeddable":true,"href":"https:\/\/produba.com\/index.php\/wp-json\/wp\/v2\/media\/1663"}],"wp:attachment":[{"href":"https:\/\/produba.com\/index.php\/wp-json\/wp\/v2\/media?parent=1662"}],"wp:term":[{"taxonomy":"category","embeddable":true,"href":"https:\/\/produba.com\/index.php\/wp-json\/wp\/v2\/categories?post=1662"},{"taxonomy":"post_tag","embeddable":true,"href":"https:\/\/produba.com\/index.php\/wp-json\/wp\/v2\/tags?post=1662"}],"curies":[{"name":"wp","href":"https:\/\/api.w.org\/{rel}","templated":true}]}}