{"id":1457,"date":"2025-03-11T11:30:01","date_gmt":"2025-03-11T14:30:01","guid":{"rendered":"https:\/\/produba.com\/?p=1457"},"modified":"2025-03-18T20:58:33","modified_gmt":"2025-03-18T23:58:33","slug":"tandil-el-municipio-acerca-a-productores-de-alimentos-y-vecinos-de-los-barrios","status":"publish","type":"post","link":"https:\/\/produba.com\/index.php\/2025\/03\/11\/tandil-el-municipio-acerca-a-productores-de-alimentos-y-vecinos-de-los-barrios\/","title":{"rendered":"Tandil: el municipio acerca a productores de alimentos y vecinos de los barrios"},"content":{"rendered":"\n<h5>El programa municipal Mercado Alimenticio Barrial llega el jueves al predio de la estaci\u00f3n de trenes. De 9 a 13, los vecinos podr\u00e1n adquirir los alimentos, de excelente calidad y buenos precios, directamente de los emprendedores locales<\/h5>\n\n\n\n<p>El pr\u00f3ximo jueves, el renovado espacio de la estaci\u00f3n de trenes, sobre avenida Machado, ser\u00e1 sede de la primera edici\u00f3n del Mercado Alimenticio Barrial, el programa implementado por el Municipio de Tandil para acercar a productores locales con consumidores de cercan\u00eda<\/p>\n\n\n\n<p>La jornada comenzar\u00e1 a las 9 y se extender\u00e1 hasta las 13, donde los vecinos podr\u00e1n adquirir distintos productos alimenticios.<\/p>\n\n\n\n<figure class=\"wp-block-image size-full\"><img decoding=\"async\" width=\"800\" height=\"600\" src=\"https:\/\/produba.com\/wp-content\/uploads\/2025\/03\/MAB-Estacion-Tandil.jpg\" alt=\"\" class=\"wp-image-1460\" srcset=\"https:\/\/produba.com\/wp-content\/uploads\/2025\/03\/MAB-Estacion-Tandil.jpg 800w, https:\/\/produba.com\/wp-content\/uploads\/2025\/03\/MAB-Estacion-Tandil-300x225.jpg 300w, https:\/\/produba.com\/wp-content\/uploads\/2025\/03\/MAB-Estacion-Tandil-768x576.jpg 768w, https:\/\/produba.com\/wp-content\/uploads\/2025\/03\/MAB-Estacion-Tandil-780x585.jpg 780w, https:\/\/produba.com\/wp-content\/uploads\/2025\/03\/MAB-Estacion-Tandil-600x450.jpg 600w, https:\/\/produba.com\/wp-content\/uploads\/2025\/03\/MAB-Estacion-Tandil-550x413.jpg 550w, https:\/\/produba.com\/wp-content\/uploads\/2025\/03\/MAB-Estacion-Tandil-370x278.jpg 370w, https:\/\/produba.com\/wp-content\/uploads\/2025\/03\/MAB-Estacion-Tandil-255x191.jpg 255w\" sizes=\"(max-width: 800px) 100vw, 800px\" \/><\/figure>\n\n\n\n<p>Entre otros productos, se pondr\u00e1n a la venta l\u00e1cteos y derivados, verduras, pollo, carne, mermeladas y dulces, huevos, miel, harina, polenta, pastas secas y frescas, discos de empanadas y tartas, y alimentos libres de gluten.<\/p>\n\n\n\n<p>La propuesta de los Mercados Alimenticios Barriales es coordinada por la Secretar\u00eda de Desarrollo Productivo y Relaciones Internacionales y la cartera de Desarrollo Humano y H\u00e1bitat.<\/p>\n\n\n\n<p>El programa surgi\u00f3 en febrero del a\u00f1o pasado, en el marco de las distintas acciones del Municipio para promover la producci\u00f3n local y los beneficios para los vecinos en los barrios.<\/p>\n\n\n\n<figure class=\"wp-block-image size-large\"><img decoding=\"async\" width=\"1024\" height=\"683\" src=\"https:\/\/produba.com\/wp-content\/uploads\/2025\/03\/Tandil-Mercado-Alimenticio-Barrial-2-1024x683.jpg\" alt=\"\" class=\"wp-image-1459\" srcset=\"https:\/\/produba.com\/wp-content\/uploads\/2025\/03\/Tandil-Mercado-Alimenticio-Barrial-2-1024x683.jpg 1024w, https:\/\/produba.com\/wp-content\/uploads\/2025\/03\/Tandil-Mercado-Alimenticio-Barrial-2-300x200.jpg 300w, https:\/\/produba.com\/wp-content\/uploads\/2025\/03\/Tandil-Mercado-Alimenticio-Barrial-2-768x512.jpg 768w, https:\/\/produba.com\/wp-content\/uploads\/2025\/03\/Tandil-Mercado-Alimenticio-Barrial-2-780x520.jpg 780w, https:\/\/produba.com\/wp-content\/uploads\/2025\/03\/Tandil-Mercado-Alimenticio-Barrial-2-600x400.jpg 600w, https:\/\/produba.com\/wp-content\/uploads\/2025\/03\/Tandil-Mercado-Alimenticio-Barrial-2-550x367.jpg 550w, https:\/\/produba.com\/wp-content\/uploads\/2025\/03\/Tandil-Mercado-Alimenticio-Barrial-2-370x247.jpg 370w, https:\/\/produba.com\/wp-content\/uploads\/2025\/03\/Tandil-Mercado-Alimenticio-Barrial-2-255x170.jpg 255w, https:\/\/produba.com\/wp-content\/uploads\/2025\/03\/Tandil-Mercado-Alimenticio-Barrial-2.jpg 1065w\" sizes=\"(max-width: 1024px) 100vw, 1024px\" \/><\/figure>\n\n\n\n<p>Como en cada oportunidad, los productores colocar\u00e1n puestos con alimentos y productos elaborados bajo el concepto de Kil\u00f3metro 0 por un importante grupo de microempresas, emprendedores, integrantes de la sala elaboradora de alimentos que funciona en el edificio del Mercado Municipal y cooperativas.<\/p>\n\n\n\n<p>Los mercados a lo largo del a\u00f1o van rotando por distintos puntos de la ciudad. <\/p>\n\n\n\n<p>Fuente: abchoy.com.ar<\/p>\n","protected":false},"excerpt":{"rendered":"<p>El programa municipal Mercado Alimenticio Barrial llega el jueves al predio de la estaci\u00f3n de trenes. De 9 a 13, los vecinos podr\u00e1n adquirir los alimentos, de excelente calidad y buenos precios, directamente de los emprendedores locales El pr\u00f3ximo jueves, el renovado espacio de la estaci\u00f3n de trenes, sobre avenida Machado, ser\u00e1 sede de la &#8230;<\/p>\n","protected":false},"author":1,"featured_media":1458,"comment_status":"closed","ping_status":"closed","sticky":false,"template":"","format":"standard","meta":{"loftocean_post_format_gallery":"","loftocean_post_format_gallery_ids":"","loftocean_post_format_gallery_urls":"","loftocean_post_format_video_id":0,"loftocean_post_format_video_url":"","loftocean_post_format_video_type":"","loftocean_post_format_video":"","loftocean_post_format_audio_type":"","loftocean_post_format_audio_url":"","loftocean_post_format_audio_id":0,"loftocean_post_format_audio":"","loftocean-featured-post":"","loftocean-like-count":0,"loftocean-view-count":167,"loftocean_coauthors":"","alpaca_post_content_reading_setting":"","alpaca_reading_speed_per_minute":0,"alpaca_reading_speed_unit":"","alpaca_single_post_template_layout":""},"categories":[6,3],"tags":[315,151,165],"loftoceanMetas":{"readingTime":"&lt; 1 minuto de lectura","authorName":"ProduBA","categories":[{"name":"Municipios","link":"https:\/\/produba.com\/index.php\/category\/municipios\/","count":383},{"name":"Producci\u00f3n","link":"https:\/\/produba.com\/index.php\/category\/produccion\/","count":406}],"date":"11 de marzo de 2025","featuredImageSRC":"https:\/\/produba.com\/wp-content\/uploads\/2025\/03\/Tandil-Mercado-Alimenticio-Barrial-1-150x150.jpg"},"_links":{"self":[{"href":"https:\/\/produba.com\/index.php\/wp-json\/wp\/v2\/posts\/1457"}],"collection":[{"href":"https:\/\/produba.com\/index.php\/wp-json\/wp\/v2\/posts"}],"about":[{"href":"https:\/\/produba.com\/index.php\/wp-json\/wp\/v2\/types\/post"}],"author":[{"embeddable":true,"href":"https:\/\/produba.com\/index.php\/wp-json\/wp\/v2\/users\/1"}],"replies":[{"embeddable":true,"href":"https:\/\/produba.com\/index.php\/wp-json\/wp\/v2\/comments?post=1457"}],"version-history":[{"count":3,"href":"https:\/\/produba.com\/index.php\/wp-json\/wp\/v2\/posts\/1457\/revisions"}],"predecessor-version":[{"id":1488,"href":"https:\/\/produba.com\/index.php\/wp-json\/wp\/v2\/posts\/1457\/revisions\/1488"}],"wp:featuredmedia":[{"embeddable":true,"href":"https:\/\/produba.com\/index.php\/wp-json\/wp\/v2\/media\/1458"}],"wp:attachment":[{"href":"https:\/\/produba.com\/index.php\/wp-json\/wp\/v2\/media?parent=1457"}],"wp:term":[{"taxonomy":"category","embeddable":true,"href":"https:\/\/produba.com\/index.php\/wp-json\/wp\/v2\/categories?post=1457"},{"taxonomy":"post_tag","embeddable":true,"href":"https:\/\/produba.com\/index.php\/wp-json\/wp\/v2\/tags?post=1457"}],"curies":[{"name":"wp","href":"https:\/\/api.w.org\/{rel}","templated":true}]}}