{"id":1446,"date":"2025-03-06T16:26:30","date_gmt":"2025-03-06T19:26:30","guid":{"rendered":"https:\/\/produba.com\/?p=1446"},"modified":"2025-03-06T16:27:27","modified_gmt":"2025-03-06T19:27:27","slug":"ante-la-asamblea-legislativa-kicillof-destaco-la-importancia-de-la-produccion-para-la-provincia-de-buenos-aires","status":"publish","type":"post","link":"https:\/\/produba.com\/index.php\/2025\/03\/06\/ante-la-asamblea-legislativa-kicillof-destaco-la-importancia-de-la-produccion-para-la-provincia-de-buenos-aires\/","title":{"rendered":"Ante la Asamblea Legislativa, Kicillof destac\u00f3 la importancia de la producci\u00f3n para la Provincia"},"content":{"rendered":"\n<h5>Durante el inicio de las 153\u00b0 Sesiones Ordinarias de la Legislatura provincial, el gobernador bonaerense hizo un racconto del peso productivo que tiene Buenos Aires en el contexto nacional. Adem\u00e1s, relat\u00f3 la dif\u00edcil situaci\u00f3n que atraviesan los distintos sectores de la producci\u00f3n en la provincia de Buenos Aires<\/h5>\n\n\n\n<p>En la tarde de ayer, el gobernador bonaerense, Axel Kicillof, dio inicios al 153\u00b0 per\u00edodo de sesiones ordinarias de la Legislatura de la provincia de Buenos Aires. En su alocuci\u00f3n hizo referencia a la compleja coyuntura que atraviesa la provincia en materia productiva; asimismo, destac\u00f3 los esfuerzos que realiza la gesti\u00f3n que conduce para sostener y revitalizar la producci\u00f3n en todo el territorio provincial.<\/p>\n\n\n\n<p>Durante su mensaje a la Asamblea Legislativa, presidida por la vicegobernadora Ver\u00f3nica Magario y el presidente de la C\u00e1mara de Diputados, Alexis Guerrera, el gobernador convoc\u00f3 a las y los legisladores de todos los espacios pol\u00edticos a defender los intereses de las y los bonaerenses, m\u00e1s all\u00e1 de las diferencias partidarias.<\/p>\n\n\n\n<figure class=\"wp-block-image size-large\"><img decoding=\"async\" width=\"1024\" height=\"683\" src=\"https:\/\/produba.com\/wp-content\/uploads\/2025\/03\/kicillof-asamblea-153-magario-guerrera-1024x683.jpeg\" alt=\"\" class=\"wp-image-1448\" srcset=\"https:\/\/produba.com\/wp-content\/uploads\/2025\/03\/kicillof-asamblea-153-magario-guerrera-1024x683.jpeg 1024w, https:\/\/produba.com\/wp-content\/uploads\/2025\/03\/kicillof-asamblea-153-magario-guerrera-300x200.jpeg 300w, https:\/\/produba.com\/wp-content\/uploads\/2025\/03\/kicillof-asamblea-153-magario-guerrera-768x513.jpeg 768w, https:\/\/produba.com\/wp-content\/uploads\/2025\/03\/kicillof-asamblea-153-magario-guerrera-1536x1025.jpeg 1536w, https:\/\/produba.com\/wp-content\/uploads\/2025\/03\/kicillof-asamblea-153-magario-guerrera-1440x961.jpeg 1440w, https:\/\/produba.com\/wp-content\/uploads\/2025\/03\/kicillof-asamblea-153-magario-guerrera-1200x801.jpeg 1200w, https:\/\/produba.com\/wp-content\/uploads\/2025\/03\/kicillof-asamblea-153-magario-guerrera-780x521.jpeg 780w, https:\/\/produba.com\/wp-content\/uploads\/2025\/03\/kicillof-asamblea-153-magario-guerrera-600x400.jpeg 600w, https:\/\/produba.com\/wp-content\/uploads\/2025\/03\/kicillof-asamblea-153-magario-guerrera-550x367.jpeg 550w, https:\/\/produba.com\/wp-content\/uploads\/2025\/03\/kicillof-asamblea-153-magario-guerrera-370x247.jpeg 370w, https:\/\/produba.com\/wp-content\/uploads\/2025\/03\/kicillof-asamblea-153-magario-guerrera-255x170.jpeg 255w, https:\/\/produba.com\/wp-content\/uploads\/2025\/03\/kicillof-asamblea-153-magario-guerrera.jpeg 1798w\" sizes=\"(max-width: 1024px) 100vw, 1024px\" \/><\/figure>\n\n\n\n<p>Cuando se refiri\u00f3 a la importancia de la matriz productiva de la provincia que gobierna, Axel Kicillof resalt\u00f3: <strong><em>\u201cNuestra provincia es el coraz\u00f3n productivo de la Argentina. En relaci\u00f3n con el resto del pa\u00eds, el 38% de la poblaci\u00f3n; el 36% del PBI; el 50% de la industria (manufacturera) y el 41% del agro, junto con el 55% de la construcci\u00f3n se realizan en nuestra provincia de Buenos Aires\u201d<\/em><\/strong>.<\/p>\n\n\n\n<p>A su vez, el gobernador critic\u00f3 directamente al presidente de la Naci\u00f3n: <em>\u201cPor todo esto, la pol\u00edtica de Milei, su ideolog\u00eda anarcocapitalista es especialmente perjudicial para nuestra provincia\u201d<\/em>.<\/p>\n\n\n\n<p><strong>Seg\u00fan enumer\u00f3 el mandatario bonaerense, el Ministerio de Producci\u00f3n impuls\u00f3 obras de infraestructura en parques industriales en toda la provincia, pero financi\u00f3 tambi\u00e9n proyectos de inversi\u00f3n para m\u00e1s de 2.600 MiPyMES y 1.500 comercios bonaerenses<\/strong>, a trav\u00e9s de cr\u00e9ditos directos o bonificaci\u00f3n de tasa. <em>\u201cDado que acceder al cr\u00e9dito bancario resulta a veces imposible para la peque\u00f1a empresa, gracias a las garant\u00edas del FOGABA logramos que m\u00e1s de 19.300 micro, peque\u00f1as y medianas empresas bonaerenses accedan a financiamiento\u201d<\/em> a\u00f1adi\u00f3 Kicillof en referencia al apoyo para peque\u00f1os y medianos empresarios.<\/p>\n\n\n\n<p><strong><em>\u201cFortalecimos el entramado cooperativo provincial, alcanzando a 1.042 cooperativas, realizamos 73 rondas de negocios a lo largo de la provincia, en las cuales participaron m\u00e1s de 15.850 empresas, generando el espacio para m\u00e1s de 50.000 entrevistas de negocios\u201d<\/em><\/strong> agreg\u00f3 el mandatario provincial.<\/p>\n\n\n\n<p>Kicillof puso en valor el rol estatal en la cotidianeidad de los bonaerenses. <em>\u201cEl Estado, y esto es clave, no est\u00e1 contra el privado, como nos quieren hacer creer. El Estado contribuye y facilita la articulaci\u00f3n entre clientes, entre familias y empresas. Es as\u00ed, es con los privados, es con los laburantes y es con el Estado. Algunos piensan que eso solamente se llama peronismo, pero es la \u00fanica forma del desarrollo para la Argentina, para la provincia\u201d<\/em>, sentenci\u00f3 el Gobernador de Buenos Aires.<\/p>\n\n\n\n<figure class=\"wp-block-image size-large\"><img decoding=\"async\" width=\"1024\" height=\"683\" src=\"https:\/\/produba.com\/wp-content\/uploads\/2025\/03\/kicillof-asamblea-153-espalda-1024x683.jpeg\" alt=\"\" class=\"wp-image-1449\" srcset=\"https:\/\/produba.com\/wp-content\/uploads\/2025\/03\/kicillof-asamblea-153-espalda-1024x683.jpeg 1024w, https:\/\/produba.com\/wp-content\/uploads\/2025\/03\/kicillof-asamblea-153-espalda-300x200.jpeg 300w, https:\/\/produba.com\/wp-content\/uploads\/2025\/03\/kicillof-asamblea-153-espalda-768x513.jpeg 768w, https:\/\/produba.com\/wp-content\/uploads\/2025\/03\/kicillof-asamblea-153-espalda-1536x1025.jpeg 1536w, https:\/\/produba.com\/wp-content\/uploads\/2025\/03\/kicillof-asamblea-153-espalda-1440x961.jpeg 1440w, https:\/\/produba.com\/wp-content\/uploads\/2025\/03\/kicillof-asamblea-153-espalda-1200x801.jpeg 1200w, https:\/\/produba.com\/wp-content\/uploads\/2025\/03\/kicillof-asamblea-153-espalda-780x521.jpeg 780w, https:\/\/produba.com\/wp-content\/uploads\/2025\/03\/kicillof-asamblea-153-espalda-600x400.jpeg 600w, https:\/\/produba.com\/wp-content\/uploads\/2025\/03\/kicillof-asamblea-153-espalda-550x367.jpeg 550w, https:\/\/produba.com\/wp-content\/uploads\/2025\/03\/kicillof-asamblea-153-espalda-370x247.jpeg 370w, https:\/\/produba.com\/wp-content\/uploads\/2025\/03\/kicillof-asamblea-153-espalda-255x170.jpeg 255w, https:\/\/produba.com\/wp-content\/uploads\/2025\/03\/kicillof-asamblea-153-espalda.jpeg 1798w\" sizes=\"(max-width: 1024px) 100vw, 1024px\" \/><\/figure>\n\n\n\n<p>Kicillof enumer\u00f3 las tareas y logros que son responsabilidad de la cartera productiva que comanda Augusto Costa: <em>\u201cEl ministerio de Producci\u00f3n se encarga tambi\u00e9n del \u00e1rea de ciencia y tecnolog\u00eda. Mientras el gobierno nacional desfinancia, persigue, restringe el CONICET y el sistema universitario, en nuestra provincia promovemos el desarrollo cient\u00edfico, la innovaci\u00f3n tecnol\u00f3gica en articulaci\u00f3n con el sistema de universidades y con todo el sistema cient\u00edfico y tecnol\u00f3gico que es tambi\u00e9n privado, que es tambi\u00e9n nacional, a partir de tres convocatorias del Fondo de Innovaci\u00f3n Tecnol\u00f3gica de Buenos Aires (FITBA), con 186 proyectos de innovaci\u00f3n tecnol\u00f3gicos orientados a mejorar las capacidades del sector productivo bonaerense, estamos financiando la ciencia, estamos financiando la producci\u00f3n, estamos financiando a la provincia. Adem\u00e1s, nuestra CIC, nuestra Comisi\u00f3n de Investigaciones Cient\u00edficas, contin\u00faa creciendo con m\u00e1s inversi\u00f3n, con infraestructura, con m\u00e1s recursos para becas para investigaci\u00f3n\u201d.<\/em> <\/p>\n\n\n\n<p>El mandatario bonaerense tambi\u00e9n destac\u00f3 el rol productivo en sector agroindustrial: <strong>\u201c<em>El Ministerio de Desarrollo Agrario, hablando de producci\u00f3n, instrument\u00f3 con 123 municipios el programa -lo ve\u00eda tambi\u00e9n en el video- de Ferias y Mercados Bonaerenses, donde ya se sumaron m\u00e1s de 2.300 productores, y llevamos realizadas m\u00e1s de 29.000 ferias y mercados desde su inicio consiguen abaratar, acortando la cadena de comercializaci\u00f3n, borrando intermediarios, el v\u00ednculo entre los productores y los consumidores. En particular en alimentos y bebidas. Financiamos, adem\u00e1s, 13 Mercados Bonaerenses Fijos: 10 ya est\u00e1n en funcionamiento y 4 mercados mayoristas concentradores en el interior\u201d<\/em><\/strong>.<\/p>\n","protected":false},"excerpt":{"rendered":"<p>Durante el inicio de las 153\u00b0 Sesiones Ordinarias de la Legislatura provincial, el gobernador bonaerense hizo un racconto del peso productivo que tiene Buenos Aires en el contexto nacional. Adem\u00e1s, relat\u00f3 la dif\u00edcil situaci\u00f3n que atraviesan los distintos sectores de la producci\u00f3n en la provincia de Buenos Aires En la tarde de ayer, el gobernador &#8230;<\/p>\n","protected":false},"author":1,"featured_media":1447,"comment_status":"closed","ping_status":"closed","sticky":false,"template":"","format":"standard","meta":{"loftocean_post_format_gallery":"","loftocean_post_format_gallery_ids":"","loftocean_post_format_gallery_urls":"","loftocean_post_format_video_id":0,"loftocean_post_format_video_url":"","loftocean_post_format_video_type":"","loftocean_post_format_video":"","loftocean_post_format_audio_type":"","loftocean_post_format_audio_url":"","loftocean_post_format_audio_id":0,"loftocean_post_format_audio":"","loftocean-featured-post":"","loftocean-like-count":0,"loftocean-view-count":243,"loftocean_coauthors":"","alpaca_post_content_reading_setting":"","alpaca_reading_speed_per_minute":0,"alpaca_reading_speed_unit":"","alpaca_single_post_template_layout":""},"categories":[7,3],"tags":[313,51,314,158,79],"loftoceanMetas":{"readingTime":"3 minutos de lectura","authorName":"ProduBA","categories":[{"name":"Inter\u00e9s General","link":"https:\/\/produba.com\/index.php\/category\/interes_general\/","count":121},{"name":"Producci\u00f3n","link":"https:\/\/produba.com\/index.php\/category\/produccion\/","count":406}],"date":"6 de marzo de 2025","featuredImageSRC":"https:\/\/produba.com\/wp-content\/uploads\/2025\/03\/kicillof-asamblea-153-150x150.jpeg"},"_links":{"self":[{"href":"https:\/\/produba.com\/index.php\/wp-json\/wp\/v2\/posts\/1446"}],"collection":[{"href":"https:\/\/produba.com\/index.php\/wp-json\/wp\/v2\/posts"}],"about":[{"href":"https:\/\/produba.com\/index.php\/wp-json\/wp\/v2\/types\/post"}],"author":[{"embeddable":true,"href":"https:\/\/produba.com\/index.php\/wp-json\/wp\/v2\/users\/1"}],"replies":[{"embeddable":true,"href":"https:\/\/produba.com\/index.php\/wp-json\/wp\/v2\/comments?post=1446"}],"version-history":[{"count":2,"href":"https:\/\/produba.com\/index.php\/wp-json\/wp\/v2\/posts\/1446\/revisions"}],"predecessor-version":[{"id":1451,"href":"https:\/\/produba.com\/index.php\/wp-json\/wp\/v2\/posts\/1446\/revisions\/1451"}],"wp:featuredmedia":[{"embeddable":true,"href":"https:\/\/produba.com\/index.php\/wp-json\/wp\/v2\/media\/1447"}],"wp:attachment":[{"href":"https:\/\/produba.com\/index.php\/wp-json\/wp\/v2\/media?parent=1446"}],"wp:term":[{"taxonomy":"category","embeddable":true,"href":"https:\/\/produba.com\/index.php\/wp-json\/wp\/v2\/categories?post=1446"},{"taxonomy":"post_tag","embeddable":true,"href":"https:\/\/produba.com\/index.php\/wp-json\/wp\/v2\/tags?post=1446"}],"curies":[{"name":"wp","href":"https:\/\/api.w.org\/{rel}","templated":true}]}}