{"id":1376,"date":"2025-02-26T15:18:00","date_gmt":"2025-02-26T18:18:00","guid":{"rendered":"https:\/\/produba.com\/?p=1376"},"modified":"2025-02-26T15:18:00","modified_gmt":"2025-02-26T18:18:00","slug":"las-ferias-de-productores-de-la-costa-continuan-durante-el-proximo-finde-xxl","status":"publish","type":"post","link":"https:\/\/produba.com\/index.php\/2025\/02\/26\/las-ferias-de-productores-de-la-costa-continuan-durante-el-proximo-finde-xxl\/","title":{"rendered":"Las ferias de productores de La Costa contin\u00faan durante el pr\u00f3ximo finde XXL"},"content":{"rendered":"\n<h5>Emprendedores costeros podr\u00e1n exhibir sus trabajos en las Ferias Artesanales y Productivas durante el fin de semana largo de Carnavales.\u00a0 Habr\u00e1 puntos de ventas en las distintas localidades del partido<\/h5>\n\n\n\n<p>Una de las propuestas para residentes y visitantes, son los circuitos de ferias que se extienden desde San Clemente hasta Nueva Atlantis.<\/p>\n\n\n\n<p>Con una variedad de productos hechos a mano como cer\u00e1micas, tejidos, orfebrer\u00eda, art\u00edculos de decoraci\u00f3n, encurtidos, embutidos y dulces, en los cientos de puestos que forman parte de las ferias, se puede conocer la identidad del Partido de La Costa a trav\u00e9s del talento de sus artesanas, artesanos y productores.<\/p>\n\n\n\n<p>A continuaci\u00f3n, un listado con las direcciones, d\u00edas y horarios en que se pueden visitar las ferias artesanales y productivas.<\/p>\n\n\n\n<p><strong>SAN CLEMENTE<\/strong><\/p>\n\n\n\n<p>-Feria artesanal (Plaza Pereira \u2013 Arturo Magad\u00e1n y calle 22)<\/p>\n\n\n\n<p>Todos los d\u00edas de 19.00 a 1.00.<\/p>\n\n\n\n<p>-Feria artesanal \u2013 18:30 a 02 H (Plaza Sarmiento \u2013 calle 2 y 63)<\/p>\n\n\n\n<p>Todos los d\u00edas de 18.30 a 2.00.<\/p>\n\n\n\n<p>-Cactus de La Costa (Plaza de las Banderas \u2013 Av. San Mart\u00edn y Calle 1)<\/p>\n\n\n\n<p>Todos los dias de 20.00 a 1.00.<\/p>\n\n\n\n<p>-Feria Pulpo (Zona de juegos de la Plaza Pereira \u2013 Calle 22 y Dr. Manuel Arturo Magad\u00e1n)<\/p>\n\n\n\n<p>Todos los d\u00edas de 19.00 a 1.00.<\/p>\n\n\n\n<p>-Artemar (Plaza de las Banderas \u2013 Av. San Mart\u00edn y Calle 1)<\/p>\n\n\n\n<p>Todos los d\u00edas de 19.00 a 0:00.<\/p>\n\n\n\n<p>-Feria del Puerto (Puerto de San Clemente)<\/p>\n\n\n\n<p>Todos los d\u00edas de 17.00 a 1.00.<\/p>\n\n\n\n<p>-Artesanos del Vivero (Vivero Municipal Cosme Argerich)<\/p>\n\n\n\n<p>Todos los d\u00edas de 10.00 a 19.00.<\/p>\n\n\n\n<p><strong>LAS TONINAS<\/strong><\/p>\n\n\n\n<p>-Feria artesanal (Plaza Malvinas Argentinas \u2013 Av. 7 y 38)<\/p>\n\n\n\n<p>Todos los d\u00edas de 18.00 a 00.00.<\/p>\n\n\n\n<p>-Feria de la Comunidad de Productores de Las Toninas (Calle 1 y 32)<\/p>\n\n\n\n<p>Todos los d\u00edas de 20.00 a 1.00.<\/p>\n\n\n\n<p><strong>SANTA TERESITA<\/strong><\/p>\n\n\n\n<p>-Feria Artesanal (Av. Costanera y 39)<\/p>\n\n\n\n<p>Todos los d\u00edas de 20.00 a 2.00<\/p>\n\n\n\n<p>-Feria Pulpo (Av. Costanera y Calle 40)<\/p>\n\n\n\n<p>Todos los d\u00edas de 19.00 a 2.00.<\/p>\n\n\n\n<p>-Feria Autogestiva del Colectivo de Artesanxs \u2013 Coop. Bondi Cultural (Av. Costanera y Calle 38)<\/p>\n\n\n\n<p>Todos los d\u00edas desde las 18.00.<\/p>\n\n\n\n<p>-Feria Amaicha (Av. Costanera entre 36 y 37)<\/p>\n\n\n\n<p>Todos los d\u00edas de 19.30 a 2:00.<\/p>\n\n\n\n<p><strong>MAR DEL TUY\u00da<\/strong><\/p>\n\n\n\n<p>-Feria artesanal (Plaza de las Provincias \u2013 calle 56 y 3)<\/p>\n\n\n\n<p>Todos los d\u00edas de 19.00 a 1.00.<\/p>\n\n\n\n<p>-Feria de la Comunidad de Productores de Mar del Tuy\u00fa (Plaza Eva Per\u00f3n \u2013 Calle 4 entre 75 y 76)<\/p>\n\n\n\n<p>Todos los d\u00edas de 19.00 a 00.00.<\/p>\n\n\n\n<figure class=\"wp-block-image size-full\"><img decoding=\"async\" width=\"768\" height=\"432\" src=\"https:\/\/produba.com\/wp-content\/uploads\/2025\/02\/feria-la-costa-2.jpeg\" alt=\"\" class=\"wp-image-1378\" srcset=\"https:\/\/produba.com\/wp-content\/uploads\/2025\/02\/feria-la-costa-2.jpeg 768w, https:\/\/produba.com\/wp-content\/uploads\/2025\/02\/feria-la-costa-2-300x169.jpeg 300w, https:\/\/produba.com\/wp-content\/uploads\/2025\/02\/feria-la-costa-2-600x338.jpeg 600w, https:\/\/produba.com\/wp-content\/uploads\/2025\/02\/feria-la-costa-2-550x309.jpeg 550w, https:\/\/produba.com\/wp-content\/uploads\/2025\/02\/feria-la-costa-2-370x208.jpeg 370w, https:\/\/produba.com\/wp-content\/uploads\/2025\/02\/feria-la-costa-2-255x143.jpeg 255w\" sizes=\"(max-width: 768px) 100vw, 768px\" \/><\/figure>\n\n\n\n<p><strong>AGUAS VERDES<\/strong><\/p>\n\n\n\n<p>-Feria Pulpo (Av. Independencia y Sarmiento)<\/p>\n\n\n\n<p>Jueves a domingos de 19.00 a 00.00.<\/p>\n\n\n\n<p><strong>LUCILA DEL MAR<\/strong><\/p>\n\n\n\n<p>-Feria artesanal (Plaza Manuel Belgrano \u2013 La Rioja y Rebagliatti)<\/p>\n\n\n\n<p>Todos los d\u00edas de 19.00 a 00.00.<\/p>\n\n\n\n<p><strong>SAN BERNARDO<\/strong><\/p>\n\n\n\n<p>-Feria Artesanal (calle Santiago del Estero y Plaza San Bernardo)<\/p>\n\n\n\n<p>Todos los d\u00edas de 19.00 a 1.00.<\/p>\n\n\n\n<p>-Feria Pulpo (Plaza del Sol y la Familia \u2013 Av. San Bernardo y Santiago del Estero)<\/p>\n\n\n\n<p>Todos los d\u00edas de 19.00 a 1.00.<\/p>\n\n\n\n<p><strong>MAR DE AJ\u00d3<\/strong><\/p>\n\n\n\n<p>-Feria artesanal (Peatonal Jorge Newbery y Avellaneda)<\/p>\n\n\n\n<p>Todos los d\u00edas de 20.00 a 1.00.<\/p>\n\n\n\n<p>-Feria Pulpo (Av. Libertador entre Quinteros y Libres del Sur)<\/p>\n\n\n\n<p>Todos los d\u00edas de 19.00 a 00.00.<\/p>\n\n\n\n<p>-Hacedores y Artesanos (Av. Libertador entre Rico y Libres del Sur \/ Av. Rold\u00e1n y Olmos)<\/p>\n\n\n\n<p>Todos los d\u00edas de 19.00 a 1.00.<\/p>\n\n\n\n<p>-Artesanos de El Silvio (Carreras entre Brown y Torino)<\/p>\n\n\n\n<p>Jueves a domingos de 19.00 a 00.00.<\/p>\n\n\n\n<p><strong>NUEVA ATLANTIS<\/strong><\/p>\n\n\n\n<p>-Feria Pulpo (Paseo El Calvario \u2013 Av. Rold\u00e1n N\u00ba 900) Jueves a domingos de 19.00 a 00.00.<\/p>\n","protected":false},"excerpt":{"rendered":"<p>Emprendedores costeros podr\u00e1n exhibir sus trabajos en las Ferias Artesanales y Productivas durante el fin de semana largo de Carnavales.\u00a0 Habr\u00e1 puntos de ventas en las distintas localidades del partido Una de las propuestas para residentes y visitantes, son los circuitos de ferias que se extienden desde San Clemente hasta Nueva Atlantis. Con una variedad &#8230;<\/p>\n","protected":false},"author":1,"featured_media":1377,"comment_status":"closed","ping_status":"closed","sticky":false,"template":"","format":"standard","meta":{"loftocean_post_format_gallery":"","loftocean_post_format_gallery_ids":"","loftocean_post_format_gallery_urls":"","loftocean_post_format_video_id":0,"loftocean_post_format_video_url":"","loftocean_post_format_video_type":"","loftocean_post_format_video":"","loftocean_post_format_audio_type":"","loftocean_post_format_audio_url":"","loftocean_post_format_audio_id":0,"loftocean_post_format_audio":"","loftocean-featured-post":"","loftocean-like-count":0,"loftocean-view-count":152,"loftocean_coauthors":"","alpaca_post_content_reading_setting":"","alpaca_reading_speed_per_minute":0,"alpaca_reading_speed_unit":"","alpaca_single_post_template_layout":""},"categories":[7],"tags":[117,309,240,45],"loftoceanMetas":{"readingTime":"2 minutos de lectura","authorName":"ProduBA","categories":[{"name":"Inter\u00e9s General","link":"https:\/\/produba.com\/index.php\/category\/interes_general\/","count":121}],"date":"26 de febrero de 2025","featuredImageSRC":"https:\/\/produba.com\/wp-content\/uploads\/2025\/02\/feria-la-costa-1-150x150.jpeg"},"_links":{"self":[{"href":"https:\/\/produba.com\/index.php\/wp-json\/wp\/v2\/posts\/1376"}],"collection":[{"href":"https:\/\/produba.com\/index.php\/wp-json\/wp\/v2\/posts"}],"about":[{"href":"https:\/\/produba.com\/index.php\/wp-json\/wp\/v2\/types\/post"}],"author":[{"embeddable":true,"href":"https:\/\/produba.com\/index.php\/wp-json\/wp\/v2\/users\/1"}],"replies":[{"embeddable":true,"href":"https:\/\/produba.com\/index.php\/wp-json\/wp\/v2\/comments?post=1376"}],"version-history":[{"count":1,"href":"https:\/\/produba.com\/index.php\/wp-json\/wp\/v2\/posts\/1376\/revisions"}],"predecessor-version":[{"id":1379,"href":"https:\/\/produba.com\/index.php\/wp-json\/wp\/v2\/posts\/1376\/revisions\/1379"}],"wp:featuredmedia":[{"embeddable":true,"href":"https:\/\/produba.com\/index.php\/wp-json\/wp\/v2\/media\/1377"}],"wp:attachment":[{"href":"https:\/\/produba.com\/index.php\/wp-json\/wp\/v2\/media?parent=1376"}],"wp:term":[{"taxonomy":"category","embeddable":true,"href":"https:\/\/produba.com\/index.php\/wp-json\/wp\/v2\/categories?post=1376"},{"taxonomy":"post_tag","embeddable":true,"href":"https:\/\/produba.com\/index.php\/wp-json\/wp\/v2\/tags?post=1376"}],"curies":[{"name":"wp","href":"https:\/\/api.w.org\/{rel}","templated":true}]}}