{"id":1373,"date":"2025-02-24T15:51:45","date_gmt":"2025-02-24T18:51:45","guid":{"rendered":"https:\/\/produba.com\/?p=1373"},"modified":"2025-02-24T15:51:45","modified_gmt":"2025-02-24T18:51:45","slug":"mercados-bonaerenses-productores-locales-tendran-su-espacio-en-la-plata","status":"publish","type":"post","link":"https:\/\/produba.com\/index.php\/2025\/02\/24\/mercados-bonaerenses-productores-locales-tendran-su-espacio-en-la-plata\/","title":{"rendered":"Mercados Bonaerenses: productores locales tendr\u00e1n su espacio en La Plata"},"content":{"rendered":"\n<h5>El nuevo punto de venta estar\u00e1 situado en el Mercado Regional platense. La iniciativa tiene como objetivo acercar a emprendedores y consumidores, garantizando el acceso a alimentos a precios accesibles<\/h5>\n\n\n\n<p>El ministro de Desarrollo Agrario de la provincia de Buenos Aires, Javier Rodr\u00edguez, y el intendente de La Plata, Julio Alak, acordaron el viernes pasado instalar un nuevo Mercado Bonaerense fijo dentro del predio del Mercado Regional de la ciudad de las diagonales, tras firmar un acta de intenci\u00f3n para poner en marcha el proyecto.<\/p>\n\n\n\n<p>Esta iniciativa, que viene desarrollando el Ministerio en distintos puntos de la provincia, pretende garantizar el acceso a alimentos para los vecinos, con precios accesibles. Adem\u00e1s, busca reducir los intermediarios entre productores y consumidores, dando m\u00e1s oportunidades laborales y aumentando la exposici\u00f3n para que peque\u00f1os emprendedores muestren su producci\u00f3n al p\u00fablico.<\/p>\n\n\n\n<p>Entre los beneficios principales, los compradores pueden obtener importantes descuentos mediante la Cuenta DNI, del Banco Provincia. Adem\u00e1s, estas ferias producen un equilibro de precios con los mercados y comercios cercanos, incentiv\u00e1ndolos a sostener n\u00fameros razonables.<\/p>\n\n\n\n<p>La feria de Mercados Bonaerenses ya est\u00e1 vigente en varios barrios platenses, pero esta nueva propuesta de mercado fijo estar\u00e1 abierta de martes a domingos, garantizando su permanencia de forma estable.<\/p>\n\n\n\n<p><em>\u201cMercados Bonaerenses ya demostr\u00f3 ser un modelo exitoso, y queremos seguir expandi\u00e9ndolo\u201d<\/em>, sostuvo Javier Rodr\u00edguez. <em>\u201cEsta ventana entre peque\u00f1os productores y consumidores es muy bien recibida, porque todos ganan. En un contexto donde las grandes corporaciones tienen rienda suelta para hacer lo que quieran, donde el salario est\u00e1 derrumbado, nos da orgullo decir que el Gobierno de Axel Kicillof propone otra salida: productores directos, pymes, cooperativas, y precios accesibles\u201d<\/em>, agreg\u00f3.<\/p>\n\n\n\n<p>En sinton\u00eda, Julio Alak expres\u00f3: <em>\u201cMercados Bonaerenses es una iniciativa muy valiosa que impulsa el Gobierno de la provincia para acercar a la comunidad alimentos que se producen localmente, en territorio bonaerense, y apoyar de esa manera el fortalecimiento de nuestro aparato productivo\u201d<\/em>.<\/p>\n\n\n\n<p>Junto al ministro y el intendente, participaron de la firma el administrador del Mercado Regional La Plata, Marcelo Iafolla, y el secretario general del Sindicato de Carga y Descarga, Daniel Vila, entre otras autoridades locales y provinciales. <\/p>\n\n\n\n<p>Para conocer d\u00f3nde est\u00e1n instalados los Mercados Bonaerenses de la provincia de Buenos Aires, se puede entrar al mapa haciendo click en el siguiente enlace: \u00a0<a href=\"https:\/\/mi.mda.gba.gob.ar\/mercados\/bonaerenses\/mapa\">https:\/\/mi.mda.gba.gob.ar\/mercados\/bonaerenses\/mapa<\/a><\/p>\n","protected":false},"excerpt":{"rendered":"<p>El nuevo punto de venta estar\u00e1 situado en el Mercado Regional platense. La iniciativa tiene como objetivo acercar a emprendedores y consumidores, garantizando el acceso a alimentos a precios accesibles El ministro de Desarrollo Agrario de la provincia de Buenos Aires, Javier Rodr\u00edguez, y el intendente de La Plata, Julio Alak, acordaron el viernes pasado &#8230;<\/p>\n","protected":false},"author":1,"featured_media":1374,"comment_status":"closed","ping_status":"closed","sticky":false,"template":"","format":"standard","meta":{"loftocean_post_format_gallery":"","loftocean_post_format_gallery_ids":"","loftocean_post_format_gallery_urls":"","loftocean_post_format_video_id":0,"loftocean_post_format_video_url":"","loftocean_post_format_video_type":"","loftocean_post_format_video":"","loftocean_post_format_audio_type":"","loftocean_post_format_audio_url":"","loftocean_post_format_audio_id":0,"loftocean_post_format_audio":"","loftocean-featured-post":"","loftocean-like-count":0,"loftocean-view-count":298,"loftocean_coauthors":"","alpaca_post_content_reading_setting":"","alpaca_reading_speed_per_minute":0,"alpaca_reading_speed_unit":"","alpaca_single_post_template_layout":""},"categories":[7],"tags":[52,263,262,182,158,45],"loftoceanMetas":{"readingTime":"2 minutos de lectura","authorName":"ProduBA","categories":[{"name":"Inter\u00e9s General","link":"https:\/\/produba.com\/index.php\/category\/interes_general\/","count":121}],"date":"24 de febrero de 2025","featuredImageSRC":"https:\/\/produba.com\/wp-content\/uploads\/2025\/02\/mercadoregiona-la-plata-150x150.jpg"},"_links":{"self":[{"href":"https:\/\/produba.com\/index.php\/wp-json\/wp\/v2\/posts\/1373"}],"collection":[{"href":"https:\/\/produba.com\/index.php\/wp-json\/wp\/v2\/posts"}],"about":[{"href":"https:\/\/produba.com\/index.php\/wp-json\/wp\/v2\/types\/post"}],"author":[{"embeddable":true,"href":"https:\/\/produba.com\/index.php\/wp-json\/wp\/v2\/users\/1"}],"replies":[{"embeddable":true,"href":"https:\/\/produba.com\/index.php\/wp-json\/wp\/v2\/comments?post=1373"}],"version-history":[{"count":1,"href":"https:\/\/produba.com\/index.php\/wp-json\/wp\/v2\/posts\/1373\/revisions"}],"predecessor-version":[{"id":1375,"href":"https:\/\/produba.com\/index.php\/wp-json\/wp\/v2\/posts\/1373\/revisions\/1375"}],"wp:featuredmedia":[{"embeddable":true,"href":"https:\/\/produba.com\/index.php\/wp-json\/wp\/v2\/media\/1374"}],"wp:attachment":[{"href":"https:\/\/produba.com\/index.php\/wp-json\/wp\/v2\/media?parent=1373"}],"wp:term":[{"taxonomy":"category","embeddable":true,"href":"https:\/\/produba.com\/index.php\/wp-json\/wp\/v2\/categories?post=1373"},{"taxonomy":"post_tag","embeddable":true,"href":"https:\/\/produba.com\/index.php\/wp-json\/wp\/v2\/tags?post=1373"}],"curies":[{"name":"wp","href":"https:\/\/api.w.org\/{rel}","templated":true}]}}