{"id":1342,"date":"2025-01-16T16:43:52","date_gmt":"2025-01-16T19:43:52","guid":{"rendered":"https:\/\/produba.com\/?p=1342"},"modified":"2025-01-16T16:43:52","modified_gmt":"2025-01-16T19:43:52","slug":"vuelve-mercados-bonaerenses-a-olavarria","status":"publish","type":"post","link":"https:\/\/produba.com\/index.php\/2025\/01\/16\/vuelve-mercados-bonaerenses-a-olavarria\/","title":{"rendered":"Vuelve \u201cMercados Bonaerenses\u201d a Olavarr\u00eda"},"content":{"rendered":"\n<h5>El viernes 17 de enero se realizar\u00e1 la primera edici\u00f3n del a\u00f1o de la feria donde los productores locales llevan sus elaboraciones al p\u00fablica de manera directa. El programa impulsado por el Ministerio de Desarrollo Agrario bonaerense llega al distrito de la mano de la Secretar\u00eda de Desarrollo Econ\u00f3mico y Productivo olavarriense.<\/h5>\n\n\n\n<p>Desde la Secretar\u00eda de Desarrollo Econ\u00f3mico y Productivo del Municipio de Olavarr\u00eda, a trav\u00e9s de la Coordinaci\u00f3n de Econom\u00eda Popular, se invita a participar de la primera fecha del a\u00f1o de la feria del programa \u201cMercados Bonaerenses\u201d, edici\u00f3n \u201cde tardecita\u201d.<\/p>\n\n\n\n<p>La misma se llevar\u00e1 a cabo este viernes 17 de enero, de 19 a 23 horas, en Parque Mitre, ubicado en Brown y Necochea, en el distrito olavarriense.<\/p>\n\n\n\n<figure class=\"wp-block-image size-large\"><img decoding=\"async\" width=\"1024\" height=\"1024\" src=\"https:\/\/produba.com\/wp-content\/uploads\/2025\/01\/Mercados-Bonaerenses-flyer-1024x1024.jpeg\" alt=\"\" class=\"wp-image-1343\" srcset=\"https:\/\/produba.com\/wp-content\/uploads\/2025\/01\/Mercados-Bonaerenses-flyer.jpeg 1024w, https:\/\/produba.com\/wp-content\/uploads\/2025\/01\/Mercados-Bonaerenses-flyer-300x300.jpeg 300w, https:\/\/produba.com\/wp-content\/uploads\/2025\/01\/Mercados-Bonaerenses-flyer-150x150.jpeg 150w, https:\/\/produba.com\/wp-content\/uploads\/2025\/01\/Mercados-Bonaerenses-flyer-768x768.jpeg 768w, https:\/\/produba.com\/wp-content\/uploads\/2025\/01\/Mercados-Bonaerenses-flyer-780x780.jpeg 780w, https:\/\/produba.com\/wp-content\/uploads\/2025\/01\/Mercados-Bonaerenses-flyer-600x600.jpeg 600w, https:\/\/produba.com\/wp-content\/uploads\/2025\/01\/Mercados-Bonaerenses-flyer-550x550.jpeg 550w, https:\/\/produba.com\/wp-content\/uploads\/2025\/01\/Mercados-Bonaerenses-flyer-370x370.jpeg 370w, https:\/\/produba.com\/wp-content\/uploads\/2025\/01\/Mercados-Bonaerenses-flyer-255x255.jpeg 255w\" sizes=\"(max-width: 1024px) 100vw, 1024px\" \/><\/figure>\n\n\n\n<p>La feria contar\u00e1 con la participaci\u00f3n de productores locales entre los cuales se podr\u00e1n encontrar elaboraciones como: panificados dulces y salados, bebidas, quesos, plantas y plantines, miel, verduras y productos sin tacc, alfajores artesanales.<\/p>\n\n\n\n<p>En esta oportunidad habr\u00e1 puestos de cerveza artesanal, vermouth y gin para disfrutar en el parque, como una de las tantas opciones que ofrece la feria en esta edici\u00f3n de tardecita.<\/p>\n\n\n\n<p>Desde la cartera municipal solicitan a los asistentes llevar bolsas para sus compras. <\/p>\n\n\n\n<figure class=\"wp-block-image size-full\"><img decoding=\"async\" width=\"1024\" height=\"768\" src=\"https:\/\/produba.com\/wp-content\/uploads\/2025\/01\/Mercados-Bonaerenses-3-1024x768-1.jpeg\" alt=\"\" class=\"wp-image-1345\" srcset=\"https:\/\/produba.com\/wp-content\/uploads\/2025\/01\/Mercados-Bonaerenses-3-1024x768-1.jpeg 1024w, https:\/\/produba.com\/wp-content\/uploads\/2025\/01\/Mercados-Bonaerenses-3-1024x768-1-300x225.jpeg 300w, https:\/\/produba.com\/wp-content\/uploads\/2025\/01\/Mercados-Bonaerenses-3-1024x768-1-768x576.jpeg 768w, https:\/\/produba.com\/wp-content\/uploads\/2025\/01\/Mercados-Bonaerenses-3-1024x768-1-780x585.jpeg 780w, https:\/\/produba.com\/wp-content\/uploads\/2025\/01\/Mercados-Bonaerenses-3-1024x768-1-600x450.jpeg 600w, https:\/\/produba.com\/wp-content\/uploads\/2025\/01\/Mercados-Bonaerenses-3-1024x768-1-550x413.jpeg 550w, https:\/\/produba.com\/wp-content\/uploads\/2025\/01\/Mercados-Bonaerenses-3-1024x768-1-370x278.jpeg 370w, https:\/\/produba.com\/wp-content\/uploads\/2025\/01\/Mercados-Bonaerenses-3-1024x768-1-255x191.jpeg 255w\" sizes=\"(max-width: 1024px) 100vw, 1024px\" \/><\/figure>\n\n\n\n<p>El Programa \u201cMercados Bonaerenses\u201d pertenece al Ministerio de Desarrollo Agrario de la Provincia de Buenos Aires, promociona la producci\u00f3n y el consumo de Alimentos Bonaerenses acercando a productores y consumidores, a trav\u00e9s de una red de ferias y mercados en toda la provincia de Buenos Aires.<\/p>\n","protected":false},"excerpt":{"rendered":"<p>El viernes 17 de enero se realizar\u00e1 la primera edici\u00f3n del a\u00f1o de la feria donde los productores locales llevan sus elaboraciones al p\u00fablica de manera directa. El programa impulsado por el Ministerio de Desarrollo Agrario bonaerense llega al distrito de la mano de la Secretar\u00eda de Desarrollo Econ\u00f3mico y Productivo olavarriense. Desde la Secretar\u00eda &#8230;<\/p>\n","protected":false},"author":1,"featured_media":1344,"comment_status":"closed","ping_status":"closed","sticky":false,"template":"","format":"standard","meta":{"loftocean_post_format_gallery":"","loftocean_post_format_gallery_ids":"","loftocean_post_format_gallery_urls":"","loftocean_post_format_video_id":0,"loftocean_post_format_video_url":"","loftocean_post_format_video_type":"","loftocean_post_format_video":"","loftocean_post_format_audio_type":"","loftocean_post_format_audio_url":"","loftocean_post_format_audio_id":0,"loftocean_post_format_audio":"","loftocean-featured-post":"","loftocean-like-count":0,"loftocean-view-count":183,"loftocean_coauthors":"","alpaca_post_content_reading_setting":"","alpaca_reading_speed_per_minute":0,"alpaca_reading_speed_unit":"","alpaca_single_post_template_layout":""},"categories":[6,3],"tags":[182,158,58,65,45],"loftoceanMetas":{"readingTime":"&lt; 1 minuto de lectura","authorName":"ProduBA","categories":[{"name":"Municipios","link":"https:\/\/produba.com\/index.php\/category\/municipios\/","count":382},{"name":"Producci\u00f3n","link":"https:\/\/produba.com\/index.php\/category\/produccion\/","count":405}],"date":"16 de enero de 2025","featuredImageSRC":"https:\/\/produba.com\/wp-content\/uploads\/2025\/01\/Mercados-Bonaerenses-web-32-1024x681-1-150x150.jpg"},"_links":{"self":[{"href":"https:\/\/produba.com\/index.php\/wp-json\/wp\/v2\/posts\/1342"}],"collection":[{"href":"https:\/\/produba.com\/index.php\/wp-json\/wp\/v2\/posts"}],"about":[{"href":"https:\/\/produba.com\/index.php\/wp-json\/wp\/v2\/types\/post"}],"author":[{"embeddable":true,"href":"https:\/\/produba.com\/index.php\/wp-json\/wp\/v2\/users\/1"}],"replies":[{"embeddable":true,"href":"https:\/\/produba.com\/index.php\/wp-json\/wp\/v2\/comments?post=1342"}],"version-history":[{"count":1,"href":"https:\/\/produba.com\/index.php\/wp-json\/wp\/v2\/posts\/1342\/revisions"}],"predecessor-version":[{"id":1346,"href":"https:\/\/produba.com\/index.php\/wp-json\/wp\/v2\/posts\/1342\/revisions\/1346"}],"wp:featuredmedia":[{"embeddable":true,"href":"https:\/\/produba.com\/index.php\/wp-json\/wp\/v2\/media\/1344"}],"wp:attachment":[{"href":"https:\/\/produba.com\/index.php\/wp-json\/wp\/v2\/media?parent=1342"}],"wp:term":[{"taxonomy":"category","embeddable":true,"href":"https:\/\/produba.com\/index.php\/wp-json\/wp\/v2\/categories?post=1342"},{"taxonomy":"post_tag","embeddable":true,"href":"https:\/\/produba.com\/index.php\/wp-json\/wp\/v2\/tags?post=1342"}],"curies":[{"name":"wp","href":"https:\/\/api.w.org\/{rel}","templated":true}]}}