{"id":1291,"date":"2024-11-07T14:49:30","date_gmt":"2024-11-07T17:49:30","guid":{"rendered":"https:\/\/produba.com\/?p=1291"},"modified":"2024-11-07T14:50:09","modified_gmt":"2024-11-07T17:50:09","slug":"130-pymes-participaron-de-una-ronda-de-negocios-en-san-vicente","status":"publish","type":"post","link":"https:\/\/produba.com\/index.php\/2024\/11\/07\/130-pymes-participaron-de-una-ronda-de-negocios-en-san-vicente\/","title":{"rendered":"130 pymes participaron de una Ronda de Negocios en San Vicente"},"content":{"rendered":"\n<h5>El ministro de Producci\u00f3n bonaerense, Augusto Costa, particip\u00f3 de la 22\u00b0 Ronda de Negocios del a\u00f1o. En la actividad, en la que hubo m\u00e1s de un centenar de unidades productivas, se dieron a conocer las pol\u00edticas provinciales de est\u00edmulo a la actividad productiva y comercial.<\/h5>\n\n\n\n<p>El ministro de Producci\u00f3n, Ciencia e Innovaci\u00f3n Tecnol\u00f3gica de la provincia de Buenos Aires, Augusto Costa, encabez\u00f3 ayer mi\u00e9rcoles en San Vicente una nueva Ronda de Negocios, acompa\u00f1ado por el intendente Nicol\u00e1s Mantegazza y en la que se inscribieron representantes de 130 unidades productivas locales, que dieron lugar a 270 entrevistas de negocios.&nbsp;<\/p>\n\n\n\n<p>Las Rondas de Negocios forman parte de la intensa pol\u00edtica provincial de fomento a las empresas locales, ya que propicia encuentros de trabajo, crea instancias para nuevos proyectos en el sector privado, genera contactos comerciales y permite difundir las distintas herramientas productivas, de financiamiento y de asistencia t\u00e9cnica con las que hoy cuenta el Estado bonaerense.<\/p>\n\n\n\n<p><em>\u201cLas Rondas de Negocios son un instrumento que tiene la Provincia para apoyar la producci\u00f3n y a las pymes locales en los diferentes municipios e integrar a los distintos sectores productivos, en especial en un contexto nacional muy dif\u00edcil\u201d<\/em>, se\u00f1al\u00f3 el ministro Augusto Costa.<\/p>\n\n\n\n<figure class=\"wp-block-image size-large\"><img decoding=\"async\" width=\"1024\" height=\"684\" src=\"https:\/\/produba.com\/wp-content\/uploads\/2024\/11\/ronda-negocios-san-vicente-3-1024x684.jpg\" alt=\"\" class=\"wp-image-1294\" srcset=\"https:\/\/produba.com\/wp-content\/uploads\/2024\/11\/ronda-negocios-san-vicente-3-1024x684.jpg 1024w, https:\/\/produba.com\/wp-content\/uploads\/2024\/11\/ronda-negocios-san-vicente-3-300x200.jpg 300w, https:\/\/produba.com\/wp-content\/uploads\/2024\/11\/ronda-negocios-san-vicente-3-768x513.jpg 768w, https:\/\/produba.com\/wp-content\/uploads\/2024\/11\/ronda-negocios-san-vicente-3-780x521.jpg 780w, https:\/\/produba.com\/wp-content\/uploads\/2024\/11\/ronda-negocios-san-vicente-3-600x401.jpg 600w, https:\/\/produba.com\/wp-content\/uploads\/2024\/11\/ronda-negocios-san-vicente-3-550x367.jpg 550w, https:\/\/produba.com\/wp-content\/uploads\/2024\/11\/ronda-negocios-san-vicente-3-370x247.jpg 370w, https:\/\/produba.com\/wp-content\/uploads\/2024\/11\/ronda-negocios-san-vicente-3-255x170.jpg 255w, https:\/\/produba.com\/wp-content\/uploads\/2024\/11\/ronda-negocios-san-vicente-3.jpg 1080w\" sizes=\"(max-width: 1024px) 100vw, 1024px\" \/><\/figure>\n\n\n\n<p>Por su parte, el intendente Mantegazza destac\u00f3 que <em>\u201cla llegada de esta actividad que busca fortalecer lazos, conocernos y generar un espacio para fomentar nuevos negocios, potenciando las industrias y pymes locales\u201d<\/em>. El jefe comunal agreg\u00f3: <em>\u201cEl fuerte acompa\u00f1amiento de la Provincia nos permite construir oportunidades para acompa\u00f1ar el crecimiento de la industria, la producci\u00f3n y el empleo genuino\u201d<\/em>.<\/p>\n\n\n\n<p>Desde 2022, m\u00e1s de 14.600 empresas ya han participado en las Rondas de Negocios que organiza la Provincia: el 95 por ciento de quienes asisten afirma haber sumado contactos de utilidad, mientras que una de cada tres empresas logra concretar negocios a partir de su participaci\u00f3n.<\/p>\n\n\n\n<p>Para acceder a m\u00e1s informaci\u00f3n o inscribirse en las Rondas de Negocios de la Provincia, ingresar en: <a href=\"https:\/\/www.gba.gob.ar\/produccion\/ronda_de_negocios\">https:\/\/www.gba.gob.ar\/produccion\/ronda_de_negocios<\/a> <\/p>\n\n\n\n<figure class=\"wp-block-image size-large\"><img decoding=\"async\" width=\"1024\" height=\"684\" src=\"https:\/\/produba.com\/wp-content\/uploads\/2024\/11\/ronda-negocios-san-vicente-2-1024x684.jpg\" alt=\"\" class=\"wp-image-1293\" srcset=\"https:\/\/produba.com\/wp-content\/uploads\/2024\/11\/ronda-negocios-san-vicente-2-1024x684.jpg 1024w, https:\/\/produba.com\/wp-content\/uploads\/2024\/11\/ronda-negocios-san-vicente-2-300x200.jpg 300w, https:\/\/produba.com\/wp-content\/uploads\/2024\/11\/ronda-negocios-san-vicente-2-768x513.jpg 768w, https:\/\/produba.com\/wp-content\/uploads\/2024\/11\/ronda-negocios-san-vicente-2-780x521.jpg 780w, https:\/\/produba.com\/wp-content\/uploads\/2024\/11\/ronda-negocios-san-vicente-2-600x401.jpg 600w, https:\/\/produba.com\/wp-content\/uploads\/2024\/11\/ronda-negocios-san-vicente-2-550x367.jpg 550w, https:\/\/produba.com\/wp-content\/uploads\/2024\/11\/ronda-negocios-san-vicente-2-370x247.jpg 370w, https:\/\/produba.com\/wp-content\/uploads\/2024\/11\/ronda-negocios-san-vicente-2-255x170.jpg 255w, https:\/\/produba.com\/wp-content\/uploads\/2024\/11\/ronda-negocios-san-vicente-2.jpg 1080w\" sizes=\"(max-width: 1024px) 100vw, 1024px\" \/><\/figure>\n\n\n\n<p>Los pr\u00f3ximos encuentros ser\u00e1n la Ronda Multisectorial Regi\u00f3n Capital (12\/11 en Berisso, junto a los municipios de Brandsen, Ensenada, La Plata, Magdalena y Punta Indio), la Ronda Multisectorial General Rodr\u00edguez (15\/11), la Ronda Multisectorial San Fernando (21\/11), la Ronda Internacional de Insumos y Equipamiento M\u00e9dico (26\/11, General San Mart\u00edn) y la Ronda Multisectorial Mor\u00f3n (29\/11).<\/p>\n","protected":false},"excerpt":{"rendered":"<p>El ministro de Producci\u00f3n bonaerense, Augusto Costa, particip\u00f3 de la 22\u00b0 Ronda de Negocios del a\u00f1o. En la actividad, en la que hubo m\u00e1s de un centenar de unidades productivas, se dieron a conocer las pol\u00edticas provinciales de est\u00edmulo a la actividad productiva y comercial. El ministro de Producci\u00f3n, Ciencia e Innovaci\u00f3n Tecnol\u00f3gica de la &#8230;<\/p>\n","protected":false},"author":1,"featured_media":1292,"comment_status":"closed","ping_status":"closed","sticky":false,"template":"","format":"standard","meta":{"loftocean_post_format_gallery":"","loftocean_post_format_gallery_ids":"","loftocean_post_format_gallery_urls":"","loftocean_post_format_video_id":0,"loftocean_post_format_video_url":"","loftocean_post_format_video_type":"","loftocean_post_format_video":"","loftocean_post_format_audio_type":"","loftocean_post_format_audio_url":"","loftocean_post_format_audio_id":0,"loftocean_post_format_audio":"","loftocean-featured-post":"","loftocean-like-count":0,"loftocean-view-count":186,"loftocean_coauthors":"","alpaca_post_content_reading_setting":"","alpaca_reading_speed_per_minute":0,"alpaca_reading_speed_unit":"","alpaca_single_post_template_layout":""},"categories":[4,6,3],"tags":[68,79,288,41,287,286],"loftoceanMetas":{"readingTime":"2 minutos de lectura","authorName":"ProduBA","categories":[{"name":"Desarrollo Local","link":"https:\/\/produba.com\/index.php\/category\/desarrollo_local\/","count":200},{"name":"Municipios","link":"https:\/\/produba.com\/index.php\/category\/municipios\/","count":382},{"name":"Producci\u00f3n","link":"https:\/\/produba.com\/index.php\/category\/produccion\/","count":405}],"date":"7 de noviembre de 2024","featuredImageSRC":"https:\/\/produba.com\/wp-content\/uploads\/2024\/11\/ronda-negocios-san-vicente-1-150x150.jpg"},"_links":{"self":[{"href":"https:\/\/produba.com\/index.php\/wp-json\/wp\/v2\/posts\/1291"}],"collection":[{"href":"https:\/\/produba.com\/index.php\/wp-json\/wp\/v2\/posts"}],"about":[{"href":"https:\/\/produba.com\/index.php\/wp-json\/wp\/v2\/types\/post"}],"author":[{"embeddable":true,"href":"https:\/\/produba.com\/index.php\/wp-json\/wp\/v2\/users\/1"}],"replies":[{"embeddable":true,"href":"https:\/\/produba.com\/index.php\/wp-json\/wp\/v2\/comments?post=1291"}],"version-history":[{"count":2,"href":"https:\/\/produba.com\/index.php\/wp-json\/wp\/v2\/posts\/1291\/revisions"}],"predecessor-version":[{"id":1297,"href":"https:\/\/produba.com\/index.php\/wp-json\/wp\/v2\/posts\/1291\/revisions\/1297"}],"wp:featuredmedia":[{"embeddable":true,"href":"https:\/\/produba.com\/index.php\/wp-json\/wp\/v2\/media\/1292"}],"wp:attachment":[{"href":"https:\/\/produba.com\/index.php\/wp-json\/wp\/v2\/media?parent=1291"}],"wp:term":[{"taxonomy":"category","embeddable":true,"href":"https:\/\/produba.com\/index.php\/wp-json\/wp\/v2\/categories?post=1291"},{"taxonomy":"post_tag","embeddable":true,"href":"https:\/\/produba.com\/index.php\/wp-json\/wp\/v2\/tags?post=1291"}],"curies":[{"name":"wp","href":"https:\/\/api.w.org\/{rel}","templated":true}]}}