{"id":1240,"date":"2024-10-03T10:51:48","date_gmt":"2024-10-03T13:51:48","guid":{"rendered":"https:\/\/produba.com\/?p=1240"},"modified":"2024-10-03T13:09:46","modified_gmt":"2024-10-03T16:09:46","slug":"la-costa-abren-convocatoria-para-registro-de-pequenos-productores-y-emprendedores","status":"publish","type":"post","link":"https:\/\/produba.com\/index.php\/2024\/10\/03\/la-costa-abren-convocatoria-para-registro-de-pequenos-productores-y-emprendedores\/","title":{"rendered":"La Costa: abren convocatoria para registro de productores y artesanos"},"content":{"rendered":"\n<h5>Desde la Secretar\u00eda de Producci\u00f3n del Partido de La Costa inform\u00f3 que se abri\u00f3 la inscripci\u00f3n al Registro de Peque\u00f1os Productores y Artesanos, una iniciativa que busca fortalecer a emprendedores costeros.<\/h5>\n\n\n\n<p>La Municipalidad de la Costa inform\u00f3 sobre la apertura de la inscripci\u00f3n al Registro de Peque\u00f1os Productores y Artesanos, con el objetivo de potenciar a los trabajadores autogestivos que producen bienes.<\/p>\n\n\n\n<p>El programa \u201cComunidad de Productores\u201d, impulsado por la Secretar\u00eda de Producci\u00f3n, Empleo y Trabajo; a cargo de Mart\u00edn Poustis, es una iniciativa dise\u00f1ada para registrar y fortalecer emprendimientos de escala familiar en diversos rubros.<\/p>\n\n\n\n<p>A partir de la inscripci\u00f3n al Registro Municipal de Productores y Artesanos los interesados podr\u00e1n acceder a una serie de beneficios como: la formalizaci\u00f3n de sus emprendimientos; la formaci\u00f3n en \u00e1reas como comunicaci\u00f3n, identidad de marca, vender en redes, gesti\u00f3n impositiva y financiera; asistencia t\u00e9cnica; acceso a pol\u00edticas p\u00fablicas y la promoci\u00f3n de espacios de comercializaci\u00f3n donde puedan ofrecer sus productos directamente del vendedor al consumidor.<\/p>\n\n\n\n<p>Desde la cartera de Producci\u00f3n costera informaron que los interesados en sumarse pueden comunicarse al tel\u00e9fono fijo (02246) 43-3043, por WhatsApp al (2257) 30-7884 o v\u00eda correo electr\u00f3nico a <a href=\"mailto:secretariadeproduccion@lacosta.gob.ar\">secretariadeproduccion@lacosta.gob.ar<\/a>. El registro se realiza por medio de este enlace: <a href=\"https:\/\/lacosta.gob.ar\/web\/formulario-productores.php\">https:\/\/lacosta.gob.ar\/web\/formulario-productores.php<\/a><\/p>\n","protected":false},"excerpt":{"rendered":"<p>Desde la Secretar\u00eda de Producci\u00f3n del Partido de La Costa inform\u00f3 que se abri\u00f3 la inscripci\u00f3n al Registro de Peque\u00f1os Productores y Artesanos, una iniciativa que busca fortalecer a emprendedores costeros. La Municipalidad de la Costa inform\u00f3 sobre la apertura de la inscripci\u00f3n al Registro de Peque\u00f1os Productores y Artesanos, con el objetivo de potenciar &#8230;<\/p>\n","protected":false},"author":1,"featured_media":1241,"comment_status":"closed","ping_status":"closed","sticky":false,"template":"","format":"standard","meta":{"loftocean_post_format_gallery":"","loftocean_post_format_gallery_ids":"","loftocean_post_format_gallery_urls":"","loftocean_post_format_video_id":0,"loftocean_post_format_video_url":"","loftocean_post_format_video_type":"","loftocean_post_format_video":"","loftocean_post_format_audio_type":"","loftocean_post_format_audio_url":"","loftocean_post_format_audio_id":0,"loftocean_post_format_audio":"","loftocean-featured-post":"","loftocean-like-count":0,"loftocean-view-count":181,"loftocean_coauthors":"","alpaca_post_content_reading_setting":"","alpaca_reading_speed_per_minute":0,"alpaca_reading_speed_unit":"","alpaca_single_post_template_layout":""},"categories":[7,6,3],"tags":[266,117,240,45],"loftoceanMetas":{"readingTime":"&lt; 1 minuto de lectura","authorName":"ProduBA","categories":[{"name":"Inter\u00e9s General","link":"https:\/\/produba.com\/index.php\/category\/interes_general\/","count":120},{"name":"Municipios","link":"https:\/\/produba.com\/index.php\/category\/municipios\/","count":379},{"name":"Producci\u00f3n","link":"https:\/\/produba.com\/index.php\/category\/produccion\/","count":401}],"date":"3 de octubre de 2024","featuredImageSRC":"https:\/\/produba.com\/wp-content\/uploads\/2024\/10\/la-costa-convocatoria-productores-150x150.jpg"},"_links":{"self":[{"href":"https:\/\/produba.com\/index.php\/wp-json\/wp\/v2\/posts\/1240"}],"collection":[{"href":"https:\/\/produba.com\/index.php\/wp-json\/wp\/v2\/posts"}],"about":[{"href":"https:\/\/produba.com\/index.php\/wp-json\/wp\/v2\/types\/post"}],"author":[{"embeddable":true,"href":"https:\/\/produba.com\/index.php\/wp-json\/wp\/v2\/users\/1"}],"replies":[{"embeddable":true,"href":"https:\/\/produba.com\/index.php\/wp-json\/wp\/v2\/comments?post=1240"}],"version-history":[{"count":3,"href":"https:\/\/produba.com\/index.php\/wp-json\/wp\/v2\/posts\/1240\/revisions"}],"predecessor-version":[{"id":1244,"href":"https:\/\/produba.com\/index.php\/wp-json\/wp\/v2\/posts\/1240\/revisions\/1244"}],"wp:featuredmedia":[{"embeddable":true,"href":"https:\/\/produba.com\/index.php\/wp-json\/wp\/v2\/media\/1241"}],"wp:attachment":[{"href":"https:\/\/produba.com\/index.php\/wp-json\/wp\/v2\/media?parent=1240"}],"wp:term":[{"taxonomy":"category","embeddable":true,"href":"https:\/\/produba.com\/index.php\/wp-json\/wp\/v2\/categories?post=1240"},{"taxonomy":"post_tag","embeddable":true,"href":"https:\/\/produba.com\/index.php\/wp-json\/wp\/v2\/tags?post=1240"}],"curies":[{"name":"wp","href":"https:\/\/api.w.org\/{rel}","templated":true}]}}