{"id":1231,"date":"2024-09-22T20:15:23","date_gmt":"2024-09-22T23:15:23","guid":{"rendered":"https:\/\/produba.com\/?p=1231"},"modified":"2024-09-22T20:15:24","modified_gmt":"2024-09-22T23:15:24","slug":"la-plata-entregaron-creditos-por-mas-de-100-millones-a-emprendedores-locales","status":"publish","type":"post","link":"https:\/\/produba.com\/index.php\/2024\/09\/22\/la-plata-entregaron-creditos-por-mas-de-100-millones-a-emprendedores-locales\/","title":{"rendered":"La Plata: entregaron cr\u00e9ditos por m\u00e1s de $100 millones a emprendedores locales"},"content":{"rendered":"\n<h5>Fue en el marco de la segunda \u201cMesa de Emprendedores Platenses\u201d, una iniciativa del Municipio y la Provincia que apunta a promover proyectos productivos y comerciales en la capital bonaerense.<\/h5>\n\n\n\n<p>M\u00e1s de medio centenar de j\u00f3venes emprendedores y pymes de la ciudad de La Plata participaron de la entrega de cr\u00e9ditos del programa \u201cMesa de Emprendedores Platenses\u201d. La actividad desarrollada el pasado jueves en el Centro Cultural Islas Malvinas, fue organizada por el Ministerio de Producci\u00f3n, Ciencia e Innovaci\u00f3n Tecnol\u00f3gica provincial y la Secretar\u00eda de Producci\u00f3n municipal platense.<\/p>\n\n\n\n<p><em>\u201cEste es un programa extraordinario que brinda una soluci\u00f3n concreta a expectativas reales y que demuestra la existencia de un Estado, provincial y municipal, que fomenta la actividad, la producci\u00f3n y el crecimiento de sus emprendimientos\u201d<\/em>, sostuvo el intendente platense Julio Alak, quien encabez\u00f3 el acto del cual tambi\u00e9n participaron funcionarios provinciales.<\/p>\n\n\n\n<p>La iniciativa, que fue lanzada en mayo pasado, busca promover un espacio de vinculaci\u00f3n entre emprendedores locales para potenciar los proyectos de cada uno. Asimismo, tiene como objetivo brindar herramientas para el sector, tales como la formaci\u00f3n para la gesti\u00f3n efectiva de proyectos; l\u00edneas de financiamiento a tasa 0 para emprendimientos en etapa temprana; l\u00edneas de cr\u00e9ditos del Banco Provincia con tasa bonificada de hasta el 50% y asistencias t\u00e9cnicas para la mejora de procesos productivos y comerciales. En esta oportunidad, se entregaron cr\u00e9ditos por $102 millones.<\/p>\n\n\n\n<p>Participaron de la jornada la secretaria municipal de Producci\u00f3n e Innovaci\u00f3n Tecnol\u00f3gica municipal, Mercedes La Gioiosa; la subsecretaria de Industrias y Pymes del Ministerio de Producci\u00f3n, Ciencia e Innovaci\u00f3n Tecnol\u00f3gica de la Provincia, Mariela Bembi; Ariel Aguilar, Subsecretario de Desarrollo Comercial y Promoci\u00f3n de Inversiones bonaerense; y la diputada provincial, Luc\u00eda Ia\u00f1ez. Adem\u00e1s, acompa\u00f1aron representantes de c\u00e1maras, asociaciones civiles, incubadoras y \u00e1reas de las universidades de la ciudad abocadas al desarrollo del sector. <\/p>\n\n\n\n<p>Los emprendedores interesados en recibir informaci\u00f3n pueden enviar un correo electr\u00f3nico a <a href=\"mailto:arriba_emprendedores@mp.gba.gov.ar\">arriba_emprendedores@mp.gba.gov.ar<\/a> <\/p>\n","protected":false},"excerpt":{"rendered":"<p>Fue en el marco de la segunda \u201cMesa de Emprendedores Platenses\u201d, una iniciativa del Municipio y la Provincia que apunta a promover proyectos productivos y comerciales en la capital bonaerense. M\u00e1s de medio centenar de j\u00f3venes emprendedores y pymes de la ciudad de La Plata participaron de la entrega de cr\u00e9ditos del programa \u201cMesa de &#8230;<\/p>\n","protected":false},"author":1,"featured_media":1233,"comment_status":"closed","ping_status":"closed","sticky":false,"template":"","format":"standard","meta":{"loftocean_post_format_gallery":"","loftocean_post_format_gallery_ids":"","loftocean_post_format_gallery_urls":"","loftocean_post_format_video_id":0,"loftocean_post_format_video_url":"","loftocean_post_format_video_type":"","loftocean_post_format_video":"","loftocean_post_format_audio_type":"","loftocean_post_format_audio_url":"","loftocean_post_format_audio_id":0,"loftocean_post_format_audio":"","loftocean-featured-post":"","loftocean-like-count":0,"loftocean-view-count":263,"loftocean_coauthors":"","alpaca_post_content_reading_setting":"","alpaca_reading_speed_per_minute":0,"alpaca_reading_speed_unit":"","alpaca_single_post_template_layout":""},"categories":[4,6,3],"tags":[39,117,263,262,264,226],"loftoceanMetas":{"readingTime":"2 minutos de lectura","authorName":"ProduBA","categories":[{"name":"Desarrollo Local","link":"https:\/\/produba.com\/index.php\/category\/desarrollo_local\/","count":200},{"name":"Municipios","link":"https:\/\/produba.com\/index.php\/category\/municipios\/","count":382},{"name":"Producci\u00f3n","link":"https:\/\/produba.com\/index.php\/category\/produccion\/","count":405}],"date":"22 de septiembre de 2024","featuredImageSRC":"https:\/\/produba.com\/wp-content\/uploads\/2024\/09\/emprendedores-la-plata-150x150.jpeg"},"_links":{"self":[{"href":"https:\/\/produba.com\/index.php\/wp-json\/wp\/v2\/posts\/1231"}],"collection":[{"href":"https:\/\/produba.com\/index.php\/wp-json\/wp\/v2\/posts"}],"about":[{"href":"https:\/\/produba.com\/index.php\/wp-json\/wp\/v2\/types\/post"}],"author":[{"embeddable":true,"href":"https:\/\/produba.com\/index.php\/wp-json\/wp\/v2\/users\/1"}],"replies":[{"embeddable":true,"href":"https:\/\/produba.com\/index.php\/wp-json\/wp\/v2\/comments?post=1231"}],"version-history":[{"count":1,"href":"https:\/\/produba.com\/index.php\/wp-json\/wp\/v2\/posts\/1231\/revisions"}],"predecessor-version":[{"id":1234,"href":"https:\/\/produba.com\/index.php\/wp-json\/wp\/v2\/posts\/1231\/revisions\/1234"}],"wp:featuredmedia":[{"embeddable":true,"href":"https:\/\/produba.com\/index.php\/wp-json\/wp\/v2\/media\/1233"}],"wp:attachment":[{"href":"https:\/\/produba.com\/index.php\/wp-json\/wp\/v2\/media?parent=1231"}],"wp:term":[{"taxonomy":"category","embeddable":true,"href":"https:\/\/produba.com\/index.php\/wp-json\/wp\/v2\/categories?post=1231"},{"taxonomy":"post_tag","embeddable":true,"href":"https:\/\/produba.com\/index.php\/wp-json\/wp\/v2\/tags?post=1231"}],"curies":[{"name":"wp","href":"https:\/\/api.w.org\/{rel}","templated":true}]}}