{"id":1185,"date":"2024-08-27T16:08:12","date_gmt":"2024-08-27T19:08:12","guid":{"rendered":"https:\/\/produba.com\/?p=1185"},"modified":"2024-08-27T16:09:23","modified_gmt":"2024-08-27T19:09:23","slug":"necochea-el-municipio-brindara-capacitaciones-para-emprendedores","status":"publish","type":"post","link":"https:\/\/produba.com\/index.php\/2024\/08\/27\/necochea-el-municipio-brindara-capacitaciones-para-emprendedores\/","title":{"rendered":"Necochea: impulsan capacitaciones para emprendedores"},"content":{"rendered":"\n<h5>La Secretar\u00eda de Turismo y Desarrollo Productivo necochense anunci\u00f3 la realizaci\u00f3n de un curso de capacitaci\u00f3n en creaci\u00f3n de contenido de redes para emprendedores locales. El mismo constar\u00e1 de ocho clases presenciales y totalmente gratuitas que se comenzar\u00e1n a dictar el pr\u00f3ximo mi\u00e9rcoles 4 de septiembre.<\/h5>\n\n\n\n<p>Desde el municipio de Necochea informaron que se realizar\u00e1n una serie de capacitaciones dirigidas a emprendedores. El curso, que se iniciar\u00e1 el pr\u00f3ximo 4 de septiembre, apunta a brindarle herramientas a los productores interesados en la creaci\u00f3n de contenido para redes sociales.<\/p>\n\n\n\n<p><em>\u201cPara que los emprendedores sigan incorporando conocimientos que los ayuden a mejorar sus negocios\u201d<\/em>, la Secretar\u00eda de Turismo y Desarrollo Productivo lanz\u00f3 a trav\u00e9s de sus cuentas oficiales una nueva edici\u00f3n de su ciclo de capacitaciones, que estar\u00e1 enfocada, en esta oportunidad, en la \u201cFotograf\u00eda y creaci\u00f3n de contenido para Redes Sociales\u201d.<\/p>\n\n\n\n<p>El curso constar\u00e1 de ocho clases presenciales y totalmente gratuitas que se comenzar\u00e1n a dictar el pr\u00f3ximo mi\u00e9rcoles 4 de septiembre, por lo que las inscripciones estar\u00e1n abiertas solo hasta el viernes 30 de agosto completando un formulario al que se puede acceder escaneando el c\u00f3digo QR que aparece en las placas publicitarias; solicit\u00e1ndose a los interesados e interesadas anotarse con premura por lo limitado de los cupos.<\/p>\n\n\n\n<figure class=\"wp-block-image size-large\"><img decoding=\"async\" width=\"1024\" height=\"1024\" src=\"https:\/\/produba.com\/wp-content\/uploads\/2024\/08\/flyer-capacitaciones-emprendedores-necochea-1024x1024.jpeg\" alt=\"\" class=\"wp-image-1187\" srcset=\"https:\/\/produba.com\/wp-content\/uploads\/2024\/08\/flyer-capacitaciones-emprendedores-necochea-1024x1024.jpeg 1024w, https:\/\/produba.com\/wp-content\/uploads\/2024\/08\/flyer-capacitaciones-emprendedores-necochea-300x300.jpeg 300w, https:\/\/produba.com\/wp-content\/uploads\/2024\/08\/flyer-capacitaciones-emprendedores-necochea-150x150.jpeg 150w, https:\/\/produba.com\/wp-content\/uploads\/2024\/08\/flyer-capacitaciones-emprendedores-necochea-768x768.jpeg 768w, https:\/\/produba.com\/wp-content\/uploads\/2024\/08\/flyer-capacitaciones-emprendedores-necochea-780x780.jpeg 780w, https:\/\/produba.com\/wp-content\/uploads\/2024\/08\/flyer-capacitaciones-emprendedores-necochea-600x600.jpeg 600w, https:\/\/produba.com\/wp-content\/uploads\/2024\/08\/flyer-capacitaciones-emprendedores-necochea-550x550.jpeg 550w, https:\/\/produba.com\/wp-content\/uploads\/2024\/08\/flyer-capacitaciones-emprendedores-necochea-370x370.jpeg 370w, https:\/\/produba.com\/wp-content\/uploads\/2024\/08\/flyer-capacitaciones-emprendedores-necochea-255x255.jpeg 255w, https:\/\/produba.com\/wp-content\/uploads\/2024\/08\/flyer-capacitaciones-emprendedores-necochea.jpeg 1080w\" sizes=\"(max-width: 1024px) 100vw, 1024px\" \/><\/figure>\n\n\n\n<p>Desde la Direcci\u00f3n de Emprendimientos y Pymes, que encabeza Valeria Garrido, explicaron que los ocho encuentros se dar\u00e1n entre los mi\u00e9rcoles y viernes siguientes a la fecha de inicio en el horario de 17:30 a 19:30, con sede a confirmar.<\/p>\n\n\n\n<p>En cuanto al temario, los y las participantes adquirir\u00e1n conocimientos sobre: Creaci\u00f3n de contenidos para redes sociales (Introducci\u00f3n \u2013 Comunidad \u2013 Mi perfil \u2013 Dise\u00f1o de campa\u00f1a); y Fotograf\u00eda para redes sociales (Lineamientos b\u00e1sicos \u2013 Clases en vivo \u2013 Campa\u00f1a de comunicaci\u00f3n); requiri\u00e9ndose el 80% de asistencia para obtener el certificado de participaci\u00f3n. <\/p>\n\n\n\n<p>Adem\u00e1s, se brindar\u00e1 material en formato digital que ser\u00e1 un soporte extra que recibir\u00e1n los emprendedores y emprendedoras para afianzar los temas tratados y una fuente de consulta permanente al finalizar el curso.<\/p>\n","protected":false},"excerpt":{"rendered":"<p>La Secretar\u00eda de Turismo y Desarrollo Productivo necochense anunci\u00f3 la realizaci\u00f3n de un curso de capacitaci\u00f3n en creaci\u00f3n de contenido de redes para emprendedores locales. El mismo constar\u00e1 de ocho clases presenciales y totalmente gratuitas que se comenzar\u00e1n a dictar el pr\u00f3ximo mi\u00e9rcoles 4 de septiembre. Desde el municipio de Necochea informaron que se realizar\u00e1n &#8230;<\/p>\n","protected":false},"author":1,"featured_media":1186,"comment_status":"closed","ping_status":"closed","sticky":false,"template":"","format":"standard","meta":{"loftocean_post_format_gallery":"","loftocean_post_format_gallery_ids":"","loftocean_post_format_gallery_urls":"","loftocean_post_format_video_id":0,"loftocean_post_format_video_url":"","loftocean_post_format_video_type":"","loftocean_post_format_video":"","loftocean_post_format_audio_type":"","loftocean_post_format_audio_url":"","loftocean_post_format_audio_id":0,"loftocean_post_format_audio":"","loftocean-featured-post":"","loftocean-like-count":0,"loftocean-view-count":172,"loftocean_coauthors":"","alpaca_post_content_reading_setting":"","alpaca_reading_speed_per_minute":0,"alpaca_reading_speed_unit":"","alpaca_single_post_template_layout":""},"categories":[6,3],"tags":[32,117,253,254],"loftoceanMetas":{"readingTime":"2 minutos de lectura","authorName":"ProduBA","categories":[{"name":"Municipios","link":"https:\/\/produba.com\/index.php\/category\/municipios\/","count":382},{"name":"Producci\u00f3n","link":"https:\/\/produba.com\/index.php\/category\/produccion\/","count":405}],"date":"27 de agosto de 2024","featuredImageSRC":"https:\/\/produba.com\/wp-content\/uploads\/2024\/08\/Curso-Emprendedores-Redes-Sociales-03-150x150.jpeg"},"_links":{"self":[{"href":"https:\/\/produba.com\/index.php\/wp-json\/wp\/v2\/posts\/1185"}],"collection":[{"href":"https:\/\/produba.com\/index.php\/wp-json\/wp\/v2\/posts"}],"about":[{"href":"https:\/\/produba.com\/index.php\/wp-json\/wp\/v2\/types\/post"}],"author":[{"embeddable":true,"href":"https:\/\/produba.com\/index.php\/wp-json\/wp\/v2\/users\/1"}],"replies":[{"embeddable":true,"href":"https:\/\/produba.com\/index.php\/wp-json\/wp\/v2\/comments?post=1185"}],"version-history":[{"count":2,"href":"https:\/\/produba.com\/index.php\/wp-json\/wp\/v2\/posts\/1185\/revisions"}],"predecessor-version":[{"id":1189,"href":"https:\/\/produba.com\/index.php\/wp-json\/wp\/v2\/posts\/1185\/revisions\/1189"}],"wp:featuredmedia":[{"embeddable":true,"href":"https:\/\/produba.com\/index.php\/wp-json\/wp\/v2\/media\/1186"}],"wp:attachment":[{"href":"https:\/\/produba.com\/index.php\/wp-json\/wp\/v2\/media?parent=1185"}],"wp:term":[{"taxonomy":"category","embeddable":true,"href":"https:\/\/produba.com\/index.php\/wp-json\/wp\/v2\/categories?post=1185"},{"taxonomy":"post_tag","embeddable":true,"href":"https:\/\/produba.com\/index.php\/wp-json\/wp\/v2\/tags?post=1185"}],"curies":[{"name":"wp","href":"https:\/\/api.w.org\/{rel}","templated":true}]}}