{"id":1177,"date":"2024-08-15T14:41:12","date_gmt":"2024-08-15T17:41:12","guid":{"rendered":"https:\/\/produba.com\/?p=1177"},"modified":"2024-08-15T14:41:13","modified_gmt":"2024-08-15T17:41:13","slug":"se-presento-la-expo-olavarria-produce-2024","status":"publish","type":"post","link":"https:\/\/produba.com\/index.php\/2024\/08\/15\/se-presento-la-expo-olavarria-produce-2024\/","title":{"rendered":"Se present\u00f3 la \u201cExpo Olavarr\u00eda Produce 2024\u201d"},"content":{"rendered":"\n<h5>El intendente olavarriense y funcionarios del gobierno bonaerense participaron del lanzamiento de la exposici\u00f3n que convocar\u00e1 a referentes locales y regionales del sector industrial y empresarial. La misma se desarrollar\u00e1 en Olavarr\u00eda durante el 13 y 14 de septiembre.<\/h5>\n\n\n\n<p>En la jornada de este mi\u00e9rcoles se llev\u00f3 a cabo en la Capital Federal el lanzamiento oficial de la Expo \u201cOlavarr\u00eda Produce 2024\u201d, la primera edici\u00f3n de un evento que convocar\u00e1 en el Centro de Exposiciones del Municipio de Olavarr\u00eda a referentes del sector industrial y empresarial no s\u00f3lo de la ciudad y la regi\u00f3n, sino tambi\u00e9n de la Provincia de Buenos Aires y la Argentina. Es por ello que la presentaci\u00f3n tuvo lugar en la Casa de la Provincia, donde se dieron cita autoridades municipales, provinciales y referentes del sector industrial y empresarial.<\/p>\n\n\n\n<p>La actividad estuvo encabezada por el intendente olavarriense, Maximiliano Wesner, y la Jefa de Asesores del Gobernador de la provincia de Buenos Aires, Cristina \u00c1lvarez Rodr\u00edguez, quienes fueron adem\u00e1s los oradores de la presentaci\u00f3n oficial del evento que se desarrollar\u00e1 los d\u00edas 13 y 14 de septiembre, organizado de manera conjunta entre el Municipio, el Gobierno de la Provincia de Buenos Aires, el Consejo Federal de Inversiones (CFI), la Uni\u00f3n Industrial Olavarr\u00eda (UIO) y la Asociaci\u00f3n de Parques Industriales de Olavarr\u00eda (PIO).<\/p>\n\n\n\n<p>La expo \u201cOlavarr\u00eda Produce\u201d se plantea como un espacio de exposici\u00f3n e intercambio para contribuir al crecimiento y fortalecimiento de los sectores productivos del Partido y la regi\u00f3n, a trav\u00e9s de la promoci\u00f3n de productos y servicios, el desarrollo de networking y colaboraciones en las relaciones empresariales y comerciales, investigaciones de mercado y evaluaciones de competencia.<\/p>\n\n\n\n<figure class=\"wp-block-image size-large\"><img decoding=\"async\" width=\"1024\" height=\"682\" src=\"https:\/\/produba.com\/wp-content\/uploads\/2024\/08\/Presentacion-Olavarria-Produce-3-1024x682.jpeg\" alt=\"\" class=\"wp-image-1179\" srcset=\"https:\/\/produba.com\/wp-content\/uploads\/2024\/08\/Presentacion-Olavarria-Produce-3-1024x682.jpeg 1024w, https:\/\/produba.com\/wp-content\/uploads\/2024\/08\/Presentacion-Olavarria-Produce-3-300x200.jpeg 300w, https:\/\/produba.com\/wp-content\/uploads\/2024\/08\/Presentacion-Olavarria-Produce-3-768x512.jpeg 768w, https:\/\/produba.com\/wp-content\/uploads\/2024\/08\/Presentacion-Olavarria-Produce-3-1536x1023.jpeg 1536w, https:\/\/produba.com\/wp-content\/uploads\/2024\/08\/Presentacion-Olavarria-Produce-3-1440x959.jpeg 1440w, https:\/\/produba.com\/wp-content\/uploads\/2024\/08\/Presentacion-Olavarria-Produce-3-1200x800.jpeg 1200w, https:\/\/produba.com\/wp-content\/uploads\/2024\/08\/Presentacion-Olavarria-Produce-3-780x520.jpeg 780w, https:\/\/produba.com\/wp-content\/uploads\/2024\/08\/Presentacion-Olavarria-Produce-3-600x400.jpeg 600w, https:\/\/produba.com\/wp-content\/uploads\/2024\/08\/Presentacion-Olavarria-Produce-3-550x366.jpeg 550w, https:\/\/produba.com\/wp-content\/uploads\/2024\/08\/Presentacion-Olavarria-Produce-3-370x247.jpeg 370w, https:\/\/produba.com\/wp-content\/uploads\/2024\/08\/Presentacion-Olavarria-Produce-3-255x170.jpeg 255w, https:\/\/produba.com\/wp-content\/uploads\/2024\/08\/Presentacion-Olavarria-Produce-3.jpeg 1600w\" sizes=\"(max-width: 1024px) 100vw, 1024px\" \/><\/figure>\n\n\n\n<p><em>\u201cLa verdad que es un placer enorme poder concretar este lanzamiento tan importante para nuestro distrito, para nuestra ciudad, para nuestra querida Olavarr\u00eda\u201d<\/em>, expres\u00f3 el intendente Wesner, quien en la ocasi\u00f3n agradeci\u00f3 tambi\u00e9n al Gobierno de la Provincia de Buenos Aires, no s\u00f3lo por el acompa\u00f1amiento, sino tambi\u00e9n por poner a disposici\u00f3n la Casa de la Provincia. <em>\u201cGracias por permitirnos mostrar Olavarr\u00eda al resto de la provincia, al resto de la Argentina\u201d<\/em>, enfatiz\u00f3.<\/p>\n\n\n\n<p>A la par, agradeci\u00f3 tambi\u00e9n la participaci\u00f3n y concurrencia de actores tanto del sector p\u00fablico como privados. <em>\u201cEs permitirnos mostrar el potencial, la capacidad productiva que tenemos en nuestro territorio, en el coraz\u00f3n productivo de la provincia de Buenos Aires. Por eso cre\u00edamos que era necesario lanzar esta expo desde ac\u00e1 e invitarlos a participar de estas actividades que vamos a desarrollar en el marco del Mes de la industria\u201d<\/em>.<\/p>\n\n\n\n<p>En ese sentido, el jefe comunal detall\u00f3 el calendario de actividades enmarcadas en el mes de la industria, que se iniciar\u00e1 el 29 de agosto, en articulaci\u00f3n con el Ministerio de Producci\u00f3n de la Provincia de Buenos Aires, con una ronda de negocios que se desarrollar\u00e1 en nuestra ciudad y que convocar\u00e1 a pymes y las empresas del Partido y la regi\u00f3n. Luego, el 7 de septiembre, ser\u00e1 el momento de la tradicional Cena de la Industria, en su 25\u00b0 edici\u00f3n.<\/p>\n\n\n\n<p>En ese marco se dar\u00e1 posteriormente la Expo Olavarr\u00eda Produce, <em>\u201cno tengo dudas que va a ser un \u00e9xito. Estamos para acompa\u00f1ar. Estamos para promocionar, estamos para gestionar un Municipio que vuelva a ser la ciudad del trabajo y de la producci\u00f3n\u201d<\/em>, concluy\u00f3 el intendente de Olavarr\u00eda.<\/p>\n\n\n\n<p>La Jefa de Asesores del Gobernador de la provincia de Buenos Aires, por su parte, expres\u00f3 <em>\u201cla impronta que el gobernador Kicillof le da a la gesti\u00f3n demuestra que nosotros creemos en la sinergia virtuosa entre el sector p\u00fablico y el sector privado. Trabajando con los municipios, con el Banco Provincia y con el apoyo del CFI, seguimos invirtiendo y potenciando a los sectores productivos bonaerenses\u201d<\/em>.<\/p>\n\n\n\n<p>Vale mencionar que previo a la presentaci\u00f3n se concret\u00f3 una reuni\u00f3n de trabajo, de la que tomaron parte referentes tanto del sector p\u00fablico como del privado. En ese sentido, en representaci\u00f3n del Municipio de Olavarr\u00eda, encabezados por el intendente Wesner, participaron concurrieron la Jefa de Gabinete Mercedes Land\u00edvar, el Secretario de Desarrollo Econ\u00f3mico y Productivo Gast\u00f3n Sarachu y el Subsecretario de Empresas e Inversiones Bernardo Baldino, adem\u00e1s de concejales. <\/p>\n\n\n\n<p>Por parte del Gobierno de la Provincia de Buenos Aires concurrieron la Jefa de Asesores del Gobernador de la provincia de Buenos Aires Cristina \u00c1lvarez Rodr\u00edguez, el Director Provincial de Desarrollo Productivo Facundo Pistola, y Santiago Iorio, Director Provincial de Desarrollo Territorial y PYMES, pertenecientes a Ministerio de Producci\u00f3n, Ciencia e Innovaci\u00f3n Tecnol\u00f3gica de la provincia de Buenos Aires. A la par, tambi\u00e9n asistieron representante de Banco Provincia, el diputado provincial Mart\u00edn Endere y el rector de la UNICEN Marcelo Aba. <\/p>\n\n\n\n<figure class=\"wp-block-image size-large\"><img decoding=\"async\" width=\"1024\" height=\"683\" src=\"https:\/\/produba.com\/wp-content\/uploads\/2024\/08\/Presentacion-Olavarria-Produce-2-1024x683.jpeg\" alt=\"\" class=\"wp-image-1180\" srcset=\"https:\/\/produba.com\/wp-content\/uploads\/2024\/08\/Presentacion-Olavarria-Produce-2-1024x683.jpeg 1024w, https:\/\/produba.com\/wp-content\/uploads\/2024\/08\/Presentacion-Olavarria-Produce-2-300x200.jpeg 300w, https:\/\/produba.com\/wp-content\/uploads\/2024\/08\/Presentacion-Olavarria-Produce-2-768x512.jpeg 768w, https:\/\/produba.com\/wp-content\/uploads\/2024\/08\/Presentacion-Olavarria-Produce-2-1536x1024.jpeg 1536w, https:\/\/produba.com\/wp-content\/uploads\/2024\/08\/Presentacion-Olavarria-Produce-2-1440x960.jpeg 1440w, https:\/\/produba.com\/wp-content\/uploads\/2024\/08\/Presentacion-Olavarria-Produce-2-1200x800.jpeg 1200w, https:\/\/produba.com\/wp-content\/uploads\/2024\/08\/Presentacion-Olavarria-Produce-2-780x520.jpeg 780w, https:\/\/produba.com\/wp-content\/uploads\/2024\/08\/Presentacion-Olavarria-Produce-2-600x400.jpeg 600w, https:\/\/produba.com\/wp-content\/uploads\/2024\/08\/Presentacion-Olavarria-Produce-2-550x367.jpeg 550w, https:\/\/produba.com\/wp-content\/uploads\/2024\/08\/Presentacion-Olavarria-Produce-2-370x247.jpeg 370w, https:\/\/produba.com\/wp-content\/uploads\/2024\/08\/Presentacion-Olavarria-Produce-2-255x170.jpeg 255w, https:\/\/produba.com\/wp-content\/uploads\/2024\/08\/Presentacion-Olavarria-Produce-2.jpeg 1600w\" sizes=\"(max-width: 1024px) 100vw, 1024px\" \/><\/figure>\n\n\n\n<p>Del sector empresarial estuvieron C\u00e9sar Longo (Presidente UIO \u2013 Uni\u00f3n Industrial de Olavarr\u00eda), Marcos Cavilla (VicePresidente PIO- Parque Industrial de Olavarr\u00eda), Mario Giacomaso (Bision IT Solutions y Cluster IT), Jos\u00e9 Alfredo Pizone (Canteras Piatti), Alberto Miotti (Coopelectric), Soledad Ruvira (ACA \u2013 Asociaci\u00f3n de Cooperativas Argentinas), -Santiago Hardoy (Techint), Sebasti\u00e1n Heller (Cementos Avellaneda), Mercedes Sorrentino (Cerro Negro), Fernando Caride (Cerro Negro), Luciano Baubin (de Loma Negra), Hern\u00e1n Rozziti (de Acindar) y Lucas M\u00e9ndez Tronge (PCR, Petroqu\u00edmica Comodoro Rivadavia).<\/p>\n","protected":false},"excerpt":{"rendered":"<p>El intendente olavarriense y funcionarios del gobierno bonaerense participaron del lanzamiento de la exposici\u00f3n que convocar\u00e1 a referentes locales y regionales del sector industrial y empresarial. La misma se desarrollar\u00e1 en Olavarr\u00eda durante el 13 y 14 de septiembre. En la jornada de este mi\u00e9rcoles se llev\u00f3 a cabo en la Capital Federal el lanzamiento &#8230;<\/p>\n","protected":false},"author":1,"featured_media":1178,"comment_status":"closed","ping_status":"closed","sticky":false,"template":"","format":"standard","meta":{"loftocean_post_format_gallery":"","loftocean_post_format_gallery_ids":"","loftocean_post_format_gallery_urls":"","loftocean_post_format_video_id":0,"loftocean_post_format_video_url":"","loftocean_post_format_video_type":"","loftocean_post_format_video":"","loftocean_post_format_audio_type":"","loftocean_post_format_audio_url":"","loftocean_post_format_audio_id":0,"loftocean_post_format_audio":"","loftocean-featured-post":"","loftocean-like-count":0,"loftocean-view-count":185,"loftocean_coauthors":"","alpaca_post_content_reading_setting":"","alpaca_reading_speed_per_minute":0,"alpaca_reading_speed_unit":"","alpaca_single_post_template_layout":""},"categories":[4,6,3],"tags":[250,171,244,58,41],"loftoceanMetas":{"readingTime":"3 minutos de lectura","authorName":"ProduBA","categories":[{"name":"Desarrollo Local","link":"https:\/\/produba.com\/index.php\/category\/desarrollo_local\/","count":200},{"name":"Municipios","link":"https:\/\/produba.com\/index.php\/category\/municipios\/","count":382},{"name":"Producci\u00f3n","link":"https:\/\/produba.com\/index.php\/category\/produccion\/","count":405}],"date":"15 de agosto de 2024","featuredImageSRC":"https:\/\/produba.com\/wp-content\/uploads\/2024\/08\/Presentacion-Olavarria-Produce-150x150.jpeg"},"_links":{"self":[{"href":"https:\/\/produba.com\/index.php\/wp-json\/wp\/v2\/posts\/1177"}],"collection":[{"href":"https:\/\/produba.com\/index.php\/wp-json\/wp\/v2\/posts"}],"about":[{"href":"https:\/\/produba.com\/index.php\/wp-json\/wp\/v2\/types\/post"}],"author":[{"embeddable":true,"href":"https:\/\/produba.com\/index.php\/wp-json\/wp\/v2\/users\/1"}],"replies":[{"embeddable":true,"href":"https:\/\/produba.com\/index.php\/wp-json\/wp\/v2\/comments?post=1177"}],"version-history":[{"count":1,"href":"https:\/\/produba.com\/index.php\/wp-json\/wp\/v2\/posts\/1177\/revisions"}],"predecessor-version":[{"id":1181,"href":"https:\/\/produba.com\/index.php\/wp-json\/wp\/v2\/posts\/1177\/revisions\/1181"}],"wp:featuredmedia":[{"embeddable":true,"href":"https:\/\/produba.com\/index.php\/wp-json\/wp\/v2\/media\/1178"}],"wp:attachment":[{"href":"https:\/\/produba.com\/index.php\/wp-json\/wp\/v2\/media?parent=1177"}],"wp:term":[{"taxonomy":"category","embeddable":true,"href":"https:\/\/produba.com\/index.php\/wp-json\/wp\/v2\/categories?post=1177"},{"taxonomy":"post_tag","embeddable":true,"href":"https:\/\/produba.com\/index.php\/wp-json\/wp\/v2\/tags?post=1177"}],"curies":[{"name":"wp","href":"https:\/\/api.w.org\/{rel}","templated":true}]}}