{"id":1135,"date":"2024-07-21T12:14:58","date_gmt":"2024-07-21T15:14:58","guid":{"rendered":"https:\/\/produba.com\/?p=1135"},"modified":"2024-07-21T12:15:46","modified_gmt":"2024-07-21T15:15:46","slug":"con-fiesta-incluida-buscan-fortalecer-la-produccion-de-alfajores-en-la-costa","status":"publish","type":"post","link":"https:\/\/produba.com\/index.php\/2024\/07\/21\/con-fiesta-incluida-buscan-fortalecer-la-produccion-de-alfajores-en-la-costa\/","title":{"rendered":"Con fiesta incluida, buscan fortalecer la producci\u00f3n de alfajores en La Costa"},"content":{"rendered":"\n<h5>La realizaci\u00f3n de la 10\u00aa Fiesta del Alfajor Costero en Mar del Tuy\u00fa sirvi\u00f3 como corolario para destacar el empuje que, desde el ejecutivo municipal, se busca imprimir a la industria alfajorera local. M\u00e1s de 30 emprendedores locales expondr\u00e1n sus productores al p\u00fablico costero y turistas que visitan el distrito por vacaciones de invierno<\/h5>\n\n\n\n<p>Este fin de semana, durante el s\u00e1bado 20 y el domingo 21 de julio, se lleva a cabo en el Partido de La Costa de la 10\u00aa Fiesta Provincial del Alfajor Costero, impulsada por la Municipalidad gracias al permanente di\u00e1logo con el distrito alfajorero. Durante las dos jornadas, m\u00e1s de 30 productores locales de alfajores expondr\u00e1n sus productos al p\u00fablico en el Club Social, Cultural y Deportivo Mar del Tuy\u00fa, ubicado en Calle 81 esquina 2.<\/p>\n\n\n\n<p>D\u00edas atr\u00e1s, luego de realizarse la primera Convocatoria Abierta a los Productores de Alfajores y Chocolates promovida por la Secretar\u00eda de Producci\u00f3n, Empleo y Trabajo del Partido de La Costa, a cargo de Martin Poustis, se dio a conocer un informe diagn\u00f3stico del sector. El mencionado trabajo arroja datos esenciales para conocer c\u00f3mo el entramado productivo local contribuye significativamente a la econom\u00eda local y al turismo.<\/p>\n\n\n\n<p>Del informe se desprende que los alfajores son el principal producto fabricado, entre los tipos de productos ofrecidos como chocolates, pasteler\u00eda y afines; gracias a la demanda de los turistas, lo que refleja la tradici\u00f3n y popularidad de este dulce en la regi\u00f3n.<\/p>\n\n\n\n<p>Desde el ejecutivo municipal destac\u00f3 que, desde la Secretar\u00eda de Producci\u00f3n, Empleo y Trabajo, se acompa\u00f1a a los productores en su formalizaci\u00f3n y crecimiento, para hacer de este producto una oferta gastron\u00f3mica identitaria de calidad del Municipio de la Costa, que contribuya al desarrollo econ\u00f3mico local mediante la creaci\u00f3n de empleo y la utilizaci\u00f3n de recursos locales.<\/p>\n\n\n\n<figure class=\"wp-block-image size-full\"><img decoding=\"async\" width=\"960\" height=\"540\" src=\"https:\/\/produba.com\/wp-content\/uploads\/2024\/07\/fiesta-alfajor-costero-posta.jpg\" alt=\"\" class=\"wp-image-1137\" srcset=\"https:\/\/produba.com\/wp-content\/uploads\/2024\/07\/fiesta-alfajor-costero-posta.jpg 960w, https:\/\/produba.com\/wp-content\/uploads\/2024\/07\/fiesta-alfajor-costero-posta-300x169.jpg 300w, https:\/\/produba.com\/wp-content\/uploads\/2024\/07\/fiesta-alfajor-costero-posta-768x432.jpg 768w, https:\/\/produba.com\/wp-content\/uploads\/2024\/07\/fiesta-alfajor-costero-posta-780x439.jpg 780w, https:\/\/produba.com\/wp-content\/uploads\/2024\/07\/fiesta-alfajor-costero-posta-600x338.jpg 600w, https:\/\/produba.com\/wp-content\/uploads\/2024\/07\/fiesta-alfajor-costero-posta-550x309.jpg 550w, https:\/\/produba.com\/wp-content\/uploads\/2024\/07\/fiesta-alfajor-costero-posta-370x208.jpg 370w, https:\/\/produba.com\/wp-content\/uploads\/2024\/07\/fiesta-alfajor-costero-posta-255x143.jpg 255w\" sizes=\"(max-width: 960px) 100vw, 960px\" \/><\/figure>\n\n\n\n<p>Tambi\u00e9n, se pudo establecer que el panorama de los productores de alfajores y afines en La Costa es diverso y din\u00e1mico, con una fuerte presencia de Productores artesanales y PyMEs. De los cuales 13 (trece) cuentan con un tipo de producci\u00f3n artesanal, a escala familiar y venta en ferias y\/o mercados. Mientras que 26 (veintis\u00e9is) se consolidan como una PyMe con una mayor escala de producci\u00f3n y cuentan con locales comerciales habilitados. <\/p>\n\n\n\n<p>El informe mencionado destaca que la mayor concentraci\u00f3n de productores se encuentra en la localidad de Santa Teresita, con un total de 12 productores; le sigue Mar de Aj\u00f3 con un total de 9; San Bernardo y San Clemente del Tuy\u00fa cuentan con 4 productores cada una. En tanto, que Mar del Tuy\u00fa y Las Toninas tienen 3 productores; mientras que La Lucila del Mar y Nueva Atlantis cuentan con un productor por localidad.<\/p>\n","protected":false},"excerpt":{"rendered":"<p>La realizaci\u00f3n de la 10\u00aa Fiesta del Alfajor Costero en Mar del Tuy\u00fa sirvi\u00f3 como corolario para destacar el empuje que, desde el ejecutivo municipal, se busca imprimir a la industria alfajorera local. M\u00e1s de 30 emprendedores locales expondr\u00e1n sus productores al p\u00fablico costero y turistas que visitan el distrito por vacaciones de invierno Este &#8230;<\/p>\n","protected":false},"author":1,"featured_media":1136,"comment_status":"closed","ping_status":"closed","sticky":false,"template":"","format":"standard","meta":{"loftocean_post_format_gallery":"","loftocean_post_format_gallery_ids":"","loftocean_post_format_gallery_urls":"","loftocean_post_format_video_id":0,"loftocean_post_format_video_url":"","loftocean_post_format_video_type":"","loftocean_post_format_video":"","loftocean_post_format_audio_type":"","loftocean_post_format_audio_url":"","loftocean_post_format_audio_id":0,"loftocean_post_format_audio":"","loftocean-featured-post":"","loftocean-like-count":0,"loftocean-view-count":181,"loftocean_coauthors":"","alpaca_post_content_reading_setting":"","alpaca_reading_speed_per_minute":0,"alpaca_reading_speed_unit":"","alpaca_single_post_template_layout":""},"categories":[4,6,3],"tags":[117,239,242,241,240],"loftoceanMetas":{"readingTime":"2 minutos de lectura","authorName":"ProduBA","categories":[{"name":"Desarrollo Local","link":"https:\/\/produba.com\/index.php\/category\/desarrollo_local\/","count":196},{"name":"Municipios","link":"https:\/\/produba.com\/index.php\/category\/municipios\/","count":379},{"name":"Producci\u00f3n","link":"https:\/\/produba.com\/index.php\/category\/produccion\/","count":401}],"date":"21 de julio de 2024","featuredImageSRC":"https:\/\/produba.com\/wp-content\/uploads\/2024\/07\/fiesta-alfajor-costero-1-150x150.jpeg"},"_links":{"self":[{"href":"https:\/\/produba.com\/index.php\/wp-json\/wp\/v2\/posts\/1135"}],"collection":[{"href":"https:\/\/produba.com\/index.php\/wp-json\/wp\/v2\/posts"}],"about":[{"href":"https:\/\/produba.com\/index.php\/wp-json\/wp\/v2\/types\/post"}],"author":[{"embeddable":true,"href":"https:\/\/produba.com\/index.php\/wp-json\/wp\/v2\/users\/1"}],"replies":[{"embeddable":true,"href":"https:\/\/produba.com\/index.php\/wp-json\/wp\/v2\/comments?post=1135"}],"version-history":[{"count":2,"href":"https:\/\/produba.com\/index.php\/wp-json\/wp\/v2\/posts\/1135\/revisions"}],"predecessor-version":[{"id":1139,"href":"https:\/\/produba.com\/index.php\/wp-json\/wp\/v2\/posts\/1135\/revisions\/1139"}],"wp:featuredmedia":[{"embeddable":true,"href":"https:\/\/produba.com\/index.php\/wp-json\/wp\/v2\/media\/1136"}],"wp:attachment":[{"href":"https:\/\/produba.com\/index.php\/wp-json\/wp\/v2\/media?parent=1135"}],"wp:term":[{"taxonomy":"category","embeddable":true,"href":"https:\/\/produba.com\/index.php\/wp-json\/wp\/v2\/categories?post=1135"},{"taxonomy":"post_tag","embeddable":true,"href":"https:\/\/produba.com\/index.php\/wp-json\/wp\/v2\/tags?post=1135"}],"curies":[{"name":"wp","href":"https:\/\/api.w.org\/{rel}","templated":true}]}}